{"id":58466,"date":"2024-11-12T22:43:04","date_gmt":"2024-11-12T22:43:04","guid":{"rendered":"https:\/\/tvbrazilusa.com\/2024\/11\/12\/blumenthal-estabelece-prioridades-legislativas-antes-do-proximo-mandato-de-trump\/"},"modified":"2024-11-12T22:51:53","modified_gmt":"2024-11-12T22:51:53","slug":"blumenthal-estabelece-prioridades-legislativas-antes-do-proximo-mandato-de-trump","status":"publish","type":"post","link":"https:\/\/tvbrazilusa.com\/pt\/2024\/11\/12\/blumenthal-estabelece-prioridades-legislativas-antes-do-proximo-mandato-de-trump\/","title":{"rendered":"Blumenthal estabelece prioridades legislativas antes do pr\u00f3ximo mandato de Trump"},"content":{"rendered":"<script async src=\"https:\/\/pagead2.googlesyndication.com\/pagead\/js\/adsbygoogle.js?client=ca-pub-8864793242727901\"\r\n     crossorigin=\"anonymous\"><\/script>\n<p>HARTFORD, Connecticut (WTNH) \u2013 O senador dos EUA Richard Blumenthal (D-Conn.) est\u00e1 expondo suas prioridades antes do pr\u00f3ximo governo Trump.<\/p>\n<p>Blumenthal realizou uma reuni\u00e3o informativa na manh\u00e3 de ter\u00e7a-feira para discutir seus objetivos enquanto os democratas se preparam para perder o controle do Senado e da C\u00e2mara.<\/p>\n<div class=\"nlp-ignore-block article-content rich-text\">\n<aside class=\"promo-link\">\n\t<a href=\"https:\/\/www.wtnh.com\/news\/politics\/ap-here-are-the-people-trump-has-picked-for-key-positions-so-far\/?ipid=promo-link-block1\" class=\"promo-link__link\"><\/p>\n<p>\t\tAqui est\u00e3o as pessoas que Trump escolheu para posi\u00e7\u00f5es-chave at\u00e9 agora\t<\/a><br \/>\n<\/aside>\n<\/div>\n<p>Ele disse que uma das quest\u00f5es mais importantes \u00e9 proteger as crian\u00e7as online. Ele est\u00e1 pedindo que a C\u00e2mara, agora controlada pelos republicanos, aprove a Lei de Seguran\u00e7a Online para Crian\u00e7as, um projeto bipartid\u00e1rio que foi aprovado pela primeira vez no Senado em julho.<\/p>\n<p>\u201cChegou a hora de as redes sociais serem responsabilizadas pelos danos que causam\u201d, disse Blumenthal.<\/p>\n<p>Ele tamb\u00e9m est\u00e1 pedindo ao Congresso que aprove legisla\u00e7\u00e3o para fornecer mais ajuda \u00e0 Ucr\u00e2nia na sua guerra contra a R\u00fassia e que aprove a Lei de Autoriza\u00e7\u00e3o de Defesa Nacional.<\/p>\n<p><br \/>\n<br \/><a href=\"https:\/\/www.wtnh.com\/news\/politics\/blumenthal-lays-out-legislative-priorities-ahead-of-trumps-next-term\/\">Source link <\/a><\/p>","protected":false},"excerpt":{"rendered":"<p>HARTFORD, Connecticut (WTNH) \u2013 O senador dos EUA Richard Blumenthal (D-Conn.) est\u00e1 expondo suas prioridades antes do pr\u00f3ximo governo Trump. Blumenthal realizou uma reuni\u00e3o informativa na manh\u00e3 de ter\u00e7a-feira para&hellip;<\/p>","protected":false},"author":1,"featured_media":58467,"comment_status":"closed","ping_status":"open","sticky":false,"template":"","format":"standard","meta":{"content-type":"","footnotes":""},"categories":[1],"tags":[],"class_list":["post-58466","post","type-post","status-publish","format-standard","has-post-thumbnail","hentry","category-uncategorized"],"_links":{"self":[{"href":"https:\/\/tvbrazilusa.com\/pt\/wp-json\/wp\/v2\/posts\/58466","targetHints":{"allow":["GET"]}}],"collection":[{"href":"https:\/\/tvbrazilusa.com\/pt\/wp-json\/wp\/v2\/posts"}],"about":[{"href":"https:\/\/tvbrazilusa.com\/pt\/wp-json\/wp\/v2\/types\/post"}],"author":[{"embeddable":true,"href":"https:\/\/tvbrazilusa.com\/pt\/wp-json\/wp\/v2\/users\/1"}],"replies":[{"embeddable":true,"href":"https:\/\/tvbrazilusa.com\/pt\/wp-json\/wp\/v2\/comments?post=58466"}],"version-history":[{"count":1,"href":"https:\/\/tvbrazilusa.com\/pt\/wp-json\/wp\/v2\/posts\/58466\/revisions"}],"predecessor-version":[{"id":58468,"href":"https:\/\/tvbrazilusa.com\/pt\/wp-json\/wp\/v2\/posts\/58466\/revisions\/58468"}],"wp:featuredmedia":[{"embeddable":true,"href":"https:\/\/tvbrazilusa.com\/pt\/wp-json\/wp\/v2\/media\/58467"}],"wp:attachment":[{"href":"https:\/\/tvbrazilusa.com\/pt\/wp-json\/wp\/v2\/media?parent=58466"}],"wp:term":[{"taxonomy":"category","embeddable":true,"href":"https:\/\/tvbrazilusa.com\/pt\/wp-json\/wp\/v2\/categories?post=58466"},{"taxonomy":"post_tag","embeddable":true,"href":"https:\/\/tvbrazilusa.com\/pt\/wp-json\/wp\/v2\/tags?post=58466"}],"curies":[{"name":"wp","href":"https:\/\/api.w.org\/{rel}","templated":true}]}}