{"id":58472,"date":"2024-11-12T23:01:48","date_gmt":"2024-11-12T23:01:48","guid":{"rendered":"https:\/\/tvbrazilusa.com\/2024\/11\/12\/delegado-revela-motivo-de-morte-de-cantora-trans\/"},"modified":"2024-11-12T23:01:49","modified_gmt":"2024-11-12T23:01:49","slug":"delegado-revela-motivo-de-morte-de-cantora-trans","status":"publish","type":"post","link":"https:\/\/tvbrazilusa.com\/pt\/2024\/11\/12\/delegado-revela-motivo-de-morte-de-cantora-trans\/","title":{"rendered":"Delegado revela motivo de morte de cantora Trans"},"content":{"rendered":"<p> <script async src=\"https:\/\/pagead2.googlesyndication.com\/pagead\/js\/adsbygoogle.js?client=ca-pub-8864793242727901\"\r\n     crossorigin=\"anonymous\"><\/script><br \/>\n<\/p>\n<div id=\"taboola-read-more\" style=\"display:block; width:100%\">\n<p>Investiga\u00e7\u00f5es sobre a morte da cantora e ex-candidata a vereadora transexual Santrosa, em Sinop, no interior do Mato Grosso, d\u00e3o conta que o assassinato ocorreu porque a v\u00edtima n\u00e3o obedeceu a uma ordem do Comando Vermelho (CV). Segundo a Pol\u00edcia Civil, a jovem vendia droga sint\u00e9tica sem o consentimento da fac\u00e7\u00e3o.\n<\/p>\n<p>\u201cTemos comprova\u00e7\u00e3o de que a v\u00edtima estava vendendo droga sint\u00e9tica. [Membros do CV] mandaram parar. N\u00e3o parou. E a\u00ed pegaram ela\u201d, disse o delegado Br\u00e1ulio Junqueira, em entrevista ao Band.com.br.<\/p>\n<p>Lotado na Delegacia de Homic\u00eddios e Prote\u00e7\u00e3o \u00e0 Pessoa (DHPP), em Sinop, Junqueira descartou a possibilidade de crime motivado por transfobia. Agora, as autoridades atuam para identificar os autores do assassinato.\n<\/p>\n<p>O corpo de Santrosa foi encontrado com p\u00e9s e m\u00e3os amarrados e a cabe\u00e7a decapitada, no \u00faltimo domingo. Com 27 anos, a artista chegou a concorrer ao cargo de vereadora nas \u00faltimas elei\u00e7\u00f5es pelo PSDB. N\u00e3o foi eleita, mas virou suplente.\n<\/p>\n<p>Santrosa estava desaparecida desde s\u00e1bado (9) e faria um show naquela noite, mas n\u00e3o foi ao evento. A cantora defendia pautas pol\u00edticas direcionadas a comunidade perif\u00e9rica e LGBTQIA+ de Sinop.\n<\/p>\n<p>Fonte: Band.Uol              <\/p>\n<\/div>\n<p><br \/>\n<br \/><a href=\"https:\/\/diariodobrasilnoticias.com.br\/noticia\/delegado-afirma-que-cantora-trans-foi-morta-por-vender-drogas-sem-autorizacao-do-cv-6733c8e60289e\">Source link <\/a><\/p>","protected":false},"excerpt":{"rendered":"<p>Investiga\u00e7\u00f5es sobre a morte da cantora e ex-candidata a vereadora transexual Santrosa, em Sinop, no interior do Mato Grosso, d\u00e3o conta que o assassinato ocorreu porque a v\u00edtima n\u00e3o obedeceu&hellip;<\/p>","protected":false},"author":1,"featured_media":58473,"comment_status":"closed","ping_status":"open","sticky":false,"template":"","format":"standard","meta":{"content-type":"","footnotes":""},"categories":[16],"tags":[123,2448,5313,1267],"class_list":["post-58472","post","type-post","status-publish","format-standard","has-post-thumbnail","hentry","category-noticias","tag-brasil","tag-diario","tag-noticia","tag-noticias"],"_links":{"self":[{"href":"https:\/\/tvbrazilusa.com\/pt\/wp-json\/wp\/v2\/posts\/58472","targetHints":{"allow":["GET"]}}],"collection":[{"href":"https:\/\/tvbrazilusa.com\/pt\/wp-json\/wp\/v2\/posts"}],"about":[{"href":"https:\/\/tvbrazilusa.com\/pt\/wp-json\/wp\/v2\/types\/post"}],"author":[{"embeddable":true,"href":"https:\/\/tvbrazilusa.com\/pt\/wp-json\/wp\/v2\/users\/1"}],"replies":[{"embeddable":true,"href":"https:\/\/tvbrazilusa.com\/pt\/wp-json\/wp\/v2\/comments?post=58472"}],"version-history":[{"count":1,"href":"https:\/\/tvbrazilusa.com\/pt\/wp-json\/wp\/v2\/posts\/58472\/revisions"}],"predecessor-version":[{"id":58474,"href":"https:\/\/tvbrazilusa.com\/pt\/wp-json\/wp\/v2\/posts\/58472\/revisions\/58474"}],"wp:featuredmedia":[{"embeddable":true,"href":"https:\/\/tvbrazilusa.com\/pt\/wp-json\/wp\/v2\/media\/58473"}],"wp:attachment":[{"href":"https:\/\/tvbrazilusa.com\/pt\/wp-json\/wp\/v2\/media?parent=58472"}],"wp:term":[{"taxonomy":"category","embeddable":true,"href":"https:\/\/tvbrazilusa.com\/pt\/wp-json\/wp\/v2\/categories?post=58472"},{"taxonomy":"post_tag","embeddable":true,"href":"https:\/\/tvbrazilusa.com\/pt\/wp-json\/wp\/v2\/tags?post=58472"}],"curies":[{"name":"wp","href":"https:\/\/api.w.org\/{rel}","templated":true}]}}