{"id":58524,"date":"2024-11-13T00:33:27","date_gmt":"2024-11-13T00:33:27","guid":{"rendered":"https:\/\/tvbrazilusa.com\/2024\/11\/13\/governo-lula-quer-cortar-bilhoes-de-reais-das-aposentadorias-do-militares\/"},"modified":"2024-11-13T00:33:28","modified_gmt":"2024-11-13T00:33:28","slug":"governo-lula-quer-cortar-bilhoes-de-reais-das-aposentadorias-do-militares","status":"publish","type":"post","link":"https:\/\/tvbrazilusa.com\/pt\/2024\/11\/13\/governo-lula-quer-cortar-bilhoes-de-reais-das-aposentadorias-do-militares\/","title":{"rendered":"Governo Lula quer cortar bilh\u00f5es de reais das aposentadorias do militares"},"content":{"rendered":"<p> <script async src=\"https:\/\/pagead2.googlesyndication.com\/pagead\/js\/adsbygoogle.js?client=ca-pub-8864793242727901\"\r\n     crossorigin=\"anonymous\"><\/script><br \/>\n<\/p>\n<div id=\"taboola-read-more\" style=\"display:block; width:100%\">\n<p>O sistema previdenci\u00e1rio dos militares entrou na mira do governo do presidente Luiz In\u00e1cio Lula da Silva (PT), que vive nas \u00faltimas semanas uma verdadeira ca\u00e7a \u00e0s bruxas para engordar o seu pacote de corte de gastos.\n<\/p>\n<p>O regime especial virou um alvo f\u00e1cil do governo, pois uma interven\u00e7\u00e3o pode ser balizada por um relat\u00f3rio do TCU (Tribunal de Contas da Uni\u00e3o) que diz que o regime de aposentadorias dos militares \u00e9 o 2\u00ba mais deficit\u00e1rio entre os sistemas previdenci\u00e1rios administrados pela Uni\u00e3o, quando comparadas receitas e despesas, cobrindo s\u00f3 15% do total. A propor\u00e7\u00e3o s\u00f3 \u00e9 maior do que a fundo de funcion\u00e1rios de seguran\u00e7a do Distrito Federal (10%), mas esse sistema movimenta valores muito menores.<\/p>\n<p>Segundo um documento da Corte de Contas enviado ao Congresso em junho deste ano, o SPSMFA (Sistema de Prote\u00e7\u00e3o Social dos Militares das For\u00e7as Armadas) causou um preju\u00edzo aos cofres p\u00fablicos de R$ 49,7 bilh\u00f5es em 2023.\n<\/p>\n<p>\u00c9 um deficit inferior ao do RGPS (Regime Geral de Previd\u00eancia Social) e o RPPS (Regime Pr\u00f3prio de Previd\u00eancia Social), mas quando se analisa a arrecada\u00e7\u00e3o de cada fundo previdenci\u00e1rio, os militares t\u00eam a maior propor\u00e7\u00e3o deficit\/receita entre os 3 principais fundos administrados pela Uni\u00e3o.\n<\/p>\n<p>O relat\u00f3rio do TCU faz um balan\u00e7o de todas as contas da Uni\u00e3o em 2023. No per\u00edodo, o regime dos militares apresentou uma despesa de R$ 58,8 bilh\u00f5es. As receitas, por outro lado, foram de R$ 9,1 bilh\u00f5es. Ou seja, a conta fecha no preju\u00edzo de R$ 49,7 bilh\u00f5es, com as receitas do fundo cobrindo somente 15,4% das despesas.\n<\/p>\n<p>O Executivo quer encorpar sua revis\u00e3o de despesas para tranquilizar o mercado, ao mesmo tempo em que \u00e9 bombardeado por movimentos sociais que criticam os rumores de cortes em benef\u00edcios sociais. Nessa equa\u00e7\u00e3o, pode sobrar para os militares, que ter\u00e3o talvez o maior corte previdenci\u00e1rio entre todas as op\u00e7\u00f5es na mesa do governo.\n<\/p>\n<p>DEFESA X FAZENDA<br \/>Como mostrou o Poder360, o martelo deve ser batido na 4\u00aa feira (13.nov.2024) depois de reuni\u00e3o da equipe da Fazenda com integrantes do Minist\u00e9rio da Defesa.\n<\/p>\n<p>No encontro, o ministro da Defesa, Jos\u00e9 M\u00facio, deve ser confrontado com o relat\u00f3rio do TCU e ouvir\u00e1 que esse deficit precisar\u00e1 ser reduzido para encorpar o pacote de gastos prometido pelo ministro da Fazenda, Fernando Haddad.\n<\/p>\n<p>Haver\u00e1 grande resist\u00eancia nas For\u00e7as Armadas e possivelmente esse tipo de mudan\u00e7a s\u00f3 possa ser poss\u00edvel para novos militares que ingressarem na carreira. Dessa forma, o impacto da economia s\u00f3 seria sentido ao longo de muitos anos, e n\u00e3o agora.\n<\/p>\n<p>Fonte: Poder 360              <\/p>\n<\/div>\n<p><br \/>\n<br \/><a href=\"https:\/\/diariodobrasilnoticias.com.br\/noticia\/governo-lula-quer-cortar-bilhoes-de-reais-das-aposentadorias-do-militares-6733d2036788d\">Source link <\/a><\/p>","protected":false},"excerpt":{"rendered":"<p>O sistema previdenci\u00e1rio dos militares entrou na mira do governo do presidente Luiz In\u00e1cio Lula da Silva (PT), que vive nas \u00faltimas semanas uma verdadeira ca\u00e7a \u00e0s bruxas para engordar&hellip;<\/p>","protected":false},"author":1,"featured_media":58525,"comment_status":"closed","ping_status":"open","sticky":false,"template":"","format":"standard","meta":{"content-type":"","footnotes":""},"categories":[16],"tags":[123,2448,5313,1267],"class_list":["post-58524","post","type-post","status-publish","format-standard","has-post-thumbnail","hentry","category-noticias","tag-brasil","tag-diario","tag-noticia","tag-noticias"],"_links":{"self":[{"href":"https:\/\/tvbrazilusa.com\/pt\/wp-json\/wp\/v2\/posts\/58524","targetHints":{"allow":["GET"]}}],"collection":[{"href":"https:\/\/tvbrazilusa.com\/pt\/wp-json\/wp\/v2\/posts"}],"about":[{"href":"https:\/\/tvbrazilusa.com\/pt\/wp-json\/wp\/v2\/types\/post"}],"author":[{"embeddable":true,"href":"https:\/\/tvbrazilusa.com\/pt\/wp-json\/wp\/v2\/users\/1"}],"replies":[{"embeddable":true,"href":"https:\/\/tvbrazilusa.com\/pt\/wp-json\/wp\/v2\/comments?post=58524"}],"version-history":[{"count":1,"href":"https:\/\/tvbrazilusa.com\/pt\/wp-json\/wp\/v2\/posts\/58524\/revisions"}],"predecessor-version":[{"id":58526,"href":"https:\/\/tvbrazilusa.com\/pt\/wp-json\/wp\/v2\/posts\/58524\/revisions\/58526"}],"wp:featuredmedia":[{"embeddable":true,"href":"https:\/\/tvbrazilusa.com\/pt\/wp-json\/wp\/v2\/media\/58525"}],"wp:attachment":[{"href":"https:\/\/tvbrazilusa.com\/pt\/wp-json\/wp\/v2\/media?parent=58524"}],"wp:term":[{"taxonomy":"category","embeddable":true,"href":"https:\/\/tvbrazilusa.com\/pt\/wp-json\/wp\/v2\/categories?post=58524"},{"taxonomy":"post_tag","embeddable":true,"href":"https:\/\/tvbrazilusa.com\/pt\/wp-json\/wp\/v2\/tags?post=58524"}],"curies":[{"name":"wp","href":"https:\/\/api.w.org\/{rel}","templated":true}]}}