{"id":58527,"date":"2024-11-13T00:38:32","date_gmt":"2024-11-13T00:38:32","guid":{"rendered":"https:\/\/tvbrazilusa.com\/2024\/11\/13\/trump-nomeia-pete-hegseth-apresentador-da-fox-news-para-secretario-de-defesa\/"},"modified":"2024-11-13T00:40:20","modified_gmt":"2024-11-13T00:40:20","slug":"trump-nomeia-pete-hegseth-apresentador-da-fox-news-para-secretario-de-defesa","status":"publish","type":"post","link":"https:\/\/tvbrazilusa.com\/pt\/2024\/11\/13\/trump-nomeia-pete-hegseth-apresentador-da-fox-news-para-secretario-de-defesa\/","title":{"rendered":"Trump nomeia Pete Hegseth, apresentador da Fox News, para secret\u00e1rio de Defesa"},"content":{"rendered":"<p> <script async src=\"https:\/\/pagead2.googlesyndication.com\/pagead\/js\/adsbygoogle.js?client=ca-pub-8864793242727901\"\r\n     crossorigin=\"anonymous\"><\/script><br \/>\n<\/p>\n<div id=\"\">\n<header class=\"m-article-header m-article-header--standard\">\n\t\t\t\t\t\t\t\t\t\t\t\t<span id=\"article-header-primary-term\"><br \/>\n\t\t\t\t\t\t\t\t<a class=\"a-term a-term--primary\" href=\"https:\/\/www.boston.com\/tag\/politics\/\"><\/p>\n<p>\t\t\t\t\t\t\t\tPol\u00edtica\t\t\t\t\t\t\t\t<\/a><br \/>\n\t\t\t\t\t\t\t<\/span><\/p>\n<h2 class=\"m-article-header__sub-headline\">Numa enxurrada de an\u00fancios, Trump tamb\u00e9m nomeou Bill McGinley, seu secret\u00e1rio de gabinete na sua primeira administra\u00e7\u00e3o, como seu conselheiro na Casa Branca.<\/h2>\n<figure class=\"a-photo m-article-header__photo\"><figcaption class=\"a-photo__caption\">\n<p>\tARQUIVO &#8211; Pete Hegseth caminha at\u00e9 um elevador para uma reuni\u00e3o com o presidente eleito Donald Trump na Trump Tower em Nova York, 15 de dezembro de 2016.<em> Foto AP\/Evan Vucci, Arquivo<\/em>\t<\/figcaption><\/figure>\n<div class=\"m-article-header__meta\">\n<div class=\"m-article-header__byline\">\n<p class=\"m-article-header__author\">\n<p>\t\t\t\t\t\t\t\tPor ZEKE MILLER e MICHELLE L. PRICE, Associated Press\t\t\t\t\t\t\t<\/p>\n<p>\t\t\t\t\t\t\t\t\t\t\t\t\t\t\t<time class=\"m-article-header__date\"><\/p>\n<p>\t\t\t\t\t\t\t\t\t12 de novembro de 2024\t\t\t\t\t\t\t\t<\/time><\/p><\/div>\n<\/p><\/div>\n<\/header>\n<p>WEST PALM BEACH, Fl\u00f3rida (AP) \u2013 <a href=\"https:\/\/www.boston.com\/tag\/donald-trump\/\">Presidente eleito Donald Trump<\/a> anunciou ter\u00e7a-feira que est\u00e1 nomeando o ex-Diretor de Intelig\u00eancia Nacional John Ratcliffe para liderar a Ag\u00eancia Central de Intelig\u00eancia. Ele tamb\u00e9m disse que escolheu o ex-governador do Arkansas, Mike Huckabee, como embaixador em Israel e seu amigo de longa data, Steven Witkoff, para ser enviado especial ao Oriente M\u00e9dio.<\/p>\n<div class=\"m-block t-amp__list-container m-article-list-container m-article-list-container--frame-border a-border-frame  a-list-header__headline--red m-article-list--alternative--default  m-article-list--floated\">\n<ul class=\"t-amp__list a-list--no-style m-article-list m-article-list--recirculation m-article-list--has-images\">\n<li class=\"m-article-list__item m-article-list__item--featured\">\n\t\t\t<a class=\"m-article-list__link-wrapper\" href=\"https:\/\/www.boston.com\/news\/politics\/2024\/11\/12\/trump-picks-gov-kristi-noem-to-serve-as-homeland-security-secretary\/?p1=article_recirc_inline_feature\" data-p1=\"article_recirc_inline_feature\"><br \/>\n\t\t\t\t<img fetchpriority=\"high\" decoding=\"async\" width=\"768\" height=\"432\" src=\"https:\/\/bdc2020.o0bc.com\/wp-content\/uploads\/2024\/11\/C6G22YJO3JDN6WRLATOJTK2B3Q-67339132883af-768x432.jpg\" class=\"t-amp__list-image m-article-list__image m-article-list__image--full wp-post-image\" alt=\"\" aria-hidden=\"true\" srcset=\"https:\/\/bdc2020.o0bc.com\/wp-content\/uploads\/2024\/11\/C6G22YJO3JDN6WRLATOJTK2B3Q-67339132883af-768x432.jpg?width=200 200w, https:\/\/bdc2020.o0bc.com\/wp-content\/uploads\/2024\/11\/C6G22YJO3JDN6WRLATOJTK2B3Q-67339132883af-768x432.jpg?width=300 300w, https:\/\/bdc2020.o0bc.com\/wp-content\/uploads\/2024\/11\/C6G22YJO3JDN6WRLATOJTK2B3Q-67339132883af-768x432.jpg?width=400 400w, https:\/\/bdc2020.o0bc.com\/wp-content\/uploads\/2024\/11\/C6G22YJO3JDN6WRLATOJTK2B3Q-67339132883af-768x432.jpg?width=500 500w, https:\/\/bdc2020.o0bc.com\/wp-content\/uploads\/2024\/11\/C6G22YJO3JDN6WRLATOJTK2B3Q-67339132883af-768x432.jpg?width=600 600w, https:\/\/bdc2020.o0bc.com\/wp-content\/uploads\/2024\/11\/C6G22YJO3JDN6WRLATOJTK2B3Q-67339132883af-768x432.jpg?width=700 700w, https:\/\/bdc2020.o0bc.com\/wp-content\/uploads\/2024\/11\/C6G22YJO3JDN6WRLATOJTK2B3Q-67339132883af-768x432.jpg?width=800 800w, https:\/\/bdc2020.o0bc.com\/wp-content\/uploads\/2024\/11\/C6G22YJO3JDN6WRLATOJTK2B3Q-67339132883af-768x432.jpg?width=900 900w\" sizes=\"(max-width: 768px) 100vw, 768px\"\/>\t\t\t\t\t<\/p>\n<p><h4 class=\"m-article-list__headline t-amp__list-headline\">\n\t\t\t\t\t\t\t<span class=\"m-article-list__link a-link a-link--inline a-link--text-link a-link--text-link-dark\"><\/p>\n<p>\t\t\t\t\t\t\tTrump escolhe a governadora Kristi Noem para servir como secret\u00e1ria de seguran\u00e7a interna\t\t\t\t\t\t\t<\/span><br \/>\n\t\t\t\t\t\t<\/h4>\n<\/p>\n<p>\t\t\t\t<\/a>\n\t\t\t<\/li>\n<li class=\"m-article-list__item\">\n\t\t\t\t\t<a class=\"m-article-list__link-wrapper\" href=\"https:\/\/www.boston.com\/news\/national-news\/2024\/11\/12\/trump-has-promised-to-save-tiktok-what-happens-next-is-less-clear\/?p1=article_recirc_inline_feed\" data-p1=\"article_recirc_inline_feed\"><\/p>\n<p><h4 class=\"m-article-list__headline\">\n\t\t\t\t\t\t\t\t\t<span class=\"m-article-list__link a-link a-link--inline a-link--text-link a-link--text-link-dark\"><\/p>\n<p>\t\t\t\t\t\t\t\t\tTrump prometeu \u2018salvar o TikTok\u2019. O que acontece a seguir \u00e9 menos claro.\t\t\t\t\t\t\t\t\t<\/span><br \/>\n\t\t\t\t\t\t\t\t<\/h4>\n<\/p>\n<p>\t\t\t\t\t\t<\/a>\n\t\t\t\t\t<\/li>\n<\/ul>\n<\/div>\n<p>Numa enxurrada de an\u00fancios, Trump tamb\u00e9m nomeou Bill McGinley, seu secret\u00e1rio de gabinete na sua primeira administra\u00e7\u00e3o, como seu conselheiro na Casa Branca.<\/p>\n<p>Trump est\u00e1 a lan\u00e7ar um fluxo constante de nomeados e nomeados para a sua pr\u00f3xima administra\u00e7\u00e3o, trabalhando at\u00e9 agora a um ritmo mais r\u00e1pido e sem tanto drama como a sua primeira transi\u00e7\u00e3o ap\u00f3s a sua vit\u00f3ria em 2016.<\/p>\n<p>Ex-congressista republicano do Texas, Ratcliffe serviu como diretor de intelig\u00eancia nacional nos \u00faltimos meses do primeiro mandato de Trump, liderando as ag\u00eancias de espionagem do governo dos EUA durante a pandemia do coronav\u00edrus. Ele \u00e9 uma escolha mais tradicional para o cargo, que requer confirma\u00e7\u00e3o do Senado, do que alguns rumores de legalistas pressionados por alguns dos apoiadores de Trump.<\/p>\n<p>Huckabee \u00e9 um defensor ferrenho de Israel, e a sua nomea\u00e7\u00e3o pretendida surge no momento em que Trump prometeu alinhar mais estreitamente a pol\u00edtica externa dos EUA com os interesses de Israel, \u00e0 medida que este trava guerras contra o Hamas em Gaza e o Hezbollah no L\u00edbano. Witkoff \u00e9 um investidor imobili\u00e1rio da Fl\u00f3rida que atua como presidente do comit\u00ea inaugural de Trump. Ele tamb\u00e9m passou um tempo no mundo imobili\u00e1rio de Nova York, onde Trump deixou sua marca pela primeira vez como figura p\u00fablica.<\/p>\n<p>Como diretor de intelig\u00eancia, Ratcliffe foi criticado pelos democratas por desclassificar nos \u00faltimos dias das elei\u00e7\u00f5es presidenciais de 2020 a intelig\u00eancia russa, alegando informa\u00e7\u00f5es prejudiciais sobre os democratas durante a corrida de 2016, embora ele reconhecesse que poderiam n\u00e3o ser verdadeiras.<\/p>\n<p>A visibilidade de Ratcliffe aumentou quando ele emergiu em 2019 como um fervoroso defensor de Trump durante o primeiro processo de impeachment da C\u00e2mara contra ele. Ele foi membro da equipe consultiva de impeachment de Trump e questionou vigorosamente as testemunhas durante as audi\u00eancias de impeachment.<\/p>\n<p>Depois que a C\u00e2mara controlada pelos Democratas votou pelo impeachment de Trump, Ratcliffe disse: \u201cEste \u00e9 o impeachment mais t\u00eanue, r\u00e1pido e fraco que nosso pa\u00eds j\u00e1 viu\u201d. Ele tamb\u00e9m questionou vigorosamente o ex-conselheiro especial Robert Mueller quando testemunhou perante o Comit\u00ea Judici\u00e1rio da C\u00e2mara sobre sua investiga\u00e7\u00e3o sobre a interfer\u00eancia russa nas elei\u00e7\u00f5es de 2016.<\/p>\n<p>\u201cEspero que John seja a primeira pessoa a servir em ambos os mais altos cargos de intelig\u00eancia da nossa na\u00e7\u00e3o\u201d, disse Trump em comunicado. \u201cEle ser\u00e1 um lutador destemido pelos direitos constitucionais de todos os americanos, ao mesmo tempo que garante os mais altos n\u00edveis de seguran\u00e7a nacional e a PAZ ATRAV\u00c9S DA FOR\u00c7A.\u201d<\/p>\n<p>Huckabee liderou visitas de grupos tur\u00edsticos pagos a Israel durante anos, frequentemente anunciando as viagens em meios de comunica\u00e7\u00e3o de tend\u00eancia conservadora.<\/p>\n<p>\u201cMike tem sido um grande servidor p\u00fablico, governador e l\u00edder na f\u00e9 durante muitos anos\u201d, disse Trump num comunicado. \u201cEle ama Israel e o povo de Israel e, da mesma forma, o povo de Israel o ama. Mike trabalhar\u00e1 incansavelmente para trazer a paz no M\u00e9dio Oriente!\u201d<\/p>\n<p>David Friedman, que serviu como embaixador de Trump em Israel em seu primeiro mandato, disse estar \u201cemocionado\u201d com a escolha de Huckabee por Trump.<\/p>\n<p>Witkoff tamb\u00e9m \u00e9 parceiro de golfe do presidente eleito e estava com ele quando foi alvo de uma segunda tentativa de assassinato em seu clube de golfe em West Palm Beach, Fl\u00f3rida, em setembro.<\/p>\n<p>A equipa de transi\u00e7\u00e3o de Trump n\u00e3o ofereceu detalhes sobre o papel do enviado ao M\u00e9dio Oriente, mas Trump disse num comunicado: \u201cSteve ser\u00e1 uma voz implac\u00e1vel pela PAZ e deixar-nos-\u00e1 todos orgulhosos\u201d.<\/p>\n<p>A escolha de Witkoff segue um padr\u00e3o de Trump ao colocar pessoas pr\u00f3ximas dele em pap\u00e9is cruciais na pasta do M\u00e9dio Oriente. H\u00e1 oito anos, nomeou o seu antigo advogado corporativo, Jason Greenbaltt, como seu representante especial para negocia\u00e7\u00f5es internacionais e contou com o seu genro, Jared Kushner, como seu enviado pessoal nas conversa\u00e7\u00f5es na regi\u00e3o.<\/p>\n<\/p><\/div>\n<p><script>\n\t\tvar consent=\"grant\";\n\t\t\/* The above code is parsing the JSON data from the local storage and storing it in a variable. *\/\n\t\t\t\t\tconst onetrustStorageConsent = JSON.parse(localStorage.getItem( 'consent_one_trust_bdc' ) );\n\t\t\tif ( ( onetrustStorageConsent !== null ) ) {\n\t\t\t\t\/* Checking to see if the user has consented to the use of cookies.\n\t\t\t\t* If they have not, it is deleting the cookie.\n\t\t\t\t* This will comment for now, until further notice.\n\t\t\t\t*\/\n\t\t\t\t\/\/if ( onetrustStorageConsent.C0002 === false ) {\n\t\t\t\t\/\/\tdocument.cookie=\"_fbp=;expires=Thu, 01 Jan 2010 00:00:00 UTC; path=\/; domain=.boston.com\";\n\t\t\t\t\/\/}\n\t\t\t\t\/* Checking if the user has given consent for the cookie C0002.\n\t\t\t\t* If the user has given consent, the variable consent will be set to 'grant'.\n\t\t\t\t* If the user has not given consent,the variable consent will be set to 'revoke'.\n\t\t\t\t* Documentation https:\/\/developers.facebook.com\/docs\/meta-pixel\/implementation\/gdpr\n\t\t\t\t*\/\n\t\t\t\tif ( onetrustStorageConsent.C0002 !== true ) {\n\t\t\t\t\tconsent=\"revoke\";\n\t\t\t\t}\n\t\t\t}\n\t\t\t\t!function(f,b,e,v,n,t,s)\n\t\t{if(f.fbq)return;n=f.fbq=function(){n.callMethod?\n\t\tn.callMethod.apply(n,arguments):n.queue.push(arguments)};\n\t\tif(!f._fbq)f._fbq=n;n.push=n;n.loaded=!0;n.version='2.0';\n\t\tn.queue=[];t=b.createElement(e);t.async=!0;\n\t\tt.src=v;s=b.getElementsByTagName(e)[0];\n\t\ts.parentNode.insertBefore(t,s)}(window, document,'script',\n\t\t'https:\/\/connect.facebook.net\/en_US\/fbevents.js');\n\t\tfbq('consent', consent);\n\t\tfbq('init', '989222871864976');\n\t\tfbq('track', 'PageView');\n\t<\/script><script type=\"module\">\n\t\tvar consent=\"grant\";\n\t\t\/* The above code is parsing the JSON data from the local storage and storing it in a variable. *\/\n\t\t\tconst onetrustStorageConsent = JSON.parse(localStorage.getItem( 'consent_one_trust_bdc' ) );\n\t\t\t\/* Checking to see if the user has consented to the use of cookies.\n\t\t\t* If they have not, it is deleting the cookie.\n\t\t\t* This will comment for now, until further notice.\n\t\t\t*\/\n\t\t\t\/\/if ( onetrustStorageConsent.C0002 === false ) {\n\t\t\t\/\/\tdocument.cookie=\"_fbp=;expires=Thu, 01 Jan 2010 00:00:00 UTC; path=\/; domain=.boston.com\";\n\t\t\t\/\/}\n\t\t\t\/* Checking if the user has given consent for the cookie C0002.\n\t\t\t* If the user has given consent, the variable consent will be set to 'grant'.\n\t\t\t* If the user has not given consent,the variable consent will be set to 'revoke'.\n\t\t\t* Documentation https:\/\/developers.facebook.com\/docs\/meta-pixel\/implementation\/gdpr\n\t\t\t*\/\n\t\t\tif ( ( onetrustStorageConsent !== null ) && (onetrustStorageConsent.C0002 !== true ) ) {\n\t\t\t\tconsent=\"revoke\";\n\t\t\t}\n\t\t\t\t!function(f,b,e,v,n,t,s){if(f.fbq)return;n=f.fbq=function()\n\t\t{n.callMethod? n.callMethod.apply(n,arguments):n.queue.push(arguments)}\n\t\t;if(!f._fbq)f._fbq=n;\n\t\tn.push=n;n.loaded=!0;n.version='2.0';n.queue=[];t=b.createElement(e);t.async=!0;\n\t\tt.src=v;s=b.getElementsByTagName(e)[0];s.parentNode.insertBefore(t,s)}(window,\n\t\tdocument,'script','https:\/\/connect.facebook.net\/en_US\/fbevents.js');\n\t\tfbq('consent', consent);\n\t\tfbq('init', '813236348753005');\n\t\tfbq('track', \"PageView\");\n\t<\/script><br \/>\n<br \/><br \/>\n<br \/><a href=\"https:\/\/www.boston.com\/news\/politics\/2024\/11\/12\/trump-nominates-fox-news-host-pete-hegseth-for-defense-secretary\/\">Source link <\/a><\/p>","protected":false},"excerpt":{"rendered":"<p>Pol\u00edtica Numa enxurrada de an\u00fancios, Trump tamb\u00e9m nomeou Bill McGinley, seu secret\u00e1rio de gabinete na sua primeira administra\u00e7\u00e3o, como seu conselheiro na Casa Branca. ARQUIVO &#8211; Pete Hegseth caminha at\u00e9&hellip;<\/p>","protected":false},"author":1,"featured_media":58528,"comment_status":"closed","ping_status":"open","sticky":false,"template":"","format":"standard","meta":{"content-type":"","footnotes":""},"categories":[1],"tags":[],"class_list":["post-58527","post","type-post","status-publish","format-standard","has-post-thumbnail","hentry","category-uncategorized"],"_links":{"self":[{"href":"https:\/\/tvbrazilusa.com\/pt\/wp-json\/wp\/v2\/posts\/58527","targetHints":{"allow":["GET"]}}],"collection":[{"href":"https:\/\/tvbrazilusa.com\/pt\/wp-json\/wp\/v2\/posts"}],"about":[{"href":"https:\/\/tvbrazilusa.com\/pt\/wp-json\/wp\/v2\/types\/post"}],"author":[{"embeddable":true,"href":"https:\/\/tvbrazilusa.com\/pt\/wp-json\/wp\/v2\/users\/1"}],"replies":[{"embeddable":true,"href":"https:\/\/tvbrazilusa.com\/pt\/wp-json\/wp\/v2\/comments?post=58527"}],"version-history":[{"count":1,"href":"https:\/\/tvbrazilusa.com\/pt\/wp-json\/wp\/v2\/posts\/58527\/revisions"}],"predecessor-version":[{"id":58529,"href":"https:\/\/tvbrazilusa.com\/pt\/wp-json\/wp\/v2\/posts\/58527\/revisions\/58529"}],"wp:featuredmedia":[{"embeddable":true,"href":"https:\/\/tvbrazilusa.com\/pt\/wp-json\/wp\/v2\/media\/58528"}],"wp:attachment":[{"href":"https:\/\/tvbrazilusa.com\/pt\/wp-json\/wp\/v2\/media?parent=58527"}],"wp:term":[{"taxonomy":"category","embeddable":true,"href":"https:\/\/tvbrazilusa.com\/pt\/wp-json\/wp\/v2\/categories?post=58527"},{"taxonomy":"post_tag","embeddable":true,"href":"https:\/\/tvbrazilusa.com\/pt\/wp-json\/wp\/v2\/tags?post=58527"}],"curies":[{"name":"wp","href":"https:\/\/api.w.org\/{rel}","templated":true}]}}