{"id":58534,"date":"2024-11-13T00:48:48","date_gmt":"2024-11-13T00:48:48","guid":{"rendered":"https:\/\/tvbrazilusa.com\/2024\/11\/13\/trump-escolhe-diretor-da-cia-veja-nome\/"},"modified":"2024-11-13T00:48:50","modified_gmt":"2024-11-13T00:48:50","slug":"trump-escolhe-diretor-da-cia-veja-nome","status":"publish","type":"post","link":"https:\/\/tvbrazilusa.com\/pt\/2024\/11\/13\/trump-escolhe-diretor-da-cia-veja-nome\/","title":{"rendered":"Trump escolhe diretor da CIA, veja nome"},"content":{"rendered":"<p> <script async src=\"https:\/\/pagead2.googlesyndication.com\/pagead\/js\/adsbygoogle.js?client=ca-pub-8864793242727901\"\r\n     crossorigin=\"anonymous\"><\/script><br \/>\n<\/p>\n<div>\n<figure class=\"post-image\">\n<\/figure>\n<p>            <span style=\"font-size: 12px\">Foto: Saul Loeb\/AFP<\/span><\/p>\n<p>            <!-- end metas --><br \/>\n            <!-- ADS --><\/p>\n<div id=\"taboola-read-more\" style=\"display:block; width:100%\">\n<p>O presidente eleito dos Estados Unidos, Donald Trump, anunciou que escolheu o ex-diretor de intelig\u00eancia John Ratcliffe para chefiar a CIA. O republicano publicou um comunicado sobre a futura indica\u00e7\u00e3o nesta ter\u00e7a-feira (12). Caber\u00e1 ao Senado aprovar a nomea\u00e7\u00e3o.\n<\/p>\n<p>A CIA \u00e9 a Ag\u00eancia Central de Intelig\u00eancia dos Estados Unidos, sendo respons\u00e1vel por coletar informa\u00e7\u00f5es de relev\u00e2ncia para a seguran\u00e7a do pa\u00eds no mundo inteiro.<\/p>\n<p>Ratcliffe j\u00e1 estava no radar para um cargo no governo. Ele tamb\u00e9m chegou a ser cogitado para assumir o comando da Procuradoria-Geral.\n<\/p>\n<p>O poss\u00edvel futuro chefe da CIA tamb\u00e9m j\u00e1 foi congressista dos Estados Unidos pelo Texas. Aos 59 anos, Ratcliffe \u00e9 considerado um nome muito pr\u00f3ximo e fiel ao presidente eleito.\n<\/p>\n<p>&#8220;Estou ansioso para que John seja a primeira pessoa a ocupar os dois mais altos cargos de Intelig\u00eancia da nossa na\u00e7\u00e3o&#8221;, disse Trump em um comunicado.\n<\/p>\n<p>&#8220;Ele ser\u00e1 um lutador destemido pelos direitos constitucionais de todos os americanos, enquanto assegura os n\u00edveis mais altos de seguran\u00e7a nacional e paz atrav\u00e9s da for\u00e7a.&#8221;<br \/>Como diretor de intelig\u00eancia no primeiro mandato de Trump, Ratcliffe foi acusado pelos democratas de ter politizado o cargo. Em 2020, segundo os opositores, ele estava usando a posi\u00e7\u00e3o no governo para atacar advers\u00e1rios, incluindo o ent\u00e3o candidato \u00e0 presid\u00eancia Joe Biden.\n<\/p>\n<p>Ele tamb\u00e9m recebeu v\u00e1rias cr\u00edticas por contradizer avalia\u00e7\u00f5es de servidores de carreira.\n<\/p>\n<p>Fonte: G1              <\/p>\n<\/div>\n<p>                        <!-- Scripts para conteudo --><\/p>\n<p>            <!-- .\/Scripts para conteudo --><br \/>\n            <!-- .\/Mat\u00e9ria --><\/p>\n<div class=\"row mt-3\">\n<div class=\"col-sm-6\">\n                <!-- Whatsapp channel 3--><br \/>\n                <a href=\"https:\/\/chat.whatsapp.com\/J6hwSKYns5B0XFowx2wZ0P\" target=\"_blank\" rel=\"noopener\"><br \/>\n                  <img decoding=\"async\" src=\"https:\/\/diariodobrasilnoticias.com.br\/assets-site\/images\/bot_whatsapp.png\"\/><\/a>\n              <\/div>\n<div class=\"col-sm-6\">\n                <a href=\"https:\/\/t.me\/+_4gTmi5LKo03OTM5\" target=\"_blank\" rel=\"noopener\"><br \/>\n                  <img decoding=\"async\" src=\"https:\/\/diariodobrasilnoticias.com.br\/assets-site\/images\/bot_telegram.png\"\/><\/a>\n              <\/div>\n<\/p><\/div>\n<p>            <!-- end post-navigation --><\/p>\n<p>              <!-- end row --><\/p>\n<p>              <!-- end col-12-->\n                      <\/div>\n<p><br \/>\n<br \/><a href=\"https:\/\/diariodobrasilnoticias.com.br\/noticia\/trump-escolhe-john-ratcliffe-ex-diretor-de-inteligencia-para-chefiar-a-cia-6733ed245c9b9\">Source link <\/a><\/p>","protected":false},"excerpt":{"rendered":"<p>Foto: Saul Loeb\/AFP O presidente eleito dos Estados Unidos, Donald Trump, anunciou que escolheu o ex-diretor de intelig\u00eancia John Ratcliffe para chefiar a CIA. O republicano publicou um comunicado sobre&hellip;<\/p>","protected":false},"author":1,"featured_media":58535,"comment_status":"closed","ping_status":"open","sticky":false,"template":"","format":"standard","meta":{"content-type":"","footnotes":""},"categories":[16],"tags":[123,2448,5313,1267],"class_list":["post-58534","post","type-post","status-publish","format-standard","has-post-thumbnail","hentry","category-noticias","tag-brasil","tag-diario","tag-noticia","tag-noticias"],"_links":{"self":[{"href":"https:\/\/tvbrazilusa.com\/pt\/wp-json\/wp\/v2\/posts\/58534","targetHints":{"allow":["GET"]}}],"collection":[{"href":"https:\/\/tvbrazilusa.com\/pt\/wp-json\/wp\/v2\/posts"}],"about":[{"href":"https:\/\/tvbrazilusa.com\/pt\/wp-json\/wp\/v2\/types\/post"}],"author":[{"embeddable":true,"href":"https:\/\/tvbrazilusa.com\/pt\/wp-json\/wp\/v2\/users\/1"}],"replies":[{"embeddable":true,"href":"https:\/\/tvbrazilusa.com\/pt\/wp-json\/wp\/v2\/comments?post=58534"}],"version-history":[{"count":1,"href":"https:\/\/tvbrazilusa.com\/pt\/wp-json\/wp\/v2\/posts\/58534\/revisions"}],"predecessor-version":[{"id":58536,"href":"https:\/\/tvbrazilusa.com\/pt\/wp-json\/wp\/v2\/posts\/58534\/revisions\/58536"}],"wp:featuredmedia":[{"embeddable":true,"href":"https:\/\/tvbrazilusa.com\/pt\/wp-json\/wp\/v2\/media\/58535"}],"wp:attachment":[{"href":"https:\/\/tvbrazilusa.com\/pt\/wp-json\/wp\/v2\/media?parent=58534"}],"wp:term":[{"taxonomy":"category","embeddable":true,"href":"https:\/\/tvbrazilusa.com\/pt\/wp-json\/wp\/v2\/categories?post=58534"},{"taxonomy":"post_tag","embeddable":true,"href":"https:\/\/tvbrazilusa.com\/pt\/wp-json\/wp\/v2\/tags?post=58534"}],"curies":[{"name":"wp","href":"https:\/\/api.w.org\/{rel}","templated":true}]}}