{"id":58556,"date":"2024-11-13T01:01:58","date_gmt":"2024-11-13T01:01:58","guid":{"rendered":"https:\/\/tvbrazilusa.com\/2024\/11\/13\/a-nativa-de-needham-na-estacao-espacial-internacional-diz-que-esta-saudavel-depois-que-a-midia-noticiou-que-ela-perdeu-peso\/"},"modified":"2024-11-13T01:13:54","modified_gmt":"2024-11-13T01:13:54","slug":"a-nativa-de-needham-na-estacao-espacial-internacional-diz-que-esta-saudavel-depois-que-a-midia-noticiou-que-ela-perdeu-peso","status":"publish","type":"post","link":"https:\/\/tvbrazilusa.com\/pt\/2024\/11\/13\/a-nativa-de-needham-na-estacao-espacial-internacional-diz-que-esta-saudavel-depois-que-a-midia-noticiou-que-ela-perdeu-peso\/","title":{"rendered":"A nativa de Needham na Esta\u00e7\u00e3o Espacial Internacional diz que est\u00e1 saud\u00e1vel depois que a m\u00eddia noticiou que ela perdeu peso"},"content":{"rendered":"<p> <script async src=\"https:\/\/pagead2.googlesyndication.com\/pagead\/js\/adsbygoogle.js?client=ca-pub-8864793242727901\"\r\n     crossorigin=\"anonymous\"><\/script><br \/>\n<\/p>\n<div id=\"\">\n<header class=\"m-article-header m-article-header--standard\">\n\t\t\t\t\t\t\t\t\t\t\t\t<span id=\"article-header-primary-term\"><br \/>\n\t\t\t\t\t\t\t\t<a class=\"a-term a-term--primary\" href=\"https:\/\/www.boston.com\/tag\/local-news\/\"><\/p>\n<p>\t\t\t\t\t\t\t\tNot\u00edcias locais\t\t\t\t\t\t\t\t<\/a><br \/>\n\t\t\t\t\t\t\t<\/span><\/p>\n<h2 class=\"m-article-header__sub-headline\">\u201cMeu corpo mudou um pouco, mas tenho o mesmo peso.\u201d<\/h2>\n<figure class=\"a-photo m-article-header__photo\"><figcaption class=\"a-photo__caption\">\n<p>\tSuni Williams em junho.<em> RODRIGUEZ CARRILLO\/AFP via Getty Images<\/em>\t<\/figcaption><\/figure>\n<\/header>\n<p>O astronauta e nativo de Needham, Suni Williams, falou na ter\u00e7a-feira <a href=\"https:\/\/nypost.com\/2024\/11\/08\/us-news\/nasa-races-to-stabilize-astronaut-sunita-williams-weight\/\" target=\"_blank\" rel=\"noreferrer noopener\">\u201crumores\u201d recentes<\/a> que ela perdeu peso enquanto sua estadia na Esta\u00e7\u00e3o Espacial Internacional continua. <\/p>\n<p>Falando <a href=\"https:\/\/www.youtube.com\/watch?v=9UMzOwlv7iM\" target=\"_blank\" rel=\"noreferrer noopener\">com a Rede Esportiva da Nova Inglaterra<\/a> para o programa Clubhouse Kids da rede, Williams disse que pesa o mesmo que quando chegou \u00e0 esta\u00e7\u00e3o em junho. <\/p>\n<p>\u201cH\u00e1 alguns rumores por a\u00ed, l\u00e1 fora, de que estou perdendo peso e outras coisas \u2013 n\u00e3o, na verdade estou certo na mesma propor\u00e7\u00e3o\u201d, disse Williams na ter\u00e7a-feira.<\/p>\n<p>Quando Williams e seu colega astronauta Butch Wilmore chegaram \u00e0 esta\u00e7\u00e3o espacial em junho, esperava-se que ficassem uma semana depois de viajarem ao espa\u00e7o como os primeiros pilotos a bordo da espa\u00e7onave Starliner da Boeing. Mas <a href=\"https:\/\/apnews.com\/article\/boeing-starliner-nasa-astronauts-launch-fc55af012efeb32cbeaa4d264ab85e11\" target=\"_blank\" rel=\"noreferrer noopener\">problemas com o propulsor da c\u00e1psula<\/a> deixou em d\u00favida sua capacidade de retornar com seguran\u00e7a Williams e Wilmore \u00e0 Terra e, em agosto, a NASA <a href=\"https:\/\/www.cbsnews.com\/news\/nasa-boeing-starliner-astronauts-update\/\" target=\"_blank\" rel=\"noreferrer noopener\">descartou trazer a dupla de volta<\/a> a bordo do Starliner. Em vez disso, Williams e Wilmore retornar\u00e3o em fevereiro em uma nave diferente.<\/p>\n<p>O <em>Correio de Nova York<\/em> <a href=\"https:\/\/nypost.com\/2024\/11\/08\/us-news\/nasa-races-to-stabilize-astronaut-sunita-williams-weight\/\" target=\"_blank\" rel=\"noreferrer noopener\">relatado na semana passada<\/a> que o nativo de Massachusetts viu uma perda de peso \u201csignificativa\u201d desde que chegou \u00e0 esta\u00e7\u00e3o espacial, citando uma fonte n\u00e3o identificada da NASA. <\/p>\n<p>Em comunicado \u00e0 publica\u00e7\u00e3o, a NASA disse que todos os seus astronautas na esta\u00e7\u00e3o espacial passam por \u201cavalia\u00e7\u00f5es m\u00e9dicas de rotina\u201d.<\/p>\n<p>\u201cEles t\u00eam cirurgi\u00f5es de voo dedicados que os monitoram e est\u00e3o com boa sa\u00fade\u201d, dizia o comunicado. <\/p>\n<p>Na ter\u00e7a-feira, Williams trouxe \u00e0 tona os \u201crumores\u201d depois de falar sobre o qu\u00e3o importante ela acha que \u00e9 mostrar \u00e0s crian\u00e7as os benef\u00edcios de permanecer ativo atrav\u00e9s do atletismo como parte de um estilo de vida saud\u00e1vel.  <\/p>\n<p>\u201cTenho o mesmo peso que tinha quando cheguei aqui\u201d, disse ela. \u201cEu acho que as coisas mudam um pouco. Voc\u00ea provavelmente j\u00e1 ouviu falar de uma mudan\u00e7a de fluido em que as pessoas no espa\u00e7o t\u00eam a cabe\u00e7a um pouco maior porque o fluido se equilibra ao longo do corpo.\u201d <\/p>\n<p>Williams disse que a esta\u00e7\u00e3o espacial tem esteira, bicicleta e equipamento de levantamento de peso, que ela disse estar usando al\u00e9m de fazer \u201cmuitos\u201d agachamentos.<\/p>\n<p>\u201cAcho que meu corpo mudou um pouco, mas tenho o mesmo peso\u201d, disse ela. <\/p>\n<p>No in\u00edcio deste outono, Williams <a href=\"https:\/\/www.boston.com\/news\/local-news\/2024\/08\/21\/needham-native-suni-williams-runs-falmouth-road-race-remotely-from-international-space-station\/\" target=\"_blank\" rel=\"noreferrer noopener\">correu a Falmouth Road Race<\/a> do espa\u00e7o. Formado na Needham High School, Williams esteve em outras duas miss\u00f5es espaciais desde que se tornou astronauta da NASA em 1998 e <a href=\"https:\/\/blogs.nasa.gov\/spacestation\/2017\/03\/30\/peggy-whitson-breaks-spacewalking-record\/\" target=\"_blank\" rel=\"noreferrer noopener\">at\u00e9 2017<\/a> foi o recordista de tempo cumulativo de caminhada no espa\u00e7o por uma astronauta.<\/p>\n<figure class=\"wp-block-embed is-type-video is-provider-youtube wp-block-embed-youtube wp-embed-aspect-16-9 wp-has-aspect-ratio\">\n<p>\n<iframe title=\"NASA Astronaut Suni Williams Talks with New England Sports Network \u2013 Tuesday, November 12, 2024\" width=\"1170\" height=\"658\" src=\"https:\/\/www.youtube.com\/embed\/9UMzOwlv7iM?feature=oembed\" frameborder=\"0\" allow=\"accelerometer; autoplay; clipboard-write; encrypted-media; gyroscope; picture-in-picture; web-share\" referrerpolicy=\"strict-origin-when-cross-origin\" allowfullscreen><\/iframe>\n<\/p>\n<\/figure>\n<div class=\"m-block m-generic-cta\t m-generic-cta--post-content\t m-generic-cta--dark\t m-generic-cta--homepage\t m-generic-cta--email-signup\t\t m-generic-cta-block-style--default \tt-amp__generic-cta\"><\/p>\n<div class=\"m-generic-cta__wrap\">\n<div class=\"m-generic-cta__content\">\n<h3 class=\"m-generic-cta__title\">Boston.com hoje<\/h3>\n<p class=\"m-generic-cta__subtitle\">Inscreva-se para receber as \u00faltimas manchetes em sua caixa de entrada todas as manh\u00e3s.<\/p>\n<\/p><\/div>\n<\/p><\/div>\n<\/div><\/div>\n<p><script>\n\t\tvar consent=\"grant\";\n\t\t\/* The above code is parsing the JSON data from the local storage and storing it in a variable. *\/\n\t\t\t\t\tconst onetrustStorageConsent = JSON.parse(localStorage.getItem( 'consent_one_trust_bdc' ) );\n\t\t\tif ( ( onetrustStorageConsent !== null ) ) {\n\t\t\t\t\/* Checking to see if the user has consented to the use of cookies.\n\t\t\t\t* If they have not, it is deleting the cookie.\n\t\t\t\t* This will comment for now, until further notice.\n\t\t\t\t*\/\n\t\t\t\t\/\/if ( onetrustStorageConsent.C0002 === false ) {\n\t\t\t\t\/\/\tdocument.cookie=\"_fbp=;expires=Thu, 01 Jan 2010 00:00:00 UTC; path=\/; domain=.boston.com\";\n\t\t\t\t\/\/}\n\t\t\t\t\/* Checking if the user has given consent for the cookie C0002.\n\t\t\t\t* If the user has given consent, the variable consent will be set to 'grant'.\n\t\t\t\t* If the user has not given consent,the variable consent will be set to 'revoke'.\n\t\t\t\t* Documentation https:\/\/developers.facebook.com\/docs\/meta-pixel\/implementation\/gdpr\n\t\t\t\t*\/\n\t\t\t\tif ( onetrustStorageConsent.C0002 !== true ) {\n\t\t\t\t\tconsent=\"revoke\";\n\t\t\t\t}\n\t\t\t}\n\t\t\t\t!function(f,b,e,v,n,t,s)\n\t\t{if(f.fbq)return;n=f.fbq=function(){n.callMethod?\n\t\tn.callMethod.apply(n,arguments):n.queue.push(arguments)};\n\t\tif(!f._fbq)f._fbq=n;n.push=n;n.loaded=!0;n.version='2.0';\n\t\tn.queue=[];t=b.createElement(e);t.async=!0;\n\t\tt.src=v;s=b.getElementsByTagName(e)[0];\n\t\ts.parentNode.insertBefore(t,s)}(window, document,'script',\n\t\t'https:\/\/connect.facebook.net\/en_US\/fbevents.js');\n\t\tfbq('consent', consent);\n\t\tfbq('init', '989222871864976');\n\t\tfbq('track', 'PageView');\n\t<\/script><script type=\"module\">\n\t\tvar consent=\"grant\";\n\t\t\/* The above code is parsing the JSON data from the local storage and storing it in a variable. *\/\n\t\t\tconst onetrustStorageConsent = JSON.parse(localStorage.getItem( 'consent_one_trust_bdc' ) );\n\t\t\t\/* Checking to see if the user has consented to the use of cookies.\n\t\t\t* If they have not, it is deleting the cookie.\n\t\t\t* This will comment for now, until further notice.\n\t\t\t*\/\n\t\t\t\/\/if ( onetrustStorageConsent.C0002 === false ) {\n\t\t\t\/\/\tdocument.cookie=\"_fbp=;expires=Thu, 01 Jan 2010 00:00:00 UTC; path=\/; domain=.boston.com\";\n\t\t\t\/\/}\n\t\t\t\/* Checking if the user has given consent for the cookie C0002.\n\t\t\t* If the user has given consent, the variable consent will be set to 'grant'.\n\t\t\t* If the user has not given consent,the variable consent will be set to 'revoke'.\n\t\t\t* Documentation https:\/\/developers.facebook.com\/docs\/meta-pixel\/implementation\/gdpr\n\t\t\t*\/\n\t\t\tif ( ( onetrustStorageConsent !== null ) && (onetrustStorageConsent.C0002 !== true ) ) {\n\t\t\t\tconsent=\"revoke\";\n\t\t\t}\n\t\t\t\t!function(f,b,e,v,n,t,s){if(f.fbq)return;n=f.fbq=function()\n\t\t{n.callMethod? n.callMethod.apply(n,arguments):n.queue.push(arguments)}\n\t\t;if(!f._fbq)f._fbq=n;\n\t\tn.push=n;n.loaded=!0;n.version='2.0';n.queue=[];t=b.createElement(e);t.async=!0;\n\t\tt.src=v;s=b.getElementsByTagName(e)[0];s.parentNode.insertBefore(t,s)}(window,\n\t\tdocument,'script','https:\/\/connect.facebook.net\/en_US\/fbevents.js');\n\t\tfbq('consent', consent);\n\t\tfbq('init', '813236348753005');\n\t\tfbq('track', \"PageView\");\n\t<\/script><br \/>\n<br \/><br \/>\n<br \/><a href=\"https:\/\/www.boston.com\/news\/local-news\/2024\/11\/12\/needham-native-on-international-space-station-says-shes-healthy-after-media-report-that-shes-dropped-weight\/\">Source link <\/a><\/p>","protected":false},"excerpt":{"rendered":"<p>Not\u00edcias locais \u201cMeu corpo mudou um pouco, mas tenho o mesmo peso.\u201d Suni Williams em junho. RODRIGUEZ CARRILLO\/AFP via Getty Images O astronauta e nativo de Needham, Suni Williams, falou&hellip;<\/p>","protected":false},"author":1,"featured_media":58557,"comment_status":"closed","ping_status":"open","sticky":false,"template":"","format":"standard","meta":{"content-type":"","footnotes":""},"categories":[1],"tags":[],"class_list":["post-58556","post","type-post","status-publish","format-standard","has-post-thumbnail","hentry","category-uncategorized"],"_links":{"self":[{"href":"https:\/\/tvbrazilusa.com\/pt\/wp-json\/wp\/v2\/posts\/58556","targetHints":{"allow":["GET"]}}],"collection":[{"href":"https:\/\/tvbrazilusa.com\/pt\/wp-json\/wp\/v2\/posts"}],"about":[{"href":"https:\/\/tvbrazilusa.com\/pt\/wp-json\/wp\/v2\/types\/post"}],"author":[{"embeddable":true,"href":"https:\/\/tvbrazilusa.com\/pt\/wp-json\/wp\/v2\/users\/1"}],"replies":[{"embeddable":true,"href":"https:\/\/tvbrazilusa.com\/pt\/wp-json\/wp\/v2\/comments?post=58556"}],"version-history":[{"count":1,"href":"https:\/\/tvbrazilusa.com\/pt\/wp-json\/wp\/v2\/posts\/58556\/revisions"}],"predecessor-version":[{"id":58558,"href":"https:\/\/tvbrazilusa.com\/pt\/wp-json\/wp\/v2\/posts\/58556\/revisions\/58558"}],"wp:featuredmedia":[{"embeddable":true,"href":"https:\/\/tvbrazilusa.com\/pt\/wp-json\/wp\/v2\/media\/58557"}],"wp:attachment":[{"href":"https:\/\/tvbrazilusa.com\/pt\/wp-json\/wp\/v2\/media?parent=58556"}],"wp:term":[{"taxonomy":"category","embeddable":true,"href":"https:\/\/tvbrazilusa.com\/pt\/wp-json\/wp\/v2\/categories?post=58556"},{"taxonomy":"post_tag","embeddable":true,"href":"https:\/\/tvbrazilusa.com\/pt\/wp-json\/wp\/v2\/tags?post=58556"}],"curies":[{"name":"wp","href":"https:\/\/api.w.org\/{rel}","templated":true}]}}