{"id":58570,"date":"2024-11-13T01:33:28","date_gmt":"2024-11-13T01:33:28","guid":{"rendered":"https:\/\/tvbrazilusa.com\/2024\/11\/13\/limitar-ganho-real-do-salario-minimo-pode-poupar-bilhoes-ate-2026-estima-governo\/"},"modified":"2024-11-13T01:33:29","modified_gmt":"2024-11-13T01:33:29","slug":"limitar-ganho-real-do-salario-minimo-pode-poupar-bilhoes-ate-2026-estima-governo","status":"publish","type":"post","link":"https:\/\/tvbrazilusa.com\/pt\/2024\/11\/13\/limitar-ganho-real-do-salario-minimo-pode-poupar-bilhoes-ate-2026-estima-governo\/","title":{"rendered":"Limitar ganho real do sal\u00e1rio m\u00ednimo pode poupar bilh\u00f5es at\u00e9 2026, estima governo"},"content":{"rendered":"<p> <script async src=\"https:\/\/pagead2.googlesyndication.com\/pagead\/js\/adsbygoogle.js?client=ca-pub-8864793242727901\"\r\n     crossorigin=\"anonymous\"><\/script><br \/>\n<\/p>\n<div id=\"taboola-read-more\" style=\"display:block; width:100%\">\n<p>O governo de Luiz In\u00e1cio Lula da Silva (PT) estima uma economia de cerca de R$ 11 bilh\u00f5es entre 2025 e 2026 caso o presidente d\u00ea o sinal verde para a medida que limita o ganho real do sal\u00e1rio m\u00ednimo \u00e0 mesma corre\u00e7\u00e3o do arcabou\u00e7o fiscal.\n<\/p>\n<p>A conta considera um aumento acima da infla\u00e7\u00e3o de 2,5% no ano que vem, no limite permitido pela regra fiscal, e de 2% em 2026, em linha com a expans\u00e3o prevista para o teto de despesas naquele ano.<\/p>\n<p>Pela regra atual, o sal\u00e1rio m\u00ednimo teria ganho real de 2,9% em 2025, conforme o desempenho do PIB (Produto Interno Bruto) de dois anos antes. Em 2026, a alta seria de 3,2% acima da infla\u00e7\u00e3o, considerando a proje\u00e7\u00e3o do Minist\u00e9rio da Fazenda para o crescimento neste ano.\n<\/p>\n<p>Com uma corre\u00e7\u00e3o mais moderada do piso nos pr\u00f3ximos dois anos, o ponto de partida para a atualiza\u00e7\u00e3o do valor nos per\u00edodos seguintes tamb\u00e9m ficaria menor, multiplicando a economia. Simula\u00e7\u00f5es internas do governo indicam uma redu\u00e7\u00e3o potencial de R$ 22 bilh\u00f5es nas despesas em quatro anos.\n<\/p>\n<p>Lula ainda n\u00e3o bateu o martelo sobre a medida, que \u00e9 delicada politicamente. Apesar disso, auxiliares do presidente avaliam que ela tem chance de avan\u00e7ar, j\u00e1 que ainda assegura a valoriza\u00e7\u00e3o do sal\u00e1rio m\u00ednimo, s\u00f3 que em magnitude menor.\n<\/p>\n<p>Parte dos aliados do petista j\u00e1 vinha alertando que, sem mexer na pol\u00edtica do sal\u00e1rio m\u00ednimo, o pacote de conten\u00e7\u00e3o de despesas teria alcance limitado. Cerca de 27% das despesas prim\u00e1rias do governo federal s\u00e3o indexadas pelo piso, incluindo benef\u00edcios previdenci\u00e1rios, assistenciais, abono salarial e seguro-desemprego.\n<\/p>\n<p>No PLOA (projeto de Lei Or\u00e7ament\u00e1ria Anual) de 2025, o governo estimou que cada R$ 1 a mais no sal\u00e1rio m\u00ednimo tem impacto de R$ 422 milh\u00f5es \u2014ou seja, uma redu\u00e7\u00e3o proporcional do piso traria um al\u00edvio da mesma magnitude.\n<\/p>\n<p>T\u00e9cnicos envolvidos nas discuss\u00f5es afirmam que a medida do sal\u00e1rio m\u00ednimo teria efeito sempre que a receita do governo crescer abaixo da varia\u00e7\u00e3o do PIB. Como a expans\u00e3o do arcabou\u00e7o equivale a 70% da varia\u00e7\u00e3o real da arrecada\u00e7\u00e3o, seria um fator moderador da corre\u00e7\u00e3o do piso nessas condi\u00e7\u00f5es.\n<\/p>\n<p>Por isso, a avalia\u00e7\u00e3o preliminar \u00e9 de que o impacto se concentra em 2025 e 2026, mas h\u00e1 um efeito multiplicador da economia nos anos seguintes por causa do valor nominal menor sobre o qual ser\u00e3o aplicados novos reajustes.\n<\/p>\n<p>Al\u00e9m da discuss\u00e3o sobre o sal\u00e1rio m\u00ednimo, mudan\u00e7as no BPC (Benef\u00edcio de Presta\u00e7\u00e3o Continuada), pago a idosos e pessoas com defici\u00eancia de baixa renda, no abono salarial e no seguro-desemprego s\u00e3o dadas como certas na \u00e1rea econ\u00f4mica. Esses temas foram debatidos em reuni\u00f5es durante o fim de semana, mas o que est\u00e1 em discuss\u00e3o \u00e9 o alcance das medidas \u2014o que, na vis\u00e3o desse grupo, n\u00e3o significa um esvaziamento do pacote.\n<\/p>\n<p>Um integrante da equipe econ\u00f4mica avalia que os ministros setoriais ficaram mais confiantes em falar com a imprensa nos \u00faltimos dias justamente porque sentiram que n\u00e3o conseguiram avan\u00e7ar muito nas tratativas internas.\n<\/p>\n<p>Nesta segunda-feira (11), o ministro Fernando Haddad (Fazenda) disse que o pacote de medidas passa por ajustes, mas negou sua desidrata\u00e7\u00e3o. Segundo ele, um novo minist\u00e9rio foi chamado \u00e0s conversas. Embora Haddad n\u00e3o tenha revelado qual, a Folha apurou que se trata da Defesa.\n<\/p>\n<p>A avalia\u00e7\u00e3o de pessoas envolvidas nas tratativas \u00e9 que a inclus\u00e3o do Minist\u00e9rio da Defesa no pacote pode ajudar na constru\u00e7\u00e3o da narrativa em favor das medidas. \u00c9 o mesmo racioc\u00ednio por tr\u00e1s da revis\u00e3o de incentivos, que n\u00e3o necessariamente ataca as despesas, mas ajuda no cumprimento da meta fiscal e serve ao discurso pol\u00edtico do governo de atacar tamb\u00e9m o andar de cima.\n<\/p>\n<p>Fonte: Folha de S.Paulo              <\/p>\n<\/div>\n<p><br \/>\n<br \/><a href=\"https:\/\/diariodobrasilnoticias.com.br\/noticia\/limitar-ganho-real-do-salario-minimo-pode-poupar-bilhoes-ate-2026-estima-governo-6733d7257e21a\">Source link <\/a><\/p>","protected":false},"excerpt":{"rendered":"<p>O governo de Luiz In\u00e1cio Lula da Silva (PT) estima uma economia de cerca de R$ 11 bilh\u00f5es entre 2025 e 2026 caso o presidente d\u00ea o sinal verde para&hellip;<\/p>","protected":false},"author":1,"featured_media":58571,"comment_status":"closed","ping_status":"open","sticky":false,"template":"","format":"standard","meta":{"content-type":"","footnotes":""},"categories":[16],"tags":[123,2448,5313,1267],"class_list":["post-58570","post","type-post","status-publish","format-standard","has-post-thumbnail","hentry","category-noticias","tag-brasil","tag-diario","tag-noticia","tag-noticias"],"_links":{"self":[{"href":"https:\/\/tvbrazilusa.com\/pt\/wp-json\/wp\/v2\/posts\/58570","targetHints":{"allow":["GET"]}}],"collection":[{"href":"https:\/\/tvbrazilusa.com\/pt\/wp-json\/wp\/v2\/posts"}],"about":[{"href":"https:\/\/tvbrazilusa.com\/pt\/wp-json\/wp\/v2\/types\/post"}],"author":[{"embeddable":true,"href":"https:\/\/tvbrazilusa.com\/pt\/wp-json\/wp\/v2\/users\/1"}],"replies":[{"embeddable":true,"href":"https:\/\/tvbrazilusa.com\/pt\/wp-json\/wp\/v2\/comments?post=58570"}],"version-history":[{"count":1,"href":"https:\/\/tvbrazilusa.com\/pt\/wp-json\/wp\/v2\/posts\/58570\/revisions"}],"predecessor-version":[{"id":58572,"href":"https:\/\/tvbrazilusa.com\/pt\/wp-json\/wp\/v2\/posts\/58570\/revisions\/58572"}],"wp:featuredmedia":[{"embeddable":true,"href":"https:\/\/tvbrazilusa.com\/pt\/wp-json\/wp\/v2\/media\/58571"}],"wp:attachment":[{"href":"https:\/\/tvbrazilusa.com\/pt\/wp-json\/wp\/v2\/media?parent=58570"}],"wp:term":[{"taxonomy":"category","embeddable":true,"href":"https:\/\/tvbrazilusa.com\/pt\/wp-json\/wp\/v2\/categories?post=58570"},{"taxonomy":"post_tag","embeddable":true,"href":"https:\/\/tvbrazilusa.com\/pt\/wp-json\/wp\/v2\/tags?post=58570"}],"curies":[{"name":"wp","href":"https:\/\/api.w.org\/{rel}","templated":true}]}}