{"id":58635,"date":"2024-11-13T03:34:43","date_gmt":"2024-11-13T03:34:43","guid":{"rendered":"https:\/\/tvbrazilusa.com\/2024\/11\/13\/saiba-o-que-e-e-como-se-dara-o-janjapalooza-que-sera-pago-900-mil-em-cache\/"},"modified":"2024-11-13T03:34:44","modified_gmt":"2024-11-13T03:34:44","slug":"saiba-o-que-e-e-como-se-dara-o-janjapalooza-que-sera-pago-900-mil-em-cache","status":"publish","type":"post","link":"https:\/\/tvbrazilusa.com\/pt\/2024\/11\/13\/saiba-o-que-e-e-como-se-dara-o-janjapalooza-que-sera-pago-900-mil-em-cache\/","title":{"rendered":"Saiba o que \u00e9 e como se dar\u00e1 o Janjapalooza que ser\u00e1 pago 900 mil em cach\u00ea"},"content":{"rendered":"<p> <script async src=\"https:\/\/pagead2.googlesyndication.com\/pagead\/js\/adsbygoogle.js?client=ca-pub-8864793242727901\"\r\n     crossorigin=\"anonymous\"><\/script><br \/>\n<\/p>\n<div id=\"taboola-read-more\" style=\"display:block; width:100%\">\n<p>De 14 a 16 de novembro, o Rio de Janeiro sediar\u00e1 o Alian\u00e7a Global Festival, um evento de grande porte que, promovido pelo governo federal e com organiza\u00e7\u00e3o de Janja Lula da Silva, vem sendo apelidado de \u201cJanjapalooza\u201d. O festival promete um lineup com artista como Alceu Valen\u00e7a, Ney Matogrosso, Daniela Mercury, Faf\u00e1 de Bel\u00e9m e Zeca Pagodinho, que se apresentam na Pra\u00e7a Mau\u00e1, na Zona Portu\u00e1ria da cidade.\n<\/p>\n<p>Com 30 atra\u00e7\u00f5es confirmadas, o festival ser\u00e1 acess\u00edvel ao p\u00fablico, sem cobran\u00e7a de ingressos, mas com custos consider\u00e1veis: R$ 900 mil ser\u00e3o pagos em cach\u00eas, sendo que cada artista receber\u00e1 R$ 30 mil, conforme comunicado da assessoria do Minist\u00e9rio da Cultura, parceiro do evento.<\/p>\n<p>O festival tem como tema central a luta contra a fome e a pobreza, alinhando-se \u00e0 Alian\u00e7a Global proposta pelo Brasil no G20. A ideia \u00e9 reunir o poder da m\u00fasica para divulgar quest\u00f5es como transi\u00e7\u00e3o energ\u00e9tica e justi\u00e7a clim\u00e1tica. Al\u00e9m disso, o ato \u00e9 realizado com a parceria de v\u00e1rias empresas e institui\u00e7\u00f5es, como o Banco do Brasil, Caixa Econ\u00f4mica Federal, Itaipu, Petrobras e a Prefeitura do Rio de Janeiro, mas at\u00e9 o momento n\u00e3o foram divulgadas informa\u00e7\u00f5es sobre os valores ou formas de apoio de cada um desses parceiros.\n<\/p>\n<p>O evento tamb\u00e9m se prop\u00f5e a ser um espa\u00e7o para di\u00e1logos sobre solu\u00e7\u00f5es para os Objetivos de Desenvolvimento Sustent\u00e1vel da ONU, especificamente a erradica\u00e7\u00e3o da pobreza e a promo\u00e7\u00e3o de um mundo sem fome. Apesar da alegada programa\u00e7\u00e3o, n\u00e3o foram especificadas a\u00e7\u00f5es concretas para atingir essas metas.\n<\/p>\n<p><span class=\"x193iq5w xeuugli x1fj9vlw x13faqbe x1vvkbs xt0psk2 x1i0vuye xvs91rp xo1l8bm x5n08af x10wh9bi x1wdrske x8viiok x18hxmgj\">O presidente Luiz In\u00e1cio Lula da Silva deve marcar presen\u00e7a no festival, antecipando sua chegada ao Rio para prestigiar a iniciativa da primeira-dama. Este ser\u00e1 o terceiro grande evento promovido por Janja Lula da Silva, que j\u00e1 organizou o Festival do Futuro, na posse de Lula, e o Festival Pororoca, realizado em Nova York em setembro de 2023.<\/span><\/p>\n<div class=\"x9f619 xjbqb8w x78zum5 x168nmei x13lgxp2 x5pf9jr xo71vjh x1uhb9sk x1plvlek xryxfnj x1c4vz4f x2lah0s x1q0g3np xqjyukv x6s0dn4 x1oa3qoh x1nhvcw1\">\n<p>\u00a0<\/p>\n<p>Fonte: Conex\u00e3o Pol\u00edtica<\/p>\n<\/div><\/div>\n<p><br \/>\n<br \/><a href=\"https:\/\/diariodobrasilnoticias.com.br\/noticia\/saiba-o-que-e-e-como-se-dara-o-janjapalooza-que-sera-pago-900-mil-em-cache-6733eeb93246b\">Source link <\/a><\/p>","protected":false},"excerpt":{"rendered":"<p>De 14 a 16 de novembro, o Rio de Janeiro sediar\u00e1 o Alian\u00e7a Global Festival, um evento de grande porte que, promovido pelo governo federal e com organiza\u00e7\u00e3o de Janja&hellip;<\/p>","protected":false},"author":1,"featured_media":58636,"comment_status":"closed","ping_status":"open","sticky":false,"template":"","format":"standard","meta":{"content-type":"","footnotes":""},"categories":[16],"tags":[123,2448,5313,1267],"class_list":["post-58635","post","type-post","status-publish","format-standard","has-post-thumbnail","hentry","category-noticias","tag-brasil","tag-diario","tag-noticia","tag-noticias"],"_links":{"self":[{"href":"https:\/\/tvbrazilusa.com\/pt\/wp-json\/wp\/v2\/posts\/58635","targetHints":{"allow":["GET"]}}],"collection":[{"href":"https:\/\/tvbrazilusa.com\/pt\/wp-json\/wp\/v2\/posts"}],"about":[{"href":"https:\/\/tvbrazilusa.com\/pt\/wp-json\/wp\/v2\/types\/post"}],"author":[{"embeddable":true,"href":"https:\/\/tvbrazilusa.com\/pt\/wp-json\/wp\/v2\/users\/1"}],"replies":[{"embeddable":true,"href":"https:\/\/tvbrazilusa.com\/pt\/wp-json\/wp\/v2\/comments?post=58635"}],"version-history":[{"count":1,"href":"https:\/\/tvbrazilusa.com\/pt\/wp-json\/wp\/v2\/posts\/58635\/revisions"}],"predecessor-version":[{"id":58637,"href":"https:\/\/tvbrazilusa.com\/pt\/wp-json\/wp\/v2\/posts\/58635\/revisions\/58637"}],"wp:featuredmedia":[{"embeddable":true,"href":"https:\/\/tvbrazilusa.com\/pt\/wp-json\/wp\/v2\/media\/58636"}],"wp:attachment":[{"href":"https:\/\/tvbrazilusa.com\/pt\/wp-json\/wp\/v2\/media?parent=58635"}],"wp:term":[{"taxonomy":"category","embeddable":true,"href":"https:\/\/tvbrazilusa.com\/pt\/wp-json\/wp\/v2\/categories?post=58635"},{"taxonomy":"post_tag","embeddable":true,"href":"https:\/\/tvbrazilusa.com\/pt\/wp-json\/wp\/v2\/tags?post=58635"}],"curies":[{"name":"wp","href":"https:\/\/api.w.org\/{rel}","templated":true}]}}