{"id":58729,"date":"2024-11-13T11:35:30","date_gmt":"2024-11-13T11:35:30","guid":{"rendered":"https:\/\/tvbrazilusa.com\/2024\/11\/13\/o-fim-da-escala-6x1-preocupa-muito-afirma-hugo-motta-que-ressalta-a-importancia-de-ouvir-tambem-quem-emprega\/"},"modified":"2024-11-13T11:35:31","modified_gmt":"2024-11-13T11:35:31","slug":"o-fim-da-escala-6x1-preocupa-muito-afirma-hugo-motta-que-ressalta-a-importancia-de-ouvir-tambem-quem-emprega","status":"publish","type":"post","link":"https:\/\/tvbrazilusa.com\/pt\/2024\/11\/13\/o-fim-da-escala-6x1-preocupa-muito-afirma-hugo-motta-que-ressalta-a-importancia-de-ouvir-tambem-quem-emprega\/","title":{"rendered":"O fim da escala 6&#215;1 &#8216;preocupa muito&#8217;, afirma Hugo Motta, que ressalta a import\u00e2ncia de &#8216;ouvir tamb\u00e9m quem emprega&#8217;"},"content":{"rendered":"<p> <script async src=\"https:\/\/pagead2.googlesyndication.com\/pagead\/js\/adsbygoogle.js?client=ca-pub-8864793242727901\"\r\n     crossorigin=\"anonymous\"><\/script><br \/>\n<\/p>\n<div id=\"taboola-read-more\" style=\"display:block; width:100%\">\n<p>O deputado federal Hugo Motta (Republicanos-PB) disse, nesta ter\u00e7a-feira (12), que o movimento nas redes sociais pelo fim da escala 6\u00d71 \u201cpreocupa muito\u201d.\n<\/p>\n<p>\u201cMe preocupa muito, por exemplo, essa PEC agora recentemente apresentada, essa (contra a jornada) 6 por 1, onde se criou um verdadeiro movimento nas redes sociais a favor da PEC\u201d, disse em conversa com empres\u00e1rios em almo\u00e7o da Frente Parlamentar do Empreendedorismo (FPE).<\/p>\n<p>Na sa\u00edda do evento \u2014 em que foi debatida a pauta \u2013, Motta tamb\u00e9m disse ver como positiva \u201cessa interlocu\u00e7\u00e3o da popula\u00e7\u00e3o com o parlamento\u201d.\n<\/p>\n<p>Segundo ele, \u00e9 preciso debater com os dois lados para que o parlamento n\u00e3o aprove uma medida que possa ser \u201cdanosa ao pa\u00eds\u201d. \u201c\u00c9 um tema que n\u00f3s temos e vamos discutir, mas n\u00e3o ouvindo apenas um lado. Temos de ouvir tamb\u00e9m quem emprega\u201d, disse em almo\u00e7o da Frente Parlamentar do Empreendedorismo (FPE).\n<\/p>\n<p>Motta \u00e9 candidato a presidente da C\u00e2mara, com o apoio do atual ocupante do cargo, Arthur Lira (PP-AL). Ele \u00e9 favorito na disputa e j\u00e1 conta com o apoio de 15 dos 20 partidos com representa\u00e7\u00e3o na C\u00e2mara.\n<\/p>\n<p>O deputado disse que, caso venha a ser eleito presidente da Casa, ir\u00e1 pautar o debate com \u201co cuidado e carinho que o tema exige\u201d.<\/p>\n<p>Fonte: CNN Brasil              <\/p>\n<\/div>\n<p><br \/>\n<br \/><a href=\"https:\/\/diariodobrasilnoticias.com.br\/noticia\/o-fim-da-escala-6x1-preocupa-muito-afirma-hugo-motta-que-ressalta-a-importancia-de-ouvir-tambem-quem-emprega-67347b8f1a28a\">Source link <\/a><\/p>","protected":false},"excerpt":{"rendered":"<p>O deputado federal Hugo Motta (Republicanos-PB) disse, nesta ter\u00e7a-feira (12), que o movimento nas redes sociais pelo fim da escala 6\u00d71 \u201cpreocupa muito\u201d. \u201cMe preocupa muito, por exemplo, essa PEC&hellip;<\/p>","protected":false},"author":1,"featured_media":58730,"comment_status":"closed","ping_status":"open","sticky":false,"template":"","format":"standard","meta":{"content-type":"","footnotes":""},"categories":[16],"tags":[123,2448,5313,1267],"class_list":["post-58729","post","type-post","status-publish","format-standard","has-post-thumbnail","hentry","category-noticias","tag-brasil","tag-diario","tag-noticia","tag-noticias"],"_links":{"self":[{"href":"https:\/\/tvbrazilusa.com\/pt\/wp-json\/wp\/v2\/posts\/58729","targetHints":{"allow":["GET"]}}],"collection":[{"href":"https:\/\/tvbrazilusa.com\/pt\/wp-json\/wp\/v2\/posts"}],"about":[{"href":"https:\/\/tvbrazilusa.com\/pt\/wp-json\/wp\/v2\/types\/post"}],"author":[{"embeddable":true,"href":"https:\/\/tvbrazilusa.com\/pt\/wp-json\/wp\/v2\/users\/1"}],"replies":[{"embeddable":true,"href":"https:\/\/tvbrazilusa.com\/pt\/wp-json\/wp\/v2\/comments?post=58729"}],"version-history":[{"count":1,"href":"https:\/\/tvbrazilusa.com\/pt\/wp-json\/wp\/v2\/posts\/58729\/revisions"}],"predecessor-version":[{"id":58731,"href":"https:\/\/tvbrazilusa.com\/pt\/wp-json\/wp\/v2\/posts\/58729\/revisions\/58731"}],"wp:featuredmedia":[{"embeddable":true,"href":"https:\/\/tvbrazilusa.com\/pt\/wp-json\/wp\/v2\/media\/58730"}],"wp:attachment":[{"href":"https:\/\/tvbrazilusa.com\/pt\/wp-json\/wp\/v2\/media?parent=58729"}],"wp:term":[{"taxonomy":"category","embeddable":true,"href":"https:\/\/tvbrazilusa.com\/pt\/wp-json\/wp\/v2\/categories?post=58729"},{"taxonomy":"post_tag","embeddable":true,"href":"https:\/\/tvbrazilusa.com\/pt\/wp-json\/wp\/v2\/tags?post=58729"}],"curies":[{"name":"wp","href":"https:\/\/api.w.org\/{rel}","templated":true}]}}