{"id":58732,"date":"2024-11-13T11:00:00","date_gmt":"2024-11-13T11:00:00","guid":{"rendered":"https:\/\/tvbrazilusa.com\/2024\/11\/13\/trump-escolhe-dois-politicos-da-florida-para-cargos-de-gabinete-jacksonville-hoje\/"},"modified":"2024-11-13T11:39:23","modified_gmt":"2024-11-13T11:39:23","slug":"trump-escolhe-dois-politicos-da-florida-para-cargos-de-gabinete-jacksonville-hoje","status":"publish","type":"post","link":"https:\/\/tvbrazilusa.com\/pt\/2024\/11\/13\/trump-escolhe-dois-politicos-da-florida-para-cargos-de-gabinete-jacksonville-hoje\/","title":{"rendered":"Trump escolhe dois pol\u00edticos da Fl\u00f3rida para cargos de gabinete | Jacksonville hoje"},"content":{"rendered":"<p> <script async src=\"https:\/\/pagead2.googlesyndication.com\/pagead\/js\/adsbygoogle.js?client=ca-pub-8864793242727901\"\r\n     crossorigin=\"anonymous\"><\/script><br \/>\n<\/p>\n<div>\n<p><a href=\"https:\/\/jaxtoday.org\/2024\/11\/05\/nov-5-election-results\/\">Presidente eleito Donald Trump<\/a> est\u00e1 ocupado preenchendo cargos em seu gabinete enquanto se prepara para retornar \u00e0 Casa Branca em janeiro e est\u00e1 nomeando dois pol\u00edticos da Fl\u00f3rida para cargos importantes.<\/p>\n<p><a href=\"https:\/\/apnews.com\/article\/trump-staff-picks-stefanik-wiles-stephen-miller-tom-homan-243d73610b03a3ee18c4d5f68756af7c\" rel=\"nofollow noopener\" target=\"_blank\">Trump escolheu o deputado Michael Waltz<\/a>que representa partes dos condados de St. Johns e Putnam, como conselheiro de seguran\u00e7a nacional, e tem <a href=\"https:\/\/www.reuters.com\/world\/us\/trump-taps-us-senator-marco-rubio-secretary-state-2024-11-12\/\" rel=\"nofollow noopener\" target=\"_blank\">supostamente pousou no senador Marco Rubio<\/a> para secret\u00e1rio de Estado, embora o pr\u00f3prio Trump n\u00e3o tenha confirmado esses relat\u00f3rios.<\/p>\n<p>R\u00fabio, <a href=\"https:\/\/www.rubio.senate.gov\/about\/\" rel=\"nofollow noopener\" target=\"_blank\">um nativo de Miami<\/a>representa a Fl\u00f3rida no Senado dos EUA desde 2011 e foi reeleito recentemente para outro mandato de seis anos em 2022. <\/p>\n<p>Valsa, que <a href=\"https:\/\/waltz.house.gov\/about\/\" rel=\"nofollow noopener\" target=\"_blank\">cresceu em Jacksonville<\/a> e mora no condado de St. Johns, est\u00e1 no cargo desde 2019 e foi reeleito em 5 de novembro para outro mandato de dois anos.<\/p>\n<p>Waltz serviu anteriormente no Ex\u00e9rcito e na Guarda Nacional, onde fez parte dos Boinas Verdes. Ele tamb\u00e9m trabalhou como diretor de pol\u00edtica de defesa no Pent\u00e1gono e atualmente atua na For\u00e7a-Tarefa da C\u00e2mara para a China.<\/p>\n<p>Se o Senado aprovar as nomea\u00e7\u00f5es, o governador Ron DeSantis ter\u00e1 o<a href=\"https:\/\/crsreports.congress.gov\/product\/pdf\/R\/R44781\" rel=\"nofollow noopener\" target=\"_blank\"> poder para nomear<\/a> O substituto de Rubio, que serviria no Senado at\u00e9 2026. Para a vaga de Waltz, <a href=\"https:\/\/constitution.congress.gov\/browse\/essay\/artI-S2-C4-1\/ALDE_00013338\/\" rel=\"nofollow noopener\" target=\"_blank\">uma elei\u00e7\u00e3o especial<\/a> permitiria que os constituintes do Distrito 6 escolhessem seu novo representante.<\/p>\n<\/div>\n<p><br \/>\n<br \/><a href=\"https:\/\/jaxtoday.org\/2024\/11\/13\/trump-florida-cabinet\/\">Source link <\/a><\/p>","protected":false},"excerpt":{"rendered":"<p>Presidente eleito Donald Trump est\u00e1 ocupado preenchendo cargos em seu gabinete enquanto se prepara para retornar \u00e0 Casa Branca em janeiro e est\u00e1 nomeando dois pol\u00edticos da Fl\u00f3rida para cargos&hellip;<\/p>","protected":false},"author":1,"featured_media":58733,"comment_status":"closed","ping_status":"open","sticky":false,"template":"","format":"standard","meta":{"content-type":"","footnotes":""},"categories":[1],"tags":[],"class_list":["post-58732","post","type-post","status-publish","format-standard","has-post-thumbnail","hentry","category-uncategorized"],"_links":{"self":[{"href":"https:\/\/tvbrazilusa.com\/pt\/wp-json\/wp\/v2\/posts\/58732","targetHints":{"allow":["GET"]}}],"collection":[{"href":"https:\/\/tvbrazilusa.com\/pt\/wp-json\/wp\/v2\/posts"}],"about":[{"href":"https:\/\/tvbrazilusa.com\/pt\/wp-json\/wp\/v2\/types\/post"}],"author":[{"embeddable":true,"href":"https:\/\/tvbrazilusa.com\/pt\/wp-json\/wp\/v2\/users\/1"}],"replies":[{"embeddable":true,"href":"https:\/\/tvbrazilusa.com\/pt\/wp-json\/wp\/v2\/comments?post=58732"}],"version-history":[{"count":1,"href":"https:\/\/tvbrazilusa.com\/pt\/wp-json\/wp\/v2\/posts\/58732\/revisions"}],"predecessor-version":[{"id":58734,"href":"https:\/\/tvbrazilusa.com\/pt\/wp-json\/wp\/v2\/posts\/58732\/revisions\/58734"}],"wp:featuredmedia":[{"embeddable":true,"href":"https:\/\/tvbrazilusa.com\/pt\/wp-json\/wp\/v2\/media\/58733"}],"wp:attachment":[{"href":"https:\/\/tvbrazilusa.com\/pt\/wp-json\/wp\/v2\/media?parent=58732"}],"wp:term":[{"taxonomy":"category","embeddable":true,"href":"https:\/\/tvbrazilusa.com\/pt\/wp-json\/wp\/v2\/categories?post=58732"},{"taxonomy":"post_tag","embeddable":true,"href":"https:\/\/tvbrazilusa.com\/pt\/wp-json\/wp\/v2\/tags?post=58732"}],"curies":[{"name":"wp","href":"https:\/\/api.w.org\/{rel}","templated":true}]}}