{"id":58753,"date":"2024-11-13T12:43:51","date_gmt":"2024-11-13T12:43:51","guid":{"rendered":"https:\/\/tvbrazilusa.com\/2024\/11\/13\/bolsonaro-se-junta-a-aliados-e-faz-dancinha-em-apoio-a-trump-em-trend-viral-veja-video\/"},"modified":"2024-11-13T12:43:52","modified_gmt":"2024-11-13T12:43:52","slug":"bolsonaro-se-junta-a-aliados-e-faz-dancinha-em-apoio-a-trump-em-trend-viral-veja-video","status":"publish","type":"post","link":"https:\/\/tvbrazilusa.com\/pt\/2024\/11\/13\/bolsonaro-se-junta-a-aliados-e-faz-dancinha-em-apoio-a-trump-em-trend-viral-veja-video\/","title":{"rendered":"Bolsonaro se junta a aliados e faz dancinha em apoio a Trump em trend viral; VEJA V\u00cdDEO"},"content":{"rendered":"<p> <script async src=\"https:\/\/pagead2.googlesyndication.com\/pagead\/js\/adsbygoogle.js?client=ca-pub-8864793242727901\"\r\n     crossorigin=\"anonymous\"><\/script><br \/>\n<\/p>\n<div id=\"taboola-read-more\" style=\"display:block; width:100%\">\n<p>Jair Bolsonaro entrou na onda das redes sociais e se juntou \u00e0 tend\u00eancia do momento, fazendo uma \u201cdancinha\u201d popularizada pela vit\u00f3ria de Donald Trump nas elei\u00e7\u00f5es dos Estados Unidos.<\/p>\n<p>O ex-presidente brasileiro recebeu aliados jovens do Partido Liberal (PL) na sede do partido em Bras\u00edlia, entre eles Jo\u00e3o Pedro Pugina, o vereador mais votado deste ano em Ara\u00e7atuba (SP).<\/p>\n<p>Durante o encontro, Bolsonaro usou o bon\u00e9 de campanha de Trump e se divertiu com os jovens, soltando seu famoso \u201cirr\u00fa\u201d.<\/p>\n<p>Bolsonaro, que mant\u00e9m um bom relacionamento com Trump, j\u00e1 havia parabenizado o republicano por telefone assim que sua vit\u00f3ria nas elei\u00e7\u00f5es americanas foi confirmada, no dia 5 de novembro.<\/p>\n<p>O ex-presidente brasileiro tamb\u00e9m declarou que, caso seja convidado para a posse de Trump como presidente dos Estados Unidos, em janeiro de 2025, ele pretende comparecer, embora precise de autoriza\u00e7\u00e3o do ministro Alexandre de Moraes, do Supremo Tribunal Federal (STF).\n<\/p>\n<p>ASSISTA:<\/p>\n<p>Fonte: @conexaopoliticabr              <\/p>\n<\/div>\n<p><br \/>\n<br \/><a href=\"https:\/\/diariodobrasilnoticias.com.br\/noticia\/bolsonaro-se-junta-a-aliados-e-faz-dancinha-em-apoio-a-trump-em-trend-viral-veja-video-673484de98450\">Source link <\/a><\/p>","protected":false},"excerpt":{"rendered":"<p>Jair Bolsonaro entrou na onda das redes sociais e se juntou \u00e0 tend\u00eancia do momento, fazendo uma \u201cdancinha\u201d popularizada pela vit\u00f3ria de Donald Trump nas elei\u00e7\u00f5es dos Estados Unidos. O&hellip;<\/p>","protected":false},"author":1,"featured_media":58754,"comment_status":"closed","ping_status":"open","sticky":false,"template":"","format":"standard","meta":{"content-type":"","footnotes":""},"categories":[16],"tags":[123,2448,5313,1267],"class_list":["post-58753","post","type-post","status-publish","format-standard","has-post-thumbnail","hentry","category-noticias","tag-brasil","tag-diario","tag-noticia","tag-noticias"],"_links":{"self":[{"href":"https:\/\/tvbrazilusa.com\/pt\/wp-json\/wp\/v2\/posts\/58753","targetHints":{"allow":["GET"]}}],"collection":[{"href":"https:\/\/tvbrazilusa.com\/pt\/wp-json\/wp\/v2\/posts"}],"about":[{"href":"https:\/\/tvbrazilusa.com\/pt\/wp-json\/wp\/v2\/types\/post"}],"author":[{"embeddable":true,"href":"https:\/\/tvbrazilusa.com\/pt\/wp-json\/wp\/v2\/users\/1"}],"replies":[{"embeddable":true,"href":"https:\/\/tvbrazilusa.com\/pt\/wp-json\/wp\/v2\/comments?post=58753"}],"version-history":[{"count":1,"href":"https:\/\/tvbrazilusa.com\/pt\/wp-json\/wp\/v2\/posts\/58753\/revisions"}],"predecessor-version":[{"id":58755,"href":"https:\/\/tvbrazilusa.com\/pt\/wp-json\/wp\/v2\/posts\/58753\/revisions\/58755"}],"wp:featuredmedia":[{"embeddable":true,"href":"https:\/\/tvbrazilusa.com\/pt\/wp-json\/wp\/v2\/media\/58754"}],"wp:attachment":[{"href":"https:\/\/tvbrazilusa.com\/pt\/wp-json\/wp\/v2\/media?parent=58753"}],"wp:term":[{"taxonomy":"category","embeddable":true,"href":"https:\/\/tvbrazilusa.com\/pt\/wp-json\/wp\/v2\/categories?post=58753"},{"taxonomy":"post_tag","embeddable":true,"href":"https:\/\/tvbrazilusa.com\/pt\/wp-json\/wp\/v2\/tags?post=58753"}],"curies":[{"name":"wp","href":"https:\/\/api.w.org\/{rel}","templated":true}]}}