{"id":58759,"date":"2024-11-13T12:56:49","date_gmt":"2024-11-13T12:56:49","guid":{"rendered":"https:\/\/tvbrazilusa.com\/2024\/11\/13\/idoso-e-flagrado-varrendo-o-teto-de-um-predio-na-franca-veja-video\/"},"modified":"2024-11-13T12:56:50","modified_gmt":"2024-11-13T12:56:50","slug":"idoso-e-flagrado-varrendo-o-teto-de-um-predio-na-franca-veja-video","status":"publish","type":"post","link":"https:\/\/tvbrazilusa.com\/pt\/2024\/11\/13\/idoso-e-flagrado-varrendo-o-teto-de-um-predio-na-franca-veja-video\/","title":{"rendered":"Idoso \u00e9 flagrado varrendo o teto de um pr\u00e9dio na Fran\u00e7a; VEJA V\u00cdDEO"},"content":{"rendered":"<p> <script async src=\"https:\/\/pagead2.googlesyndication.com\/pagead\/js\/adsbygoogle.js?client=ca-pub-8864793242727901\"\r\n     crossorigin=\"anonymous\"><\/script><br \/>\n<\/p>\n<div id=\"taboola-read-more\" style=\"display:block; width:100%\">\n<p>Idoso \u00e9 flagrado varrendo teto de pr\u00e9dio em Paris, na Fran\u00e7a. O homem estava sem nenhum tipo de equipamento de seguran\u00e7a. Apesar do perigo, essa a\u00e7\u00e3o j\u00e1 faz parte da rotina do cidad\u00e3o que foi filmado pela vizinha.\n<\/p>\n<p>ASSISTA:<\/p>\n<p>Fonte: @hojeemdia              <\/p>\n<\/div>\n<p><br \/>\n<br \/><a href=\"https:\/\/diariodobrasilnoticias.com.br\/noticia\/idoso-e-flagrado-varrendo-o-teto-de-um-predio-na-franca-veja-video-673485fa4f1a7\">Source link <\/a><\/p>","protected":false},"excerpt":{"rendered":"<p>Idoso \u00e9 flagrado varrendo teto de pr\u00e9dio em Paris, na Fran\u00e7a. O homem estava sem nenhum tipo de equipamento de seguran\u00e7a. Apesar do perigo, essa a\u00e7\u00e3o j\u00e1 faz parte da&hellip;<\/p>","protected":false},"author":1,"featured_media":58760,"comment_status":"closed","ping_status":"open","sticky":false,"template":"","format":"standard","meta":{"content-type":"","footnotes":""},"categories":[16],"tags":[123,2448,5313,1267],"class_list":["post-58759","post","type-post","status-publish","format-standard","has-post-thumbnail","hentry","category-noticias","tag-brasil","tag-diario","tag-noticia","tag-noticias"],"_links":{"self":[{"href":"https:\/\/tvbrazilusa.com\/pt\/wp-json\/wp\/v2\/posts\/58759","targetHints":{"allow":["GET"]}}],"collection":[{"href":"https:\/\/tvbrazilusa.com\/pt\/wp-json\/wp\/v2\/posts"}],"about":[{"href":"https:\/\/tvbrazilusa.com\/pt\/wp-json\/wp\/v2\/types\/post"}],"author":[{"embeddable":true,"href":"https:\/\/tvbrazilusa.com\/pt\/wp-json\/wp\/v2\/users\/1"}],"replies":[{"embeddable":true,"href":"https:\/\/tvbrazilusa.com\/pt\/wp-json\/wp\/v2\/comments?post=58759"}],"version-history":[{"count":1,"href":"https:\/\/tvbrazilusa.com\/pt\/wp-json\/wp\/v2\/posts\/58759\/revisions"}],"predecessor-version":[{"id":58761,"href":"https:\/\/tvbrazilusa.com\/pt\/wp-json\/wp\/v2\/posts\/58759\/revisions\/58761"}],"wp:featuredmedia":[{"embeddable":true,"href":"https:\/\/tvbrazilusa.com\/pt\/wp-json\/wp\/v2\/media\/58760"}],"wp:attachment":[{"href":"https:\/\/tvbrazilusa.com\/pt\/wp-json\/wp\/v2\/media?parent=58759"}],"wp:term":[{"taxonomy":"category","embeddable":true,"href":"https:\/\/tvbrazilusa.com\/pt\/wp-json\/wp\/v2\/categories?post=58759"},{"taxonomy":"post_tag","embeddable":true,"href":"https:\/\/tvbrazilusa.com\/pt\/wp-json\/wp\/v2\/tags?post=58759"}],"curies":[{"name":"wp","href":"https:\/\/api.w.org\/{rel}","templated":true}]}}