{"id":58771,"date":"2024-11-13T13:03:55","date_gmt":"2024-11-13T13:03:55","guid":{"rendered":"https:\/\/tvbrazilusa.com\/2024\/11\/13\/john-krasinski-eleito-o-homem-mais-sexy-do-mundo-em-2024-pela-revista-people\/"},"modified":"2024-11-13T13:15:52","modified_gmt":"2024-11-13T13:15:52","slug":"john-krasinski-eleito-o-homem-mais-sexy-do-mundo-em-2024-pela-revista-people","status":"publish","type":"post","link":"https:\/\/tvbrazilusa.com\/pt\/2024\/11\/13\/john-krasinski-eleito-o-homem-mais-sexy-do-mundo-em-2024-pela-revista-people\/","title":{"rendered":"John Krasinski eleito o homem mais sexy do mundo em 2024 pela revista People"},"content":{"rendered":"<p> <script async src=\"https:\/\/pagead2.googlesyndication.com\/pagead\/js\/adsbygoogle.js?client=ca-pub-8864793242727901\"\r\n     crossorigin=\"anonymous\"><\/script><br \/>\n<\/p>\n<div id=\"\">\n<header class=\"m-article-header m-article-header--standard\">\n\t\t\t\t\t\t\t\t\t\t\t\t<span id=\"article-header-primary-term\"><br \/>\n\t\t\t\t\t\t\t\t<a class=\"a-term a-term--primary\" href=\"https:\/\/www.boston.com\/tag\/celebs\/\"><\/p>\n<p>\t\t\t\t\t\t\t\tCelebridades\t\t\t\t\t\t\t\t<\/a><br \/>\n\t\t\t\t\t\t\t<\/span><\/p>\n<h2 class=\"m-article-header__sub-headline\">Krasinski, que cresceu em Newton, disse \u00e0 People que sua rea\u00e7\u00e3o imediata \u00e0 homenagem foi \u201capenas um apag\u00e3o imediato, na verdade. Zero pensamentos.\u201d<\/h2>\n<figure class=\"a-photo m-article-header__photo\"><figcaption class=\"a-photo__caption\">\n<p>\tO produtor-diretor-roteirista John Krasinski comparece \u00e0 estreia de &#8220;IF&#8221; da Paramount Pictures no SVA Theatre, em 13 de maio de 2024, em Nova York. <em> Evan Agostini\/Invision\/AP, Arquivo<\/em>\t<\/figcaption><\/figure>\n<div class=\"m-article-header__meta\">\n<div class=\"m-article-header__byline\">\n<p class=\"m-article-header__author\">\n<p>\t\t\t\t\t\t\t\tPor Associated Press\t\t\t\t\t\t\t<\/p>\n<p>\t\t\t\t\t\t\t\t\t\t\t\t\t\t\t<time class=\"m-article-header__date\"><\/p>\n<p>\t\t\t\t\t\t\t\t\t13 de novembro de 2024 | 8h03\t\t\t\t\t\t\t\t<\/time><\/p><\/div>\n<\/p><\/div>\n<\/header>\n<p>LOS ANGELES (AP) \u2013 Que comecem os debates no escrit\u00f3rio \u2013 <a href=\"https:\/\/www.boston.com\/tag\/john-krasinski\/\">John Krasinski<\/a> \u00e9 da revista People <a href=\"https:\/\/people.com\/sexiest-man-alive\/\">O homem mais sexy do mundo em 2024<\/a>.<\/p>\n<p>A revista anunciou o ator-escritor-diretor e nativo de Newton como sua escolha na ter\u00e7a \u00e0 noite durante \u201cThe Late Show with Stephen Colbert\u201d.<\/p>\n<p>Krasinski estrelou <a href=\"https:\/\/www.boston.com\/culture\/streaming\/2024\/05\/08\/the-office-spinoff-tv-series-streaming-peacock\/\">\u201cO Escrit\u00f3rio\u201d <\/a>antes de lan\u00e7ar a franquia \u201cQuiet Place\u201d e liderar a s\u00e9rie de a\u00e7\u00e3o <a href=\"https:\/\/www.boston.com\/culture\/streaming\/2022\/11\/01\/jack-ryan-season-3-trailer-john-krasinski\/\">\u201cJack Ryan.\u201d<\/a> Ele brincou em uma entrevista \u00e0 revista que espera que sua esposa, a tamb\u00e9m atriz Emily Blunt, cumpra a promessa de colar a capa como papel de parede em sua casa.<\/p>\n<figure class=\"wp-block-image size-full\"><img loading=\"lazy\" decoding=\"async\" width=\"2560\" height=\"1780\" src=\"https:\/\/bdc2020.o0bc.com\/wp-content\/uploads\/2024\/11\/AP24317846662033-6734a31807d69-scaled.jpg\" alt=\"Emily Blunt e John Krasinski.\" class=\"wp-image-32340971\" srcset=\"https:\/\/bdc2020.o0bc.com\/wp-content\/uploads\/2024\/11\/AP24317846662033-6734a31807d69-scaled.jpg?width=200 200w, https:\/\/bdc2020.o0bc.com\/wp-content\/uploads\/2024\/11\/AP24317846662033-6734a31807d69-scaled.jpg?width=300 300w, https:\/\/bdc2020.o0bc.com\/wp-content\/uploads\/2024\/11\/AP24317846662033-6734a31807d69-scaled.jpg?width=400 400w, https:\/\/bdc2020.o0bc.com\/wp-content\/uploads\/2024\/11\/AP24317846662033-6734a31807d69-scaled.jpg?width=500 500w, https:\/\/bdc2020.o0bc.com\/wp-content\/uploads\/2024\/11\/AP24317846662033-6734a31807d69-scaled.jpg?width=600 600w, https:\/\/bdc2020.o0bc.com\/wp-content\/uploads\/2024\/11\/AP24317846662033-6734a31807d69-scaled.jpg?width=700 700w, https:\/\/bdc2020.o0bc.com\/wp-content\/uploads\/2024\/11\/AP24317846662033-6734a31807d69-scaled.jpg?width=800 800w, https:\/\/bdc2020.o0bc.com\/wp-content\/uploads\/2024\/11\/AP24317846662033-6734a31807d69-scaled.jpg?width=900 900w\" sizes=\"auto, (max-width: 2560px) 100vw, 2560px\"\/><figcaption class=\"wp-element-caption\">Emily Blunt, \u00e0 esquerda, e John Krasinski participam do The Albies, organizado pela Clooney Foundation for Justice, na Biblioteca P\u00fablica de Nova York, em 28 de setembro de 2023, em Nova York. <i> \u2013 Evan Agostini\/Invision\/AP, Arquivo<\/i><\/figcaption><\/figure>\n<p>Ele assume o manto do homenageado do ano passado, Patrick Dempsey.<\/p>\n<p>Krasinski, 45, disse \u00e0 People que sua rea\u00e7\u00e3o imediata \u00e0 homenagem foi \u201capenas um apag\u00e3o imediato, na verdade. Zero pensamentos.\u201d Ele acrescentou que pensou que poderia estar recebendo uma pegadinha.<\/p>\n<figure class=\"wp-block-embed is-type-video is-provider-youtube wp-block-embed-youtube wp-embed-aspect-16-9 wp-has-aspect-ratio\">\n<p>\n<iframe title=\"John Krasinski Is PEOPLE&#039;s 2024 Sexiest Man Alive: \u201cWhat Is Happening?!\u201d | PEOPLE\" width=\"1170\" height=\"658\" src=\"https:\/\/www.youtube.com\/embed\/M1VJMskQk4M?feature=oembed\" frameborder=\"0\" allow=\"accelerometer; autoplay; clipboard-write; encrypted-media; gyroscope; picture-in-picture; web-share\" referrerpolicy=\"strict-origin-when-cross-origin\" allowfullscreen><\/iframe>\n<\/p>\n<\/figure>\n<p>Ele alcan\u00e7ou a fama interpretando Jim, de cabelos desgrenhados e esguios, na vers\u00e3o americana do falso document\u00e1rio \u201cThe Office\u201d, e fez a transi\u00e7\u00e3o para o astro de a\u00e7\u00e3o musculoso e limpo em \u201cJack Ryan\u201d, da Amazon, interpretando o personagem de Tom Clancy anteriormente interpretado por Alec Baldwin, Harrison Ford e Ben Affleck na tela grande. Ele tamb\u00e9m co-escreveu, dirigiu e estrelou \u201cA Quiet Place\u201d, que se tornou uma franquia de tr\u00eas filmes, e criou a webs\u00e9rie da era pand\u00eamica de curta dura\u00e7\u00e3o, mas imensamente popular, \u201cSome Good News\u201d.<\/p>\n<p>No in\u00edcio deste ano, ele estreou seu sexto trabalho como diretor, \u201cIF\u201d, um filme sobre amigos imagin\u00e1rios que tamb\u00e9m apresentava Blunt.<\/p>\n<p>O casal tem duas filhas juntos.<\/p>\n<p>Krasinski disse \u00e0 People na edi\u00e7\u00e3o que chega \u00e0s bancas na sexta-feira que a homenagem provavelmente resultar\u00e1 em mais do que apenas piadas em casa.<\/p>\n<p>\u201cAcho que isso vai me obrigar a fazer mais tarefas dom\u00e9sticas\u201d, ele brincou.<\/p>\n<figure class=\"wp-block-image size-full\"><img loading=\"lazy\" decoding=\"async\" width=\"1707\" height=\"2560\" src=\"https:\/\/bdc2020.o0bc.com\/wp-content\/uploads\/2024\/11\/AP24317846692333-6734a32235b00-scaled.jpg\" alt=\"John Krasinski chega ao 81\u00ba Globo de Ouro.\" class=\"wp-image-32340972\" srcset=\"https:\/\/bdc2020.o0bc.com\/wp-content\/uploads\/2024\/11\/AP24317846692333-6734a32235b00-scaled.jpg?width=200 200w, https:\/\/bdc2020.o0bc.com\/wp-content\/uploads\/2024\/11\/AP24317846692333-6734a32235b00-scaled.jpg?width=300 300w, https:\/\/bdc2020.o0bc.com\/wp-content\/uploads\/2024\/11\/AP24317846692333-6734a32235b00-scaled.jpg?width=400 400w, https:\/\/bdc2020.o0bc.com\/wp-content\/uploads\/2024\/11\/AP24317846692333-6734a32235b00-scaled.jpg?width=500 500w, https:\/\/bdc2020.o0bc.com\/wp-content\/uploads\/2024\/11\/AP24317846692333-6734a32235b00-scaled.jpg?width=600 600w, https:\/\/bdc2020.o0bc.com\/wp-content\/uploads\/2024\/11\/AP24317846692333-6734a32235b00-scaled.jpg?width=700 700w, https:\/\/bdc2020.o0bc.com\/wp-content\/uploads\/2024\/11\/AP24317846692333-6734a32235b00-scaled.jpg?width=800 800w, https:\/\/bdc2020.o0bc.com\/wp-content\/uploads\/2024\/11\/AP24317846692333-6734a32235b00-scaled.jpg?width=900 900w\" sizes=\"auto, (max-width: 1707px) 100vw, 1707px\"\/><figcaption class=\"wp-element-caption\">John Krasinski chega ao 81\u00ba Globo de Ouro, em 7 de janeiro de 2024, no Beverly Hilton em Beverly Hills, Calif\u00f3rnia. <i> \u2013 Jordan Strauss\/Invision\/AP, Arquivo<\/i><\/figcaption><\/figure>\n<p>Agora em seu 40\u00ba ano, o primeiro homem mais sexy do mundo foi Mel Gibson. Outros ganhadores anteriores incluem Brad Pitt, George Clooney, John F. Kennedy Jr., David Beckham, Michael B. Jordan, John Legend, Dwayne Johnson, Paul Rudd e Pierce Brosnan.<\/p>\n<div class=\"m-block m-generic-cta\t m-generic-cta--post-content\t m-generic-cta--dark\t m-generic-cta--homepage\t m-generic-cta--email-signup\t\t m-generic-cta-block-style--default \tt-amp__generic-cta\"><\/p>\n<div class=\"m-generic-cta__wrap\">\n<div class=\"m-generic-cta__content\">\n<h3 class=\"m-generic-cta__title\">Precisa de planos para o fim de semana?<\/h3>\n<p class=\"m-generic-cta__subtitle\">As melhores coisas para fazer na cidade, entregues na sua caixa de entrada.<\/p>\n<\/p><\/div>\n<\/p><\/div>\n<\/div><\/div>\n<p><script>\n\t\tvar consent=\"grant\";\n\t\t\/* The above code is parsing the JSON data from the local storage and storing it in a variable. *\/\n\t\t\t\t\tconst onetrustStorageConsent = JSON.parse(localStorage.getItem( 'consent_one_trust_bdc' ) );\n\t\t\tif ( ( onetrustStorageConsent !== null ) ) \n\t\t\t\t\/* Checking to see if the user has consented to the use of cookies.\n\t\t\t\t* If they have not, it is deleting the cookie.\n\t\t\t\t* This will comment for now, until further notice.\n\t\t\t\t*\/\n\t\t\t\t\/\/if ( onetrustStorageConsent.C0002 === false ) \n\t\t\t\t\/\/\tdocument.cookie=\"_fbp=;expires=Thu, 01 Jan 2010 00:00:00 UTC; path=\/; domain=.boston.com\";\n\t\t\t\t\/\/\n\t\t\t\t\/* Checking if the user has given consent for the cookie C0002.\n\t\t\t\t* If the user has given consent, the variable consent will be set to 'grant'.\n\t\t\t\t* If the user has not given consent,the variable consent will be set to 'revoke'.\n\t\t\t\t* Documentation https:\/\/developers.facebook.com\/docs\/meta-pixel\/implementation\/gdpr\n\t\t\t\t*\/\n\t\t\t\tif ( onetrustStorageConsent.C0002 !== true ) \n\t\t\t\t\tconsent=\"revoke\";\n\t\t\t\t!function(f,b,e,v,n,t,s)\n\t\tif(f.fbq)return;n=f.fbq=function()n.callMethod?\n\t\tn.callMethod.apply(n,arguments):n.queue.push(arguments);\n\t\tif(!f._fbq)f._fbq=n;n.push=n;n.loaded=!0;n.version='2.0';\n\t\tn.queue=[];t=b.createElement(e);t.async=!0;\n\t\tt.src=v;s=b.getElementsByTagName(e)[0];\n\t\ts.parentNode.insertBefore(t,s)(window, document,'script',\n\t\t'https:\/\/connect.facebook.net\/en_US\/fbevents.js');\n\t\tfbq('consent', consent);\n\t\tfbq('init', '989222871864976');\n\t\tfbq('track', 'PageView');\n\t<\/script><script type=\"module\">\n\t\tvar consent=\"grant\";\n\t\t\/* The above code is parsing the JSON data from the local storage and storing it in a variable. *\/\n\t\t\tconst onetrustStorageConsent = JSON.parse(localStorage.getItem( 'consent_one_trust_bdc' ) );\n\t\t\t\/* Checking to see if the user has consented to the use of cookies.\n\t\t\t* If they have not, it is deleting the cookie.\n\t\t\t* This will comment for now, until further notice.\n\t\t\t*\/\n\t\t\t\/\/if ( onetrustStorageConsent.C0002 === false ) \n\t\t\t\/\/\tdocument.cookie=\"_fbp=;expires=Thu, 01 Jan 2010 00:00:00 UTC; path=\/; domain=.boston.com\";\n\t\t\t\/\/\n\t\t\t\/* Checking if the user has given consent for the cookie C0002.\n\t\t\t* If the user has given consent, the variable consent will be set to 'grant'.\n\t\t\t* If the user has not given consent,the variable consent will be set to 'revoke'.\n\t\t\t* Documentation https:\/\/developers.facebook.com\/docs\/meta-pixel\/implementation\/gdpr\n\t\t\t*\/\n\t\t\tif ( ( onetrustStorageConsent !== null ) && (onetrustStorageConsent.C0002 !== true ) ) \n\t\t\t\tconsent=\"revoke\";\n\t\t\t\t!function(f,b,e,v,n,t,s)if(f.fbq)return;n=f.fbq=function()\n\t\tn.callMethod? n.callMethod.apply(n,arguments):n.queue.push(arguments)\n\t\t;if(!f._fbq)f._fbq=n;\n\t\tn.push=n;n.loaded=!0;n.version='2.0';n.queue=[];t=b.createElement(e);t.async=!0;\n\t\tt.src=v;s=b.getElementsByTagName(e)[0];s.parentNode.insertBefore(t,s)(window,\n\t\tdocument,'script','https:\/\/connect.facebook.net\/en_US\/fbevents.js');\n\t\tfbq('consent', consent);\n\t\tfbq('init', '813236348753005');\n\t\tfbq('track', \"PageView\");\n\t<\/script><br \/>\n<br \/><br \/>\n<br \/><a href=\"https:\/\/www.boston.com\/culture\/celebs\/2024\/11\/13\/newton-native-john-krasinski-named-people-magazines-2024-sexiest-man-alive\/\">Source link <\/a><\/p>","protected":false},"excerpt":{"rendered":"<p>Celebridades Krasinski, que cresceu em Newton, disse \u00e0 People que sua rea\u00e7\u00e3o imediata \u00e0 homenagem foi \u201capenas um apag\u00e3o imediato, na verdade. Zero pensamentos.\u201d O produtor-diretor-roteirista John Krasinski comparece \u00e0&hellip;<\/p>","protected":false},"author":1,"featured_media":58772,"comment_status":"closed","ping_status":"open","sticky":false,"template":"","format":"standard","meta":{"content-type":"","footnotes":""},"categories":[1],"tags":[],"class_list":["post-58771","post","type-post","status-publish","format-standard","has-post-thumbnail","hentry","category-uncategorized"],"_links":{"self":[{"href":"https:\/\/tvbrazilusa.com\/pt\/wp-json\/wp\/v2\/posts\/58771","targetHints":{"allow":["GET"]}}],"collection":[{"href":"https:\/\/tvbrazilusa.com\/pt\/wp-json\/wp\/v2\/posts"}],"about":[{"href":"https:\/\/tvbrazilusa.com\/pt\/wp-json\/wp\/v2\/types\/post"}],"author":[{"embeddable":true,"href":"https:\/\/tvbrazilusa.com\/pt\/wp-json\/wp\/v2\/users\/1"}],"replies":[{"embeddable":true,"href":"https:\/\/tvbrazilusa.com\/pt\/wp-json\/wp\/v2\/comments?post=58771"}],"version-history":[{"count":1,"href":"https:\/\/tvbrazilusa.com\/pt\/wp-json\/wp\/v2\/posts\/58771\/revisions"}],"predecessor-version":[{"id":58773,"href":"https:\/\/tvbrazilusa.com\/pt\/wp-json\/wp\/v2\/posts\/58771\/revisions\/58773"}],"wp:featuredmedia":[{"embeddable":true,"href":"https:\/\/tvbrazilusa.com\/pt\/wp-json\/wp\/v2\/media\/58772"}],"wp:attachment":[{"href":"https:\/\/tvbrazilusa.com\/pt\/wp-json\/wp\/v2\/media?parent=58771"}],"wp:term":[{"taxonomy":"category","embeddable":true,"href":"https:\/\/tvbrazilusa.com\/pt\/wp-json\/wp\/v2\/categories?post=58771"},{"taxonomy":"post_tag","embeddable":true,"href":"https:\/\/tvbrazilusa.com\/pt\/wp-json\/wp\/v2\/tags?post=58771"}],"curies":[{"name":"wp","href":"https:\/\/api.w.org\/{rel}","templated":true}]}}