{"id":58777,"date":"2024-11-13T13:25:01","date_gmt":"2024-11-13T13:25:01","guid":{"rendered":"https:\/\/tvbrazilusa.com\/2024\/11\/13\/lula-perder-em-2026-nao-e-hipotese-descartada-apos-trump-diz-senador-petista-veja-video\/"},"modified":"2024-11-13T13:25:03","modified_gmt":"2024-11-13T13:25:03","slug":"lula-perder-em-2026-nao-e-hipotese-descartada-apos-trump-diz-senador-petista-veja-video","status":"publish","type":"post","link":"https:\/\/tvbrazilusa.com\/pt\/2024\/11\/13\/lula-perder-em-2026-nao-e-hipotese-descartada-apos-trump-diz-senador-petista-veja-video\/","title":{"rendered":"Lula perder em 2026 n\u00e3o \u00e9 &#8216;hip\u00f3tese descartada&#8217; ap\u00f3s Trump, diz senador petista; VEJA V\u00cdDEO"},"content":{"rendered":"<p> <script async src=\"https:\/\/pagead2.googlesyndication.com\/pagead\/js\/adsbygoogle.js?client=ca-pub-8864793242727901\"\r\n     crossorigin=\"anonymous\"><\/script><br \/>\n<\/p>\n<div id=\"taboola-read-more\" style=\"display:block; width:100%\">\n<p>O senador petista Humberto Costa (Pernambuco) disse, em entrevista ao Metr\u00f3poles, que a vit\u00f3ria de Donald Trump nos Estados Unidos \u00e9 um \u201csinal de alerta\u201d para a esquerda no Brasil e que a volta do republicano \u00e0 Casa Branca mostra que a hip\u00f3tese do presidente Luiz In\u00e1cio Lula da Silva (PT) perder em eventual tentativa de reelei\u00e7\u00e3o em 2026 n\u00e3o \u00e9 imposs\u00edvel.<\/p>\n<p>Segundo Costa, at\u00e9 pouco tempo atr\u00e1s Trump era considerado \u201cuma esp\u00e9cie de acidente\u201d da hist\u00f3ria, mas que sua volta ao poder depois de quatro anos mostra que a experi\u00eancia com governos de direita mais radical podem virar uma realidade.\n<\/p>\n<p>ASSISTA:<\/p>\n<p>Fonte: Blog do BG              <\/p>\n<\/div>\n<p><br \/>\n<br \/><a href=\"https:\/\/diariodobrasilnoticias.com.br\/noticia\/lula-perder-em-2026-nao-e-hipotese-descartada-apos-trump-diz-senador-petista-veja-video-67348a487617a\">Source link <\/a><\/p>","protected":false},"excerpt":{"rendered":"<p>O senador petista Humberto Costa (Pernambuco) disse, em entrevista ao Metr\u00f3poles, que a vit\u00f3ria de Donald Trump nos Estados Unidos \u00e9 um \u201csinal de alerta\u201d para a esquerda no Brasil&hellip;<\/p>","protected":false},"author":1,"featured_media":58778,"comment_status":"closed","ping_status":"open","sticky":false,"template":"","format":"standard","meta":{"content-type":"","footnotes":""},"categories":[16],"tags":[123,2448,5313,1267],"class_list":["post-58777","post","type-post","status-publish","format-standard","has-post-thumbnail","hentry","category-noticias","tag-brasil","tag-diario","tag-noticia","tag-noticias"],"_links":{"self":[{"href":"https:\/\/tvbrazilusa.com\/pt\/wp-json\/wp\/v2\/posts\/58777","targetHints":{"allow":["GET"]}}],"collection":[{"href":"https:\/\/tvbrazilusa.com\/pt\/wp-json\/wp\/v2\/posts"}],"about":[{"href":"https:\/\/tvbrazilusa.com\/pt\/wp-json\/wp\/v2\/types\/post"}],"author":[{"embeddable":true,"href":"https:\/\/tvbrazilusa.com\/pt\/wp-json\/wp\/v2\/users\/1"}],"replies":[{"embeddable":true,"href":"https:\/\/tvbrazilusa.com\/pt\/wp-json\/wp\/v2\/comments?post=58777"}],"version-history":[{"count":1,"href":"https:\/\/tvbrazilusa.com\/pt\/wp-json\/wp\/v2\/posts\/58777\/revisions"}],"predecessor-version":[{"id":58779,"href":"https:\/\/tvbrazilusa.com\/pt\/wp-json\/wp\/v2\/posts\/58777\/revisions\/58779"}],"wp:featuredmedia":[{"embeddable":true,"href":"https:\/\/tvbrazilusa.com\/pt\/wp-json\/wp\/v2\/media\/58778"}],"wp:attachment":[{"href":"https:\/\/tvbrazilusa.com\/pt\/wp-json\/wp\/v2\/media?parent=58777"}],"wp:term":[{"taxonomy":"category","embeddable":true,"href":"https:\/\/tvbrazilusa.com\/pt\/wp-json\/wp\/v2\/categories?post=58777"},{"taxonomy":"post_tag","embeddable":true,"href":"https:\/\/tvbrazilusa.com\/pt\/wp-json\/wp\/v2\/tags?post=58777"}],"curies":[{"name":"wp","href":"https:\/\/api.w.org\/{rel}","templated":true}]}}