{"id":58780,"date":"2024-11-13T13:22:35","date_gmt":"2024-11-13T13:22:35","guid":{"rendered":"https:\/\/tvbrazilusa.com\/2024\/11\/13\/o-procurador-especial-jack-smith-pretende-renunciar-antes-de-trump-assumir-o-cargo-e-esta-discutindo-como-encerrar-os-processos-wsvn-7news-noticias-de-miami-clima-esportes-fort-lauderdale\/"},"modified":"2024-11-13T13:29:44","modified_gmt":"2024-11-13T13:29:44","slug":"o-procurador-especial-jack-smith-pretende-renunciar-antes-de-trump-assumir-o-cargo-e-esta-discutindo-como-encerrar-os-processos-wsvn-7news-noticias-de-miami-clima-esportes-fort-lauderdale","status":"publish","type":"post","link":"https:\/\/tvbrazilusa.com\/pt\/2024\/11\/13\/o-procurador-especial-jack-smith-pretende-renunciar-antes-de-trump-assumir-o-cargo-e-esta-discutindo-como-encerrar-os-processos-wsvn-7news-noticias-de-miami-clima-esportes-fort-lauderdale\/","title":{"rendered":"O procurador especial Jack Smith pretende renunciar antes de Trump assumir o cargo e est\u00e1 discutindo como encerrar os processos &#8211; WSVN 7News | Not\u00edcias de Miami, clima, esportes | Fort Lauderdale"},"content":{"rendered":"<p> <script async src=\"https:\/\/pagead2.googlesyndication.com\/pagead\/js\/adsbygoogle.js?client=ca-pub-8864793242727901\"\r\n     crossorigin=\"anonymous\"><\/script><br \/>\n<\/p>\n<div itemprop=\"articleBody\">\n<p>(CNN) \u2013 O procurador especial Jack Smith pretende renunciar antes que o presidente eleito Donald Trump tome posse e est\u00e1 discutindo a mec\u00e2nica de encerrar os processos federais contra ele com a lideran\u00e7a do Departamento de Justi\u00e7a, disse um funcion\u00e1rio do DOJ familiarizado com as discuss\u00f5es.<\/p>\n<p>Trump amea\u00e7ou demitir Smith, mas Smith espera partir antes de Trump assumir o cargo.<\/p>\n<p>As conversa\u00e7\u00f5es entre Smith e os l\u00edderes do DOJ v\u00e3o al\u00e9m dos casos criminais de Trump, abrangendo quest\u00f5es sobre o que fazer com outros r\u00e9us no caso de documentos confidenciais, bem como com o gabinete do procurador especial e o que acontece com o seu or\u00e7amento e pessoal.<\/p>\n<p>Smith \u00e9 obrigado a produzir um relat\u00f3rio sobre seu trabalho para o procurador-geral Merrick Garland. N\u00e3o est\u00e1 claro se o momento da partida de Smith ser\u00e1 adiado se ele tiver que submeter o seu relat\u00f3rio \u00e0 comunidade de intelig\u00eancia para aprova\u00e7\u00e3o, de acordo com pessoas informadas sobre as discuss\u00f5es.<\/p>\n<p>Smith est\u00e1 trabalhando para concluir o relat\u00f3rio antes de Trump assumir o cargo, j\u00e1 que Garland precisaria aprov\u00e1-lo e decidir se divulgaria alguma parte publicamente, disse uma pessoa familiarizada com as discuss\u00f5es.<\/p>\n<p>O New York Times informou pela primeira vez sobre o momento dos planos de demiss\u00e3o de Smith.<\/p>\n<p>Trump e seus aliados amea\u00e7aram repetidamente demitir e processar a equipe de Smith. Em Outubro, o presidente eleito disse que usaria os poderes presidenciais para p\u00f4r fim \u00e0 investiga\u00e7\u00e3o de Smith e prometeu despedi-lo \u201cdentro de dois segundos\u201d.<\/p>\n<p>Como presidente, Trump beneficia de prote\u00e7\u00f5es contra processos judiciais que n\u00e3o tinha como civil. A pol\u00edtica de longa data do Departamento de Justi\u00e7a afirma que um presidente em exerc\u00edcio n\u00e3o pode ser processado por crimes, e uma decis\u00e3o do Supremo Tribunal este ver\u00e3o concluiu que Trump gozava de imunidade \u201cabsoluta\u201d de acusa\u00e7\u00e3o por a\u00e7\u00f5es tomadas no \u00e2mbito dos seus principais poderes constitucionais como presidente.<\/p>\n<p>Antes de sua partida, Smith ter\u00e1 que decidir como encerrar os dois processos criminais que moveu contra Trump. Na Fl\u00f3rida, Smith apelou da decis\u00e3o da ju\u00edza Aileen Cannon de rejeitar o caso de documentos confidenciais, decidindo que Smith foi nomeado inconstitucionalmente como advogado especial e que o financiamento do seu gabinete tamb\u00e9m violava a lei.<\/p>\n<p>E em Washington, DC, a equipa de Smith tem insistido no processo criminal que alega que Trump orquestrou uma conspira\u00e7\u00e3o para anular as elei\u00e7\u00f5es de 2020, na sequ\u00eancia da decis\u00e3o do Supremo Tribunal sobre a imunidade presidencial.<\/p>\n<p><em>The-CNN-Wire\u2122 e \u00a9 2024 Cable News Network, Inc., uma empresa da Time Warner. Todos os direitos reservados.<\/em><\/p>\n<div class=\"wp-block-newsletter\">\n\t<strong class=\"wp-block-newsletter__title\">Cadastre-se em nosso boletim informativo para receber as \u00faltimas not\u00edcias diretamente em sua caixa de entrada<\/strong><\/p>\n<\/div><\/div>\n<p><br \/>\n<br \/><a href=\"https:\/\/wsvn.com\/news\/politics\/special-counsel-jack-smith-looking-at-stepping-down-before-trump-takes-office-and-is-discussing-how-to-end-prosecutions\/\">Source link <\/a><\/p>","protected":false},"excerpt":{"rendered":"<p>(CNN) \u2013 O procurador especial Jack Smith pretende renunciar antes que o presidente eleito Donald Trump tome posse e est\u00e1 discutindo a mec\u00e2nica de encerrar os processos federais contra ele&hellip;<\/p>","protected":false},"author":1,"featured_media":58781,"comment_status":"closed","ping_status":"open","sticky":false,"template":"","format":"standard","meta":{"content-type":"","footnotes":""},"categories":[1],"tags":[],"class_list":["post-58780","post","type-post","status-publish","format-standard","has-post-thumbnail","hentry","category-uncategorized"],"_links":{"self":[{"href":"https:\/\/tvbrazilusa.com\/pt\/wp-json\/wp\/v2\/posts\/58780","targetHints":{"allow":["GET"]}}],"collection":[{"href":"https:\/\/tvbrazilusa.com\/pt\/wp-json\/wp\/v2\/posts"}],"about":[{"href":"https:\/\/tvbrazilusa.com\/pt\/wp-json\/wp\/v2\/types\/post"}],"author":[{"embeddable":true,"href":"https:\/\/tvbrazilusa.com\/pt\/wp-json\/wp\/v2\/users\/1"}],"replies":[{"embeddable":true,"href":"https:\/\/tvbrazilusa.com\/pt\/wp-json\/wp\/v2\/comments?post=58780"}],"version-history":[{"count":1,"href":"https:\/\/tvbrazilusa.com\/pt\/wp-json\/wp\/v2\/posts\/58780\/revisions"}],"predecessor-version":[{"id":58782,"href":"https:\/\/tvbrazilusa.com\/pt\/wp-json\/wp\/v2\/posts\/58780\/revisions\/58782"}],"wp:featuredmedia":[{"embeddable":true,"href":"https:\/\/tvbrazilusa.com\/pt\/wp-json\/wp\/v2\/media\/58781"}],"wp:attachment":[{"href":"https:\/\/tvbrazilusa.com\/pt\/wp-json\/wp\/v2\/media?parent=58780"}],"wp:term":[{"taxonomy":"category","embeddable":true,"href":"https:\/\/tvbrazilusa.com\/pt\/wp-json\/wp\/v2\/categories?post=58780"},{"taxonomy":"post_tag","embeddable":true,"href":"https:\/\/tvbrazilusa.com\/pt\/wp-json\/wp\/v2\/tags?post=58780"}],"curies":[{"name":"wp","href":"https:\/\/api.w.org\/{rel}","templated":true}]}}