{"id":58794,"date":"2024-11-13T13:53:49","date_gmt":"2024-11-13T13:53:49","guid":{"rendered":"https:\/\/tvbrazilusa.com\/2024\/11\/13\/urgente-deputado-do-pt-perde-cadeira-na-assembleia-legislativa-depois-de-recontagem-de-votos\/"},"modified":"2024-11-13T13:53:51","modified_gmt":"2024-11-13T13:53:51","slug":"urgente-deputado-do-pt-perde-cadeira-na-assembleia-legislativa-depois-de-recontagem-de-votos","status":"publish","type":"post","link":"https:\/\/tvbrazilusa.com\/pt\/2024\/11\/13\/urgente-deputado-do-pt-perde-cadeira-na-assembleia-legislativa-depois-de-recontagem-de-votos\/","title":{"rendered":"URGENTE: Deputado do PT perde cadeira na Assembleia Legislativa depois de recontagem de votos"},"content":{"rendered":"<p> <script async src=\"https:\/\/pagead2.googlesyndication.com\/pagead\/js\/adsbygoogle.js?client=ca-pub-8864793242727901\"\r\n     crossorigin=\"anonymous\"><\/script><br \/>\n<\/p>\n<div id=\"taboola-read-more\" style=\"display:block; width:100%\">\n<p>O Tribunal Regional Eleitoral de S\u00e3o Paulo (TRE-SP) fez nesta ter\u00e7a-feira, 12, uma recontagem dos votos das elei\u00e7\u00f5es de 2022, devido a processos judiciais. Isso levou o deputado estadual Sim\u00e3o Pedro (PT) a perder a cadeira e ficar na condi\u00e7\u00e3o de primeiro suplente. A apura\u00e7\u00e3o \u00e9 do jornal Folha de S.Paulo.\n<\/p>\n<p>Com a nova contagem, Camila Godoi (PSB) passou \u00e0 condi\u00e7\u00e3o de eleita e poder\u00e1 assumir uma vaga na Assembleia Legislativa.<\/p>\n<p>Segundo o TRE, a altera\u00e7\u00e3o da lista de eleitos ocorreu depois do julgamento de A\u00e7\u00f5es de Investiga\u00e7\u00e3o Judicial Eleitoral (Aijes), que resultaram na cassa\u00e7\u00e3o de candidatos a deputado do Pros e do PTB (ambas legendas j\u00e1 extintas). As candidaturas tiveram os votos anulados por fraude \u00e0 cota de g\u00eanero, que estimula a presen\u00e7a de mulheres na pol\u00edtica.\n<\/p>\n<p>O resultado ainda ter\u00e1 de ser homologado pelo plen\u00e1rio do tribunal, segundo informou a assessoria do TRE \u00e0 Folha.\n<\/p>\n<p>Em nota, Sim\u00e3o Pedro afirmou ter recebido com surpresa a decis\u00e3o e ressaltou que ela ainda passar\u00e1 pela an\u00e1lise colegiada. \u201cEstamos tentando compreender o processo e estudaremos como recorrer da decis\u00e3o\u201d, disse.\n<\/p>\n<p>Segundo a assessoria da Assembleia, a altera\u00e7\u00e3o ainda vai ser informada pelo TRE, para que a mudan\u00e7a no quadro de parlamentares seja executada.\n<\/p>\n<p><strong>Recontagem \u00e9 derrota para o PT na Assembleia<\/strong><br \/>Camila Godoi \u00e9 vereadora em Itapevi (SP) e concorreu \u00e0 prefeitura neste ano, mas n\u00e3o foi eleita. Ela fez uma transmiss\u00e3o nas redes sociais para comemorar a chegada \u00e0 Assembleia.\n<\/p>\n<p>Se for confirmada sua posse, a bancada do PSB vai passar a ter quatro deputados estaduais. J\u00e1 a do PT vai cair de 18 para 17 parlamentares.\n<\/p>\n<p>As decis\u00f5es que provocaram a dan\u00e7a das cadeiras foram iniciadas pela Procuradoria Regional Eleitoral, que apontou fraudes do Pros e do PTB no cumprimento da regra que determina o m\u00ednimo de 30% para candidaturas de homens ou mulheres. Com isso, foram anulados todos os votos dados \u00e0s legendas.\n<\/p>\n<p>O tribunal afirmou \u00e0 Folha que a retotaliza\u00e7\u00e3o n\u00e3o interfere na apura\u00e7\u00e3o das urnas, mas, sim, no total de votos v\u00e1lidos.\n<\/p>\n<p>Como as candidaturas cassadas t\u00eam os votos considerados nulos pela Justi\u00e7a Eleitoral, esses votos s\u00e3o exclu\u00eddos do c\u00e1lculo para a distribui\u00e7\u00e3o das vagas. Por isso, \u00e9 necess\u00e1ria uma nova totaliza\u00e7\u00e3o.\n<\/p>\n<p>Para o resultado final, a Justi\u00e7a Eleitoral exclui votos nulos e brancos e considera apenas os v\u00e1lidos.<\/p>\n<p>Fonte: Revista Oeste              <\/p>\n<\/div>\n<p><br \/>\n<br \/><a href=\"https:\/\/diariodobrasilnoticias.com.br\/noticia\/urgente-deputado-do-pt-perde-cadeira-na-assembleia-legislativa-depois-de-recontagem-de-votos-6734a8f335be4\">Source link <\/a><\/p>","protected":false},"excerpt":{"rendered":"<p>O Tribunal Regional Eleitoral de S\u00e3o Paulo (TRE-SP) fez nesta ter\u00e7a-feira, 12, uma recontagem dos votos das elei\u00e7\u00f5es de 2022, devido a processos judiciais. Isso levou o deputado estadual Sim\u00e3o&hellip;<\/p>","protected":false},"author":1,"featured_media":58795,"comment_status":"closed","ping_status":"open","sticky":false,"template":"","format":"standard","meta":{"content-type":"","footnotes":""},"categories":[16],"tags":[123,2448,5313,1267],"class_list":["post-58794","post","type-post","status-publish","format-standard","has-post-thumbnail","hentry","category-noticias","tag-brasil","tag-diario","tag-noticia","tag-noticias"],"_links":{"self":[{"href":"https:\/\/tvbrazilusa.com\/pt\/wp-json\/wp\/v2\/posts\/58794","targetHints":{"allow":["GET"]}}],"collection":[{"href":"https:\/\/tvbrazilusa.com\/pt\/wp-json\/wp\/v2\/posts"}],"about":[{"href":"https:\/\/tvbrazilusa.com\/pt\/wp-json\/wp\/v2\/types\/post"}],"author":[{"embeddable":true,"href":"https:\/\/tvbrazilusa.com\/pt\/wp-json\/wp\/v2\/users\/1"}],"replies":[{"embeddable":true,"href":"https:\/\/tvbrazilusa.com\/pt\/wp-json\/wp\/v2\/comments?post=58794"}],"version-history":[{"count":1,"href":"https:\/\/tvbrazilusa.com\/pt\/wp-json\/wp\/v2\/posts\/58794\/revisions"}],"predecessor-version":[{"id":58796,"href":"https:\/\/tvbrazilusa.com\/pt\/wp-json\/wp\/v2\/posts\/58794\/revisions\/58796"}],"wp:featuredmedia":[{"embeddable":true,"href":"https:\/\/tvbrazilusa.com\/pt\/wp-json\/wp\/v2\/media\/58795"}],"wp:attachment":[{"href":"https:\/\/tvbrazilusa.com\/pt\/wp-json\/wp\/v2\/media?parent=58794"}],"wp:term":[{"taxonomy":"category","embeddable":true,"href":"https:\/\/tvbrazilusa.com\/pt\/wp-json\/wp\/v2\/categories?post=58794"},{"taxonomy":"post_tag","embeddable":true,"href":"https:\/\/tvbrazilusa.com\/pt\/wp-json\/wp\/v2\/tags?post=58794"}],"curies":[{"name":"wp","href":"https:\/\/api.w.org\/{rel}","templated":true}]}}