{"id":58797,"date":"2024-11-13T14:06:17","date_gmt":"2024-11-13T14:06:17","guid":{"rendered":"https:\/\/tvbrazilusa.com\/2024\/11\/13\/agora-lula-se-reune-com-o-ministro-da-defesa-e-deve-anunciar-corte-de-gastos-originados-dos-militares-veja-video\/"},"modified":"2024-11-13T14:06:19","modified_gmt":"2024-11-13T14:06:19","slug":"agora-lula-se-reune-com-o-ministro-da-defesa-e-deve-anunciar-corte-de-gastos-originados-dos-militares-veja-video","status":"publish","type":"post","link":"https:\/\/tvbrazilusa.com\/pt\/2024\/11\/13\/agora-lula-se-reune-com-o-ministro-da-defesa-e-deve-anunciar-corte-de-gastos-originados-dos-militares-veja-video\/","title":{"rendered":"AGORA: Lula se re\u00fane com o ministro da Defesa e deve anunciar corte de gastos originados dos militares; VEJA V\u00cdDEO"},"content":{"rendered":"<p> <script async src=\"https:\/\/pagead2.googlesyndication.com\/pagead\/js\/adsbygoogle.js?client=ca-pub-8864793242727901\"\r\n     crossorigin=\"anonymous\"><\/script><br \/>\n<br \/>AGORA: Lula se re\u00fane com M\u00facio em meio a corte de gastos; VEJA V\u00cdDEO<br \/>\n<br \/><br \/>\n<br \/><a href=\"https:\/\/diariodobrasilnoticias.com.br\/noticia\/agora-lula-se-reune-com-o-ministro-da-defesa-e-deve-anunciar-corte-de-gastos-originados-dos-militares-veja-video-6734952db6ce6\">Source link <\/a><\/p>","protected":false},"excerpt":{"rendered":"<p>AGORA: Lula se re\u00fane com M\u00facio em meio a corte de gastos; VEJA V\u00cdDEO Source link<\/p>","protected":false},"author":1,"featured_media":58798,"comment_status":"closed","ping_status":"open","sticky":false,"template":"","format":"standard","meta":{"content-type":"","footnotes":""},"categories":[16],"tags":[123,2448,5313,1267],"class_list":["post-58797","post","type-post","status-publish","format-standard","has-post-thumbnail","hentry","category-noticias","tag-brasil","tag-diario","tag-noticia","tag-noticias"],"_links":{"self":[{"href":"https:\/\/tvbrazilusa.com\/pt\/wp-json\/wp\/v2\/posts\/58797","targetHints":{"allow":["GET"]}}],"collection":[{"href":"https:\/\/tvbrazilusa.com\/pt\/wp-json\/wp\/v2\/posts"}],"about":[{"href":"https:\/\/tvbrazilusa.com\/pt\/wp-json\/wp\/v2\/types\/post"}],"author":[{"embeddable":true,"href":"https:\/\/tvbrazilusa.com\/pt\/wp-json\/wp\/v2\/users\/1"}],"replies":[{"embeddable":true,"href":"https:\/\/tvbrazilusa.com\/pt\/wp-json\/wp\/v2\/comments?post=58797"}],"version-history":[{"count":1,"href":"https:\/\/tvbrazilusa.com\/pt\/wp-json\/wp\/v2\/posts\/58797\/revisions"}],"predecessor-version":[{"id":58799,"href":"https:\/\/tvbrazilusa.com\/pt\/wp-json\/wp\/v2\/posts\/58797\/revisions\/58799"}],"wp:featuredmedia":[{"embeddable":true,"href":"https:\/\/tvbrazilusa.com\/pt\/wp-json\/wp\/v2\/media\/58798"}],"wp:attachment":[{"href":"https:\/\/tvbrazilusa.com\/pt\/wp-json\/wp\/v2\/media?parent=58797"}],"wp:term":[{"taxonomy":"category","embeddable":true,"href":"https:\/\/tvbrazilusa.com\/pt\/wp-json\/wp\/v2\/categories?post=58797"},{"taxonomy":"post_tag","embeddable":true,"href":"https:\/\/tvbrazilusa.com\/pt\/wp-json\/wp\/v2\/tags?post=58797"}],"curies":[{"name":"wp","href":"https:\/\/api.w.org\/{rel}","templated":true}]}}