{"id":58806,"date":"2024-11-13T14:33:54","date_gmt":"2024-11-13T14:33:54","guid":{"rendered":"https:\/\/tvbrazilusa.com\/2024\/11\/13\/apostas-com-recursos-do-bolsa-familia-sao-proibidas-por-ordem-de-fux\/"},"modified":"2024-11-13T14:33:55","modified_gmt":"2024-11-13T14:33:55","slug":"apostas-com-recursos-do-bolsa-familia-sao-proibidas-por-ordem-de-fux","status":"publish","type":"post","link":"https:\/\/tvbrazilusa.com\/pt\/2024\/11\/13\/apostas-com-recursos-do-bolsa-familia-sao-proibidas-por-ordem-de-fux\/","title":{"rendered":"Apostas com recursos do Bolsa Fam\u00edlia s\u00e3o proibidas por ordem de Fux"},"content":{"rendered":"<p> <script async src=\"https:\/\/pagead2.googlesyndication.com\/pagead\/js\/adsbygoogle.js?client=ca-pub-8864793242727901\"\r\n     crossorigin=\"anonymous\"><\/script><br \/>\n<\/p>\n<div id=\"taboola-read-more\" style=\"display:block; width:100%\">\n<p>O ministro Luiz Fux, do Supremo Tribunal Federal (STF), mandou o governo federal adotar imediatamente medidas para impedir o uso de recursos de programas assistenciais, como o Bolsa Fam\u00edlia e o Benef\u00edcio de Presta\u00e7\u00e3o Continuada (BPC), em apostas on-line, conhecidas como bets.\n<\/p>\n<p>Na decis\u00e3o, com data da \u00faltima ter\u00e7a-feira, 12, Fux diz se tratar de uma medida de \u201cprote\u00e7\u00e3o especial\u201d e tamb\u00e9m manda o governo aplicar regras previstas em uma portaria federal \u2014 a portaria da Secretaria de Pr\u00eamios e Apostas\/Minist\u00e9rio da Fazenda (SPA\/MF) n\u00famero 1.231, de 31 de julho de 2024 \u2014 que vedam a publicidade de sites de aposta voltada a crian\u00e7as e adolescentes.<\/p>\n<p>Sobra proibi\u00e7\u00e3o do uso de recursos de programas sociais para apostas, Fux estabeleceu que \u201csejam implementadas medidas imediatas de prote\u00e7\u00e3o especial que impe\u00e7am a participa\u00e7\u00e3o nas apostas de quota fixa com recursos provenientes de programas sociais e assistenciais como o Bolsa Fam\u00edlia, o Benef\u00edcio de Presta\u00e7\u00e3o Continuada e cong\u00eaneres, at\u00e9 a conclus\u00e3o do julgamento de m\u00e9rito das referidas A\u00e7\u00f5es Diretas de Inconstitucionalidade\u201d.\n<\/p>\n<p>A decis\u00e3o foi tomada em duas a\u00e7\u00f5es diretas de inconstitucionalidade (ADI) ajuizadas na Corte pela Confedera\u00e7\u00e3o Nacional do Com\u00e9rcio de Bens, Servi\u00e7os e Turismo (CNC) e pelo Solidariedade. O ministro \u00e9 o relator dessa a\u00e7\u00e3o.\n<\/p>\n<p>Para decidir, o ministro se fundamentou em informa\u00e7\u00f5es obtidas durante audi\u00eancia p\u00fablica realizada na ter\u00e7a-feira 12 sobre as bets e a Lei Federal 14.790, sancionada pelo presidente Luiz In\u00e1cio Lula da Silva em 29 de dezembro do ano passado, que liberou as apostas.\n<\/p>\n<p>\u201cAs manifesta\u00e7\u00f5es realizadas pelos diferentes atores na audi\u00eancia p\u00fablica apresentaram evid\u00eancias dos relevantes e delet\u00e9rios impactos atualmente em curso (i) da publicidade de apostas na sa\u00fade mental de crian\u00e7as e adolescentes, e (ii) das apostas nos or\u00e7amentos familiares, particularmente de pessoas benefici\u00e1rias de programas sociais e assistenciais, configurando, portanto o fumus boni iuris da alega\u00e7\u00e3o de prote\u00e7\u00e3o insuficiente conferida pela Lei n. 14.790\/2023\u2033, escreveu o ministro.\n<\/p>\n<p>Segundo ele, \u201cverifica-se que o atual cen\u00e1rio de evidente prote\u00e7\u00e3o insuficiente, com efeitos imediatos delet\u00e9rios, sobretudo em crian\u00e7as, adolescentes e nos or\u00e7amentos familiares de benefici\u00e1rios de programas assistenciais, configura manifesto periculum in mora, que deve ser afastado de imediato, sob pena de a inaplica\u00e7\u00e3o de normas j\u00e1 editadas, at\u00e9 janeiro de 2025, agravar o j\u00e1 cr\u00edtico quadro atual\u201d.\n<\/p>\n<p><a href=\"https:\/\/medias.revistaoeste.com\/wp-content\/uploads\/2024\/11\/decisao-fux.pdf\">Leia a decis\u00e3o de Luiz Fux<\/a><\/p>\n<p>Fonte: Revista Oeste              <\/p>\n<\/div>\n<p><br \/>\n<br \/><a href=\"https:\/\/diariodobrasilnoticias.com.br\/noticia\/apostas-com-recursos-do-bolsa-familia-sao-proibidas-por-ordem-de-fux-67349c2c9f283\">Source link <\/a><\/p>","protected":false},"excerpt":{"rendered":"<p>O ministro Luiz Fux, do Supremo Tribunal Federal (STF), mandou o governo federal adotar imediatamente medidas para impedir o uso de recursos de programas assistenciais, como o Bolsa Fam\u00edlia e&hellip;<\/p>","protected":false},"author":1,"featured_media":58807,"comment_status":"closed","ping_status":"open","sticky":false,"template":"","format":"standard","meta":{"content-type":"","footnotes":""},"categories":[16],"tags":[123,2448,5313,1267],"class_list":["post-58806","post","type-post","status-publish","format-standard","has-post-thumbnail","hentry","category-noticias","tag-brasil","tag-diario","tag-noticia","tag-noticias"],"_links":{"self":[{"href":"https:\/\/tvbrazilusa.com\/pt\/wp-json\/wp\/v2\/posts\/58806","targetHints":{"allow":["GET"]}}],"collection":[{"href":"https:\/\/tvbrazilusa.com\/pt\/wp-json\/wp\/v2\/posts"}],"about":[{"href":"https:\/\/tvbrazilusa.com\/pt\/wp-json\/wp\/v2\/types\/post"}],"author":[{"embeddable":true,"href":"https:\/\/tvbrazilusa.com\/pt\/wp-json\/wp\/v2\/users\/1"}],"replies":[{"embeddable":true,"href":"https:\/\/tvbrazilusa.com\/pt\/wp-json\/wp\/v2\/comments?post=58806"}],"version-history":[{"count":1,"href":"https:\/\/tvbrazilusa.com\/pt\/wp-json\/wp\/v2\/posts\/58806\/revisions"}],"predecessor-version":[{"id":58808,"href":"https:\/\/tvbrazilusa.com\/pt\/wp-json\/wp\/v2\/posts\/58806\/revisions\/58808"}],"wp:featuredmedia":[{"embeddable":true,"href":"https:\/\/tvbrazilusa.com\/pt\/wp-json\/wp\/v2\/media\/58807"}],"wp:attachment":[{"href":"https:\/\/tvbrazilusa.com\/pt\/wp-json\/wp\/v2\/media?parent=58806"}],"wp:term":[{"taxonomy":"category","embeddable":true,"href":"https:\/\/tvbrazilusa.com\/pt\/wp-json\/wp\/v2\/categories?post=58806"},{"taxonomy":"post_tag","embeddable":true,"href":"https:\/\/tvbrazilusa.com\/pt\/wp-json\/wp\/v2\/tags?post=58806"}],"curies":[{"name":"wp","href":"https:\/\/api.w.org\/{rel}","templated":true}]}}