{"id":58843,"date":"2024-11-13T15:26:48","date_gmt":"2024-11-13T15:26:48","guid":{"rendered":"https:\/\/tvbrazilusa.com\/2024\/11\/13\/itaipu-da-patrocinio-alto-para-o-janjapalooza-veja-valor\/"},"modified":"2024-11-13T15:26:49","modified_gmt":"2024-11-13T15:26:49","slug":"itaipu-da-patrocinio-alto-para-o-janjapalooza-veja-valor","status":"publish","type":"post","link":"https:\/\/tvbrazilusa.com\/pt\/2024\/11\/13\/itaipu-da-patrocinio-alto-para-o-janjapalooza-veja-valor\/","title":{"rendered":"Itaipu d\u00e1 Patroc\u00ednio alto para o JANJAPALOOZA; VEJA VALOR"},"content":{"rendered":"<p> <script async src=\"https:\/\/pagead2.googlesyndication.com\/pagead\/js\/adsbygoogle.js?client=ca-pub-8864793242727901\"\r\n     crossorigin=\"anonymous\"><\/script><br \/>\n<\/p>\n<div id=\"id__evrdp8d19ba\" dir=\"auto\" lang=\"pt\" data-testid=\"tweetText\"><span class=\"css-1jxf684 r-bcqeeo r-1ttztb7 r-qvutc0 r-poiln3\">A Itaipu Binacional deu R$ 15 milh\u00f5es a t\u00edtulo de patroc\u00ednio para o festival Alian\u00e7a Global Contra a Fome a Pobreza, que ocorre no Rio de quinta-feira, 14, a s\u00e1bado,16. O patroc\u00ednio da empresa estatal binacional foi tamb\u00e9m para a reuni\u00e3o da C\u00fapula do G-20 Social e para eventos paralelos. A reportagem do Estad\u00e3o perguntou ao Banco do Brasil, \u00e0 Caixa e \u00e0 Petrobras quanto essas empresas aportaram ao evento, mas n\u00e3o houve resposta at\u00e9 agora. O BNDES respondeu, mas se recusou a informar os valores.<\/p>\n<p>\u00c0 reportagem, o BNDES disse que \u201ceventuais demandas de imprensa dever\u00e3o ser encaminhadas ao Minist\u00e9rio da Cultura\u201d. J\u00e1 o Minist\u00e9rio da Cultura disse, em nota, que \u201co valor investido no festival ser\u00e1 divulgado posteriormente\u201d. Ao omitir as informa\u00e7\u00f5es, o BNDES contraria a pr\u00e1tica do pr\u00f3prio banco: a institui\u00e7\u00e3o divulga valores em seu site. O uso de estatais para financiar eventos tem sido pr\u00e1tica comum no terceiro mandato do presidente Luiz In\u00e1cio Lula da Silva (PT).<\/p>\n<p>Por causa do envolvimento da primeira-dama Ros\u00e2ngela da Silva, a Janja, na organiza\u00e7\u00e3o, a festividade passou a ser chamada de \u201cJanjapalooza\u201d nas redes sociais. Antes de se tornar uma pessoa p\u00fablica, Janja trabalhou na Itaipu entre 2005 e 2020 \u2013 na estatal, ela foi assistente do ent\u00e3o diretor-geral Jorge Samek.<\/p>\n<p><\/span><\/div>\n<div dir=\"auto\" lang=\"pt\" data-testid=\"tweetText\"><span class=\"css-1jxf684 r-bcqeeo r-1ttztb7 r-qvutc0 r-poiln3\">O evento ser\u00e1 na pra\u00e7a Mau\u00e1, perto do Museu do Amanh\u00e3, e ter\u00e1 atra\u00e7\u00f5es de renome como Alceu Valen\u00e7a, Zeca Pagodinho e Ney Matogrosso, com entrada gratuita. O festival foi planejado para ser realizado nos mesmos dias do G-20 Social, um encontro de representantes da sociedade civil.<\/p>\n<p>Outra estatal envolvida com a organiza\u00e7\u00e3o do \u201cJanjapalooza\u201d, o Serpro (Servi\u00e7o Federal de Processamento de Dados) disse n\u00e3o ter patrocinado o festival com dinheiro. A empresa disse ter desempenhado um \u201cpapel consultivo em rela\u00e7\u00e3o \u00e0 infraestrutura de conectividade\u201d do evento. \u201cO Serpro \u00e9 um parceiro do Itamaraty e do governo federal para a realiza\u00e7\u00e3o do G-20 no Brasil. Para essa iniciativa espec\u00edfica, o Serpro participou com um papel consultivo em rela\u00e7\u00e3o \u00e0 infraestrutura de conectividade para o Alian\u00e7a Global. N\u00e3o houve investimento de patroc\u00ednio no evento\u201d, disse, em nota.<\/p>\n<p>De acordo com o Minist\u00e9rio da Cultura, o evento foi organizado em parceria com a Organiza\u00e7\u00e3o dos Estados Ibero-Americanos (OEI), um organismo multilateral. Al\u00e9m das estatais, s\u00e3o \u201cparceiros\u201d do Janjapalooza a prefeitura do Rio de Janeiro, o Banco Interamericano de Desenvolvimento (BID), a Uni\u00e3o da Ind\u00fastria de Cana-de-A\u00e7\u00facar e Bioenergia (Unica) e o Programa das Na\u00e7\u00f5es Unidas para o Desenvolvimento (PNUD).<\/p>\n<p>Os artistas que se apresentar\u00e3o no evento receber\u00e3o um cach\u00ea simb\u00f3lico de R$ 30 mil. S\u00e3o 29 artistas confirmados. Al\u00e9m do Minist\u00e9rio da Cultura, a Secretaria-Geral da Presid\u00eancia da Rep\u00fablica tamb\u00e9m est\u00e1 envolvida na organiza\u00e7\u00e3o do evento, segundo apurou o Estad\u00e3o. Respons\u00e1vel pela rela\u00e7\u00e3o com os movimentos sociais, a Secretaria-Geral foi a principal respons\u00e1vel por organizar o G-20 Social.<\/p>\n<p><\/span><\/div>\n<div dir=\"auto\" lang=\"pt\" data-testid=\"tweetText\">\n<p><h3 id=\"itaipu-evento-tem-importancia-estrategica\">Itaipu: evento tem import\u00e2ncia estrat\u00e9gica<\/h3>\n<\/p>\n<p class=\"styles__ParagraphStyled-sc-6adecn-0 dXbqCe\">Em nota, a Itaipu Binacional disse que o evento tem \u201cimport\u00e2ncia estrat\u00e9gica\u201d. \u201cA Itaipu Binacional patrocinou a C\u00fapula Social, o Festival Alian\u00e7a Global Contra a Fome e a Pobreza, e outros eventos de encerramento do G-20, considerando a import\u00e2ncia estrat\u00e9gica de participar de uma a\u00e7\u00e3o de escala global que aborda temas como o combate \u00e0 fome, a pobreza e a crise clim\u00e1tica, pontos de grande relev\u00e2ncia na agenda internacional do Brasil sob a presid\u00eancia atual do G-20\u2033, disse, em nota.\n<\/p>\n<p class=\"styles__ParagraphStyled-sc-6adecn-0 dXbqCe\">\u201cCom esse patroc\u00ednio, Itaipu reafirma seu compromisso com o desenvolvimento sustent\u00e1vel e a responsabilidade social, participando ativamente de discuss\u00f5es globais de alto n\u00edvel. A presen\u00e7a do diretor da Itaipu em mesas de debates com ministros e a primeira-dama, e sua participa\u00e7\u00e3o em eventos com chefes de Estado refor\u00e7a o posicionamento da empresa no debate sobre sustentabilidade e pr\u00e1ticas ESG\u201d, disse a empresa, em nota.<\/p>\n<\/div>\n<p><br \/>\n<br \/><a href=\"https:\/\/diariodobrasilnoticias.com.br\/noticia\/itaipu-da-patrocinio-alto-para-o-janjapalooza-veja-valor-6734ab542ce03\">Source link <\/a><\/p>","protected":false},"excerpt":{"rendered":"<p>A Itaipu Binacional deu R$ 15 milh\u00f5es a t\u00edtulo de patroc\u00ednio para o festival Alian\u00e7a Global Contra a Fome a Pobreza, que ocorre no Rio de quinta-feira, 14, a s\u00e1bado,16.&hellip;<\/p>","protected":false},"author":1,"featured_media":58844,"comment_status":"closed","ping_status":"open","sticky":false,"template":"","format":"standard","meta":{"content-type":"","footnotes":""},"categories":[16],"tags":[123,2448,5313,1267],"class_list":["post-58843","post","type-post","status-publish","format-standard","has-post-thumbnail","hentry","category-noticias","tag-brasil","tag-diario","tag-noticia","tag-noticias"],"_links":{"self":[{"href":"https:\/\/tvbrazilusa.com\/pt\/wp-json\/wp\/v2\/posts\/58843","targetHints":{"allow":["GET"]}}],"collection":[{"href":"https:\/\/tvbrazilusa.com\/pt\/wp-json\/wp\/v2\/posts"}],"about":[{"href":"https:\/\/tvbrazilusa.com\/pt\/wp-json\/wp\/v2\/types\/post"}],"author":[{"embeddable":true,"href":"https:\/\/tvbrazilusa.com\/pt\/wp-json\/wp\/v2\/users\/1"}],"replies":[{"embeddable":true,"href":"https:\/\/tvbrazilusa.com\/pt\/wp-json\/wp\/v2\/comments?post=58843"}],"version-history":[{"count":1,"href":"https:\/\/tvbrazilusa.com\/pt\/wp-json\/wp\/v2\/posts\/58843\/revisions"}],"predecessor-version":[{"id":58845,"href":"https:\/\/tvbrazilusa.com\/pt\/wp-json\/wp\/v2\/posts\/58843\/revisions\/58845"}],"wp:featuredmedia":[{"embeddable":true,"href":"https:\/\/tvbrazilusa.com\/pt\/wp-json\/wp\/v2\/media\/58844"}],"wp:attachment":[{"href":"https:\/\/tvbrazilusa.com\/pt\/wp-json\/wp\/v2\/media?parent=58843"}],"wp:term":[{"taxonomy":"category","embeddable":true,"href":"https:\/\/tvbrazilusa.com\/pt\/wp-json\/wp\/v2\/categories?post=58843"},{"taxonomy":"post_tag","embeddable":true,"href":"https:\/\/tvbrazilusa.com\/pt\/wp-json\/wp\/v2\/tags?post=58843"}],"curies":[{"name":"wp","href":"https:\/\/api.w.org\/{rel}","templated":true}]}}