{"id":58915,"date":"2024-11-13T16:59:35","date_gmt":"2024-11-13T16:59:35","guid":{"rendered":"https:\/\/tvbrazilusa.com\/2024\/11\/13\/o-co-presidente-musk-esta-forcando-um-confronto-com-pessoas-de-dentro-de-trump\/"},"modified":"2024-11-13T17:02:47","modified_gmt":"2024-11-13T17:02:47","slug":"o-co-presidente-musk-esta-forcando-um-confronto-com-pessoas-de-dentro-de-trump","status":"publish","type":"post","link":"https:\/\/tvbrazilusa.com\/pt\/2024\/11\/13\/o-co-presidente-musk-esta-forcando-um-confronto-com-pessoas-de-dentro-de-trump\/","title":{"rendered":"O &#8216;co-presidente&#8217; Musk est\u00e1 for\u00e7ando um confronto com pessoas de dentro de Trump?"},"content":{"rendered":"<script async src=\"https:\/\/pagead2.googlesyndication.com\/pagead\/js\/adsbygoogle.js?client=ca-pub-8864793242727901\"\r\n     crossorigin=\"anonymous\"><\/script>\n<div>\n<p class=\"article__paragraph article__paragraph--left\" id=\"HCUQCO7BAJBBHFUGNA5HCFOEZ4\"><a href=\"https:\/\/news.google.com\/read\/CBMinAFBVV95cUxPT2hfVF9fWFpaQkNSSURhdF9nd1lfMU43MUVaUVRDTGxidXpFdmdWYmxjV1hPbkJvNlJtTC1xbmRWM2JuMXZFeGlLb2NLdERQdmIwOVl3empjVnpWQVRxMG91TGY3REVtQTVCSTNCRnhoRUtfNksxMFRsX0ZEMVpQaHJ6SXVQVVRJZjg5V2pkSjIwV0EzQnN1M1JlZTU?hl=en-US&#038;gl=US&#038;ceid=US%3Aen\" target=\"_blank\" rel=\"noopener\">Elon Musk<\/a> poderia estar desgastando suas boas-vindas com alguns <a href=\"https:\/\/www.nj.com\/topic\/donald-trump\/\">Donald Trump<\/a> internos.<\/p>\n<p class=\"article__paragraph article__paragraph--left\" id=\"RYFWHAOSM5DFNHZSMHUIRYMBZA\">O bilion\u00e1rio da tecnologia tem sido uma presen\u00e7a constante em Mar-a-Lago desde que Trump ganhou um segundo mandato e tem \u201csido t\u00e3o agressivo ao promover suas opini\u00f5es sobre o segundo mandato de Trump que est\u00e1 pisando no p\u00e9 da equipe de transi\u00e7\u00e3o de Trump e pode estar exagerando nas boas-vindas\u201d. \u201d, de acordo com um novo relat\u00f3rio da NBC News.<\/p>\n<p class=\"article__paragraph article__paragraph--left\" id=\"ZGHSNXPWPZCXXEW5ODBTPUDPCI\">O relat\u00f3rio cita duas pessoas familiarizadas com a transi\u00e7\u00e3o que passaram algum tempo na casa e resort de Trump nas \u00faltimas duas semanas.<\/p>\n<p class=\"article__paragraph article__paragraph--left\" id=\"Q3X2572PJZGYDIJHICLWZAIEMA\">\u201cEle est\u00e1 se comportando como se fosse um copresidente e garantindo que todos saibam disso\u201d, disse uma das pessoas sobre Musk, segundo o relat\u00f3rio. \u201cE ele certamente leva muito cr\u00e9dito pela vit\u00f3ria do presidente. Vangloriando-se do America PAC e X para quem quiser ouvir. Ele est\u00e1 tentando fazer com que o presidente Trump se sinta em d\u00edvida com ele. E o presidente n\u00e3o est\u00e1 em d\u00edvida com ningu\u00e9m.\u201d<\/p>\n<p class=\"article__paragraph article__paragraph--left\" id=\"5CTFP7V5GJF3FNEUPVSA26S4EI\">Um porta-voz da transi\u00e7\u00e3o disse \u00e0 NBC News em comunicado que \u201cElon Musk e o presidente Trump s\u00e3o grandes amigos e l\u00edderes brilhantes que trabalham juntos para tornar a Am\u00e9rica grande novamente\u201d.<\/p>\n<p class=\"article__paragraph article__paragraph--left\" id=\"VQXZCCNPFVF3BNR5BKRQURO3SQ\">Trump mencionou Musk quando se encontrou com os republicanos do Congresso em Washington na quarta-feira, de acordo com Jake Sherman do Punchbowl News.<\/p>\n<p class=\"article__paragraph article__paragraph--left\" id=\"GEDEZ3M6ZBFJPPAJAIKFRY35VA\">\u201cTrump acabou de falar sobre Elon Musk na reuni\u00e3o fechada da Confer\u00eancia Republicana da C\u00e2mara. Ele agradeceu a Musk por tudo que fez nas elei\u00e7\u00f5es e disse que agora n\u00e3o pode se livrar dele. (O que significa que ele est\u00e1 sempre por perto). Sherman postou em X.<\/p>\n<p class=\"article__paragraph article__paragraph--left\" id=\"CGI45XJ64JHNHI7DIGGUD2HRHM\">Trump disse na ter\u00e7a-feira que Musk e o ex-candidato presidencial do Partido Republicano, Vivek Ramaswamy, liderar\u00e3o um novo \u201cDepartamento de Efici\u00eancia Governamental\u201d \u2013 que n\u00e3o \u00e9, apesar do nome, uma ag\u00eancia governamental.<\/p>\n<p class=\"article__paragraph article__paragraph--left\" id=\"PGVVGVH6SNCOFOV4YPUEJPNJDY\">A sigla \u201cDOGE\u201d \u00e9 uma homenagem \u00e0 criptomoeda favorita de Musk, dogecoin. <a href=\"https:\/\/apnews.com\/article\/trump-staff-picks-stefanik-wiles-stephen-miller-tom-homan-243d73610b03a3ee18c4d5f68756af7c\">Trump disse em um comunicado<\/a> que Musk e Ramaswamy trabalhar\u00e3o fora do governo para oferecer \u201caconselhamento e orienta\u00e7\u00e3o\u201d \u00e0 Casa Branca e far\u00e3o parceria com o Gabinete de Gest\u00e3o e Or\u00e7amento para \u201cimpulsionar reformas estruturais em grande escala e criar uma abordagem empreendedora ao governo nunca vista antes\u201d. Ele acrescentou que a medida chocaria os sistemas governamentais.<\/p>\n<p class=\"article__paragraph article__paragraph--left\" id=\"ZJBA2BI6YRD2TBLDDIPDTDQGHI\">N\u00e3o est\u00e1 claro como a organiza\u00e7\u00e3o ir\u00e1 operar. Poderia ser abrangido pela Lei do Comit\u00e9 Consultivo Federal, que determina como os grupos externos que aconselham o governo devem operar e prestar contas ao p\u00fablico.<\/p>\n<p class=\"article__paragraph article__paragraph--left\" id=\"TCLOWFF74BCKFDEMHW3PHQLGPM\">Os funcion\u00e1rios federais s\u00e3o geralmente obrigados a divulgar os seus activos e complica\u00e7\u00f5es para evitar quaisquer potenciais conflitos de interesses e a alienar participa\u00e7\u00f5es significativas relacionadas com o seu trabalho. Como Musk e Ramaswamy n\u00e3o seriam funcion\u00e1rios federais formais, n\u00e3o enfrentariam esses requisitos ou limita\u00e7\u00f5es \u00e9ticas.<\/p>\n<p class=\"article__paragraph article__paragraph--left\" id=\"ZQXHDOGGHZHVNP63MRYZMPUW64\"><i>A Associated Press contribuiu para este relat\u00f3rio.<\/i><\/p>\n<section class=\"Stories-By-Author-module_wrapper__ezbcK Stories-By-Author-module_nj__Ap1-Y\"\/>\n<p class=\"article__paragraph article__paragraph--left\" id=\"PIFZYQS6IFHXRDDSYJLOKDGAR4\"><i>Nosso jornalismo precisa do seu apoio. Por favor, inscreva-se hoje para <\/i><a href=\"http:\/\/nj.com\/\"><i>NJ.com<\/i><\/a><i>.<\/i><\/p>\n<p class=\"article__paragraph article__paragraph--left\" id=\"RRW5O2PHWNB7RCBJEQIXV5OGWI\"><a href=\"https:\/\/twitter.com\/MatthewArco\"><i>Matt Arco<\/i><\/a><i>  pode ser alcan\u00e7ado em <\/i><a href=\"https:\/\/www.nj.com\/politics\/2024\/11\/mailto:marco@njadvancemedia.com\"><i>marco@njadvancemedia.com<\/i><\/a><i>. Siga-o no Twitter em <\/i><a href=\"https:\/\/twitter.com\/MatthewArco\"><i>@MatthewArco<\/i><\/a><i>.<\/i><\/p>\n<\/div>\n<p><script async src=\"\/\/platform.twitter.com\/widgets.js\" charset=\"utf-8\"><\/script><br \/>\n<br \/><br \/>\n<br \/><a href=\"https:\/\/www.nj.com\/politics\/2024\/11\/is-co-president-musk-forcing-a-showdown-with-trump-insiders.html\">Source link <\/a><\/p>","protected":false},"excerpt":{"rendered":"<p>Elon Musk poderia estar desgastando suas boas-vindas com alguns Donald Trump internos. O bilion\u00e1rio da tecnologia tem sido uma presen\u00e7a constante em Mar-a-Lago desde que Trump ganhou um segundo mandato&hellip;<\/p>","protected":false},"author":1,"featured_media":58916,"comment_status":"closed","ping_status":"open","sticky":false,"template":"","format":"standard","meta":{"content-type":"","footnotes":""},"categories":[1],"tags":[30942,23439,23124,25054,23265,30934,2166,14897,3647,12740,19749,30948,2078,3172,10571,25567,30944,4062,30951,28065,2164,19038,2882,12704,8106,30954,30953,30952,30950,30949,30947,30946,30945,30943,30941,30940,30939,30938,30937,30936,30935,30933,22849,22855,1291,3427,1338,2184,1325,1317,1310,1307,1301,2159,22847],"class_list":["post-58915","post","type-post","status-publish","format-standard","has-post-thumbnail","hentry","category-uncategorized","tag-palavra-chave-almiscar","tag-palavra-chave-todos","tag-palavra-chave-trunfo","tag-palavra-chave-tudo","tag-palavra-chave-um","tag-palavra-chavealmiscar","tag-palavra-chavecasa","tag-palavra-chavecredito","tag-palavra-chavedeclaracao","tag-palavra-chaveeleicao","tag-palavra-chavegoverno","tag-palavra-chavemar-a-lago","tag-palavra-chavepessoas","tag-palavra-chavepresenca","tag-palavra-chavepresidente","tag-palavra-chavequalquer-um","tag-palavra-chaveramaswamy","tag-palavra-chaverelatorio","tag-palavra-chaveresort","tag-palavra-chavesherman","tag-palavra-chavetempo","tag-palavra-chavetermo","tag-palavra-chavetransicao","tag-palavra-chavetrump","tag-palavra-chavevitoria","tag-30954","tag-30953","tag-30952","tag-30950","tag-30949","tag-30947","tag-30946","tag-30945","tag-30943","tag-30941","tag-30940","tag-30939","tag-30938","tag-30937","tag-30936","tag-30935","tag-30933","tag-etiqueta-nome_adequado","tag-etiqueta-substantivo","tag-frequencia17","tag-frequencia19","tag-frequencia2","tag-frequencia3","tag-frequencia4","tag-frequencia5","tag-frequencia6","tag-frequencia7","tag-frequencia8","tag-frequencia9","tag-pontuacao-0"],"_links":{"self":[{"href":"https:\/\/tvbrazilusa.com\/pt\/wp-json\/wp\/v2\/posts\/58915","targetHints":{"allow":["GET"]}}],"collection":[{"href":"https:\/\/tvbrazilusa.com\/pt\/wp-json\/wp\/v2\/posts"}],"about":[{"href":"https:\/\/tvbrazilusa.com\/pt\/wp-json\/wp\/v2\/types\/post"}],"author":[{"embeddable":true,"href":"https:\/\/tvbrazilusa.com\/pt\/wp-json\/wp\/v2\/users\/1"}],"replies":[{"embeddable":true,"href":"https:\/\/tvbrazilusa.com\/pt\/wp-json\/wp\/v2\/comments?post=58915"}],"version-history":[{"count":1,"href":"https:\/\/tvbrazilusa.com\/pt\/wp-json\/wp\/v2\/posts\/58915\/revisions"}],"predecessor-version":[{"id":58917,"href":"https:\/\/tvbrazilusa.com\/pt\/wp-json\/wp\/v2\/posts\/58915\/revisions\/58917"}],"wp:featuredmedia":[{"embeddable":true,"href":"https:\/\/tvbrazilusa.com\/pt\/wp-json\/wp\/v2\/media\/58916"}],"wp:attachment":[{"href":"https:\/\/tvbrazilusa.com\/pt\/wp-json\/wp\/v2\/media?parent=58915"}],"wp:term":[{"taxonomy":"category","embeddable":true,"href":"https:\/\/tvbrazilusa.com\/pt\/wp-json\/wp\/v2\/categories?post=58915"},{"taxonomy":"post_tag","embeddable":true,"href":"https:\/\/tvbrazilusa.com\/pt\/wp-json\/wp\/v2\/tags?post=58915"}],"curies":[{"name":"wp","href":"https:\/\/api.w.org\/{rel}","templated":true}]}}