{"id":58918,"date":"2024-11-13T17:07:22","date_gmt":"2024-11-13T17:07:22","guid":{"rendered":"https:\/\/tvbrazilusa.com\/2024\/11\/13\/causa-da-morte-do-pianista-sergio-mendes-e-revelada-por-imprensa-internacional-confira\/"},"modified":"2024-11-13T17:07:24","modified_gmt":"2024-11-13T17:07:24","slug":"causa-da-morte-do-pianista-sergio-mendes-e-revelada-por-imprensa-internacional-confira","status":"publish","type":"post","link":"https:\/\/tvbrazilusa.com\/pt\/2024\/11\/13\/causa-da-morte-do-pianista-sergio-mendes-e-revelada-por-imprensa-internacional-confira\/","title":{"rendered":"Causa da morte do pianista Sergio Mendes \u00e9 revelada por imprensa internacional; CONFIRA"},"content":{"rendered":"<p> <script async src=\"https:\/\/pagead2.googlesyndication.com\/pagead\/js\/adsbygoogle.js?client=ca-pub-8864793242727901\"\r\n     crossorigin=\"anonymous\"><\/script><br \/>\n<\/p>\n<div id=\"taboola-read-more\" style=\"display:block; width:100%\">\n<p>Pianista brasileiro e astro internacional, Sergio Mendes morreu de insufici\u00eancia respirat\u00f3ria, em setembro deste ano. O laudo com a causa foi divulgado s\u00f3 agora pelo site norte-americano &#8220;TMZ&#8221;, que teve acesso ao documento. O m\u00fasico morava h\u00e1 mais de 50 anos em Los Angeles, nos Estados Unidos.\n<\/p>\n<p>Ao O GLOBO, no dia da morte, familiares n\u00e3o definiram a causa da morte, mas relataram que desde o fim de 2023 o m\u00fasico vinha enfrentando doen\u00e7as decorrentes de problemas respirat\u00f3rios. O laudo divulgado detalha o caso como fal\u00eancia respirat\u00f3ria hipox\u00eamica aguda, diz que o artista lidava ainda com pneumonia por aspira\u00e7\u00e3o, e teve fibrose pulmonar.<\/p>\n<p>Um dos respons\u00e1veis por levar a Bossa nova pelo mundo, Sergio Mendes morreu no dia 5 de setembro e foi cremado. Natural de Niter\u00f3i (RJ), ele estudou m\u00fasica no Conservat\u00f3rio da cidade natal ainda crian\u00e7a. Aos 15 anos, formou o primeiro grupo de jazz da carreira, os &#8220;Aficionados&#8221;. O que parecia brincadeira o levou a tocar em diferentes grupos, trios, at\u00e9 que conheceu Tom Jobim, Vinicius de Moraes, Jo\u00e3o Gilberto e Baden Powell, no Beco das Garrafas, em Copacabana, e deu novos passos a uma carreira promissora.\n<\/p>\n<p>Foi no local, ali\u00e1s, que ele ouviu pela primeira vez a can\u00e7\u00e3o &#8220;Mas que nada&#8221;, na voz do autor Jorge Ben Jor, at\u00e9 hoje seu maior sucesso, e que impulsionou no exterior o grupo Brasil &#8217;66 \u2014 com o LP de estreia &#8220;Herb Alpert presents Sergio Mendes &#038; Brazil &#8217;66&#8221;. Quarenta anos depois, em 2006, a m\u00fasica foi regravada, igualmente com grande \u00eaxito, pela grupo americano de hip hop Black Eyed Peas.\n<\/p>\n<p>Sergio Mendes vivia h\u00e1 seis d\u00e9cadas em Los Angeles, nos Estados Unidos, ao lado da mulher, a cantora Gracinha Leporace, com quem estava casado h\u00e1 mais de 50 anos. Os dois eram parceiros musicais \u2014 ela cantava na banda de Sergio desde o in\u00edcio da d\u00e9cada de 1970. A decis\u00e3o de partir de vez, com a fam\u00edlia, para os EUA, onde realizou duas turn\u00eas ao lado de Frank Sinatra, com quem cultivou uma prof\u00edcua amizade, foi precipitada pela instabilidade do Brasil ap\u00f3s o golpe militar de 1964.\n<\/p>\n<p>Na Terra do Tio Sam, Sergio Mendes se destacou como o brasileiro com mais grava\u00e7\u00f5es emplacadas no Top 100 das paradas americanas (ao todo, s\u00e3o 14 \u2014 de &#8220;Mas que nada&#8221;, que conquistou o 47\u00ba lugar em 1966, a &#8220;Olympia&#8221;, que atingiu a 58\u00aa posi\u00e7\u00e3o em 1984). Em 1967, ele chegou ao quarto lugar nas r\u00e1dios dos EUA com a vers\u00e3o bossa nova de &#8220;The look of love&#8221;, de Burt Bacharach e Hal David. Quinze anos depois, o hit &#8220;Never gonna let you go&#8221; atingiu a mesma posi\u00e7\u00e3o e estourou at\u00e9 no Jap\u00e3o.\n<\/p>\n<p>Em 1992, o niteroiense gravou o disco &#8220;Brasileiro&#8221; (que ganhou o Grammy de world music), com v\u00e1rias can\u00e7\u00f5es de Carlinhos Brown, ent\u00e3o ainda uma promessa do pop nacional. Duas d\u00e9cadas depois, em 2012, a dupla foi indicada ao Oscar por &#8220;Real in Rio&#8221;, can\u00e7\u00e3o feita para o filme de anima\u00e7\u00e3o &#8220;Rio&#8221; (2011).<\/p>\n<p>Fonte: Extra              <\/p>\n<\/div>\n<p><br \/>\n<br \/><a href=\"https:\/\/diariodobrasilnoticias.com.br\/noticia\/causa-da-morte-do-pianista-sergio-mendes-e-revelada-por-imprensa-internacional-confira-6734b72c5c20c\">Source link <\/a><\/p>","protected":false},"excerpt":{"rendered":"<p>Pianista brasileiro e astro internacional, Sergio Mendes morreu de insufici\u00eancia respirat\u00f3ria, em setembro deste ano. O laudo com a causa foi divulgado s\u00f3 agora pelo site norte-americano &#8220;TMZ&#8221;, que teve&hellip;<\/p>","protected":false},"author":1,"featured_media":58919,"comment_status":"closed","ping_status":"open","sticky":false,"template":"","format":"standard","meta":{"content-type":"","footnotes":""},"categories":[16],"tags":[123,2448,5313,1267],"class_list":["post-58918","post","type-post","status-publish","format-standard","has-post-thumbnail","hentry","category-noticias","tag-brasil","tag-diario","tag-noticia","tag-noticias"],"_links":{"self":[{"href":"https:\/\/tvbrazilusa.com\/pt\/wp-json\/wp\/v2\/posts\/58918","targetHints":{"allow":["GET"]}}],"collection":[{"href":"https:\/\/tvbrazilusa.com\/pt\/wp-json\/wp\/v2\/posts"}],"about":[{"href":"https:\/\/tvbrazilusa.com\/pt\/wp-json\/wp\/v2\/types\/post"}],"author":[{"embeddable":true,"href":"https:\/\/tvbrazilusa.com\/pt\/wp-json\/wp\/v2\/users\/1"}],"replies":[{"embeddable":true,"href":"https:\/\/tvbrazilusa.com\/pt\/wp-json\/wp\/v2\/comments?post=58918"}],"version-history":[{"count":1,"href":"https:\/\/tvbrazilusa.com\/pt\/wp-json\/wp\/v2\/posts\/58918\/revisions"}],"predecessor-version":[{"id":58920,"href":"https:\/\/tvbrazilusa.com\/pt\/wp-json\/wp\/v2\/posts\/58918\/revisions\/58920"}],"wp:featuredmedia":[{"embeddable":true,"href":"https:\/\/tvbrazilusa.com\/pt\/wp-json\/wp\/v2\/media\/58919"}],"wp:attachment":[{"href":"https:\/\/tvbrazilusa.com\/pt\/wp-json\/wp\/v2\/media?parent=58918"}],"wp:term":[{"taxonomy":"category","embeddable":true,"href":"https:\/\/tvbrazilusa.com\/pt\/wp-json\/wp\/v2\/categories?post=58918"},{"taxonomy":"post_tag","embeddable":true,"href":"https:\/\/tvbrazilusa.com\/pt\/wp-json\/wp\/v2\/tags?post=58918"}],"curies":[{"name":"wp","href":"https:\/\/api.w.org\/{rel}","templated":true}]}}