{"id":58921,"date":"2024-11-13T17:02:48","date_gmt":"2024-11-13T17:02:48","guid":{"rendered":"https:\/\/tvbrazilusa.com\/2024\/11\/13\/eleitores-hispanicos-da-florida-votaram-em-donald-trump-jacksonville-hoje\/"},"modified":"2024-11-13T17:10:55","modified_gmt":"2024-11-13T17:10:55","slug":"eleitores-hispanicos-da-florida-votaram-em-donald-trump-jacksonville-hoje","status":"publish","type":"post","link":"https:\/\/tvbrazilusa.com\/pt\/2024\/11\/13\/eleitores-hispanicos-da-florida-votaram-em-donald-trump-jacksonville-hoje\/","title":{"rendered":"Eleitores hisp\u00e2nicos da Fl\u00f3rida votaram em Donald Trump | Jacksonville hoje"},"content":{"rendered":"<p> <script async src=\"https:\/\/pagead2.googlesyndication.com\/pagead\/js\/adsbygoogle.js?client=ca-pub-8864793242727901\"\r\n     crossorigin=\"anonymous\"><\/script><br \/>\n<\/p>\n<div>\n<p>A Fl\u00f3rida foi o \u00fanico estado onde a maioria dos eleitores hisp\u00e2nicos apoiou o retorno do presidente eleito Donald Trump \u00e0 Casa Branca.<\/p>\n<p>Isso \u00e9 de acordo com pesquisa divulgada ter\u00e7a-feira pela <a href=\"https:\/\/unidosus.org\/\" rel=\"nofollow noopener\" target=\"_blank\">UnidosEUA<\/a>a maior organiza\u00e7\u00e3o latina de direitos civis na Am\u00e9rica. A UnidosUS entrevistou mais de 3.700 latinos em todo o pa\u00eds, incluindo mais de 500 na Fl\u00f3rida.<\/p>\n<p>A infla\u00e7\u00e3o, os empregos, a acessibilidade da habita\u00e7\u00e3o, bem como os custos dos cuidados de sa\u00fade foram as principais quest\u00f5es para os eleitores latinos em todo o pa\u00eds e na Florida.<\/p>\n<p>Clarissa Mart\u00ednez de Castro \u00e9 vice-presidente da Latino Vote Initiative. Ela diz que a falta de alcance dos eleitores e de envolvimento dos democratas desempenhou um papel na tend\u00eancia dos latinos da Fl\u00f3rida para Trump.<\/p>\n<p>\u201cN\u00e3o s\u00f3 voc\u00ea tem uma popula\u00e7\u00e3o que historicamente tem tend\u00eancia mais pr\u00f3-republicana, a popula\u00e7\u00e3o cubana. Mas, mesmo que a comunidade tenha se diversificado na Fl\u00f3rida, tamb\u00e9m se viu uma campanha permanente do lado republicano, inigual\u00e1vel pelo lado democrata\u201d, disse ela.<\/p>\n<h3 class=\"wp-block-heading\">Eleitores hisp\u00e2nicos em Duval<\/h3>\n<p>No condado de Duval, 33% dos eleitores hisp\u00e2nicos s\u00e3o democratas registrados, em compara\u00e7\u00e3o com 28% dos republicanos. Outros 34% dos eleitores hisp\u00e2nicos locais n\u00e3o est\u00e3o registrados em nenhum dos partidos.<\/p>\n<p>A UnidosUS fez parceria com a C\u00e2mara de Com\u00e9rcio Hisp\u00e2nica da Primeira Costa durante a temporada de campanha para encorajar alguns dos 40.000 eleitores hisp\u00e2nicos a participarem nas elei\u00e7\u00f5es de 2024.<\/p>\n<p>Os eleitores hisp\u00e2nicos representaram 7% dos <a href=\"https:\/\/jaxtoday.org\/2024\/09\/15\/15-of-registered-duval-voters-are-inactive-a-huge-rise-since-state-law-changed\/\">Eleitorado do condado de Duval<\/a> nas elei\u00e7\u00f5es deste ano. Espera-se que esse n\u00famero aumente antes das elei\u00e7\u00f5es para governador de 2026, \u00e0 medida que mais residentes hisp\u00e2nicos migram para o nordeste da Fl\u00f3rida. <\/p>\n<\/div>\n<p><br \/>\n<br \/><a href=\"https:\/\/jaxtoday.org\/2024\/11\/13\/hispanic-voters-florida\/\">Source link <\/a><\/p>","protected":false},"excerpt":{"rendered":"<p>A Fl\u00f3rida foi o \u00fanico estado onde a maioria dos eleitores hisp\u00e2nicos apoiou o retorno do presidente eleito Donald Trump \u00e0 Casa Branca. Isso \u00e9 de acordo com pesquisa divulgada&hellip;<\/p>","protected":false},"author":1,"featured_media":58922,"comment_status":"closed","ping_status":"open","sticky":false,"template":"","format":"standard","meta":{"content-type":"","footnotes":""},"categories":[1],"tags":[],"class_list":["post-58921","post","type-post","status-publish","format-standard","has-post-thumbnail","hentry","category-uncategorized"],"_links":{"self":[{"href":"https:\/\/tvbrazilusa.com\/pt\/wp-json\/wp\/v2\/posts\/58921","targetHints":{"allow":["GET"]}}],"collection":[{"href":"https:\/\/tvbrazilusa.com\/pt\/wp-json\/wp\/v2\/posts"}],"about":[{"href":"https:\/\/tvbrazilusa.com\/pt\/wp-json\/wp\/v2\/types\/post"}],"author":[{"embeddable":true,"href":"https:\/\/tvbrazilusa.com\/pt\/wp-json\/wp\/v2\/users\/1"}],"replies":[{"embeddable":true,"href":"https:\/\/tvbrazilusa.com\/pt\/wp-json\/wp\/v2\/comments?post=58921"}],"version-history":[{"count":1,"href":"https:\/\/tvbrazilusa.com\/pt\/wp-json\/wp\/v2\/posts\/58921\/revisions"}],"predecessor-version":[{"id":58923,"href":"https:\/\/tvbrazilusa.com\/pt\/wp-json\/wp\/v2\/posts\/58921\/revisions\/58923"}],"wp:featuredmedia":[{"embeddable":true,"href":"https:\/\/tvbrazilusa.com\/pt\/wp-json\/wp\/v2\/media\/58922"}],"wp:attachment":[{"href":"https:\/\/tvbrazilusa.com\/pt\/wp-json\/wp\/v2\/media?parent=58921"}],"wp:term":[{"taxonomy":"category","embeddable":true,"href":"https:\/\/tvbrazilusa.com\/pt\/wp-json\/wp\/v2\/categories?post=58921"},{"taxonomy":"post_tag","embeddable":true,"href":"https:\/\/tvbrazilusa.com\/pt\/wp-json\/wp\/v2\/tags?post=58921"}],"curies":[{"name":"wp","href":"https:\/\/api.w.org\/{rel}","templated":true}]}}