{"id":58960,"date":"2024-11-13T17:59:20","date_gmt":"2024-11-13T17:59:20","guid":{"rendered":"https:\/\/tvbrazilusa.com\/2024\/11\/13\/escolhas-de-artes-15-a-17-de-novembro-jacksonville-hoje\/"},"modified":"2024-11-13T18:02:47","modified_gmt":"2024-11-13T18:02:47","slug":"escolhas-de-artes-15-a-17-de-novembro-jacksonville-hoje","status":"publish","type":"post","link":"https:\/\/tvbrazilusa.com\/pt\/2024\/11\/13\/escolhas-de-artes-15-a-17-de-novembro-jacksonville-hoje\/","title":{"rendered":"ESCOLHAS DE ARTES | 15 a 17 de novembro | Jacksonville hoje"},"content":{"rendered":"<p> <script async src=\"https:\/\/pagead2.googlesyndication.com\/pagead\/js\/adsbygoogle.js?client=ca-pub-8864793242727901\"\r\n     crossorigin=\"anonymous\"><\/script><br \/>\n<\/p>\n<div>\n<div class=\"wp-block-image\">\n<figure class=\"aligncenter size-large\"><\/figure>\n<\/div>\n<p><strong>Sexta-feira <\/strong><\/p>\n<p><strong>Dustin Harewood: <em>Flores de animais em madeira e papel<\/em><\/strong><\/p>\n<p><strong>Compartilhar Galeria de Arte | S\u00e3o Marcos<\/strong> <\/p>\n<p>O artista e educador art\u00edstico de Duval, Dustin Harewood, carrega uma paleta tropical vibrante em suas pinturas abstratas e representacionais e obras de m\u00eddia mista. Na sexta-feira, Harewood apresenta uma exposi\u00e7\u00e3o de novos trabalhos, <em>Flores de animais em madeira e papel<\/em>na Share Art Gallery com foco local. A abertura acontece das 18h \u00e0s 21h. A participa\u00e7\u00e3o \u00e9 gratuita. <a href=\"https:\/\/www.instagram.com\/p\/DB6R5u-OKfP\/\" rel=\"nofollow noopener\" target=\"_blank\">Mais informa\u00e7\u00f5es<\/a>. <\/p>\n<hr class=\"wp-block-separator has-alpha-channel-opacity\"\/>\n<div class=\"wp-block-image\">\n<figure class=\"aligncenter size-full\"><img loading=\"lazy\" color=\"d2c3b1\" transparency=\"true\" style=\"--dominant-color: #d2c3b1;\" decoding=\"async\" width=\"622\" height=\"564\" src=\"https:\/\/jaxtoday.org\/wp-content\/uploads\/2024\/11\/Screenshot2024-10-01at8.07.07AM.png\" alt=\"\" class=\"has-transparency wp-image-81623\" srcset=\"https:\/\/jaxtoday.org\/wp-content\/uploads\/2024\/11\/Screenshot2024-10-01at8.07.07AM.png 622w, https:\/\/jaxtoday.org\/wp-content\/uploads\/2024\/11\/Screenshot2024-10-01at8.07.07AM-300x272.png 300w, https:\/\/jaxtoday.org\/wp-content\/uploads\/2024\/11\/Screenshot2024-10-01at8.07.07AM-265x240.png 265w, https:\/\/jaxtoday.org\/wp-content\/uploads\/2024\/11\/Screenshot2024-10-01at8.07.07AM-100x91.png 100w\" sizes=\"auto, (max-width: 622px) 100vw, 622px\"\/><\/figure>\n<\/div>\n<p><strong>Sexta-feira<\/strong><\/p>\n<p><strong>Laborat\u00f3rio do Bab<\/strong> <strong>Story Slam: &#8216;Mesa<\/strong>&#8216;<\/p>\n<p><strong>Distrito das Artes de CoRK | Beira-rio<\/strong> <\/p>\n<p>Na noite de sexta-feira, a popular s\u00e9rie mensal Bab&#8217;s Lab Story Slam da guru da performance narrativa Barbara Colaciello retorna. Cada membro da equipe de contadores de hist\u00f3rias contar\u00e1 uma hist\u00f3ria de cinco minutos com base na \u201cmesa\u201d solicitada. O p\u00fablico vota no vencedor. Recep\u00e7\u00e3o \u00e0s 19h15 O Slam come\u00e7a \u00e0s 20h. Ingressos:$17. <a href=\"https:\/\/www.barbaracolaciello.com\/register\/novstoryslambabslab-2024?fbclid=IwY2xjawGOuZVleHRuA2FlbQIxMAABHenv_WycSyQRsNvkD0QtZrkfAONqGv1VUMBTQMs6ifG3AYEe30-lE-8d_w_aem_MV9GxZ-OpewsxQaPpquRoQ\" rel=\"nofollow noopener\" target=\"_blank\">Mais informa\u00e7\u00f5es<\/a>. <\/p>\n<hr class=\"wp-block-separator has-alpha-channel-opacity\"\/>\n<div class=\"wp-block-image\">\n<figure class=\"aligncenter size-large\"><img loading=\"lazy\" color=\"0c0b0c\" transparency=\"false\" style=\"--dominant-color: #0c0b0c;\" decoding=\"async\" width=\"1024\" height=\"683\" src=\"https:\/\/jaxtoday.org\/wp-content\/uploads\/2024\/11\/1200x800-Movie-Icons_SN01-1024x683.jpg\" alt=\"\" class=\"not-transparent wp-image-81620\" srcset=\"https:\/\/jaxtoday.org\/wp-content\/uploads\/2024\/11\/1200x800-Movie-Icons_SN01-1024x683.jpg 1024w, https:\/\/jaxtoday.org\/wp-content\/uploads\/2024\/11\/1200x800-Movie-Icons_SN01-300x200.jpg 300w, https:\/\/jaxtoday.org\/wp-content\/uploads\/2024\/11\/1200x800-Movie-Icons_SN01-768x512.jpg 768w, https:\/\/jaxtoday.org\/wp-content\/uploads\/2024\/11\/1200x800-Movie-Icons_SN01-360x240.jpg 360w, https:\/\/jaxtoday.org\/wp-content\/uploads\/2024\/11\/1200x800-Movie-Icons_SN01-100x67.jpg 100w, https:\/\/jaxtoday.org\/wp-content\/uploads\/2024\/11\/1200x800-Movie-Icons_SN01.jpg 1200w\" sizes=\"auto, (max-width: 1024px) 100vw, 1024px\"\/><\/figure>\n<\/div>\n<p><strong>Sexta e S\u00e1bado <\/strong><\/p>\n<p><strong>Sinfonia de Jacksonville: <em>Harry Potter e as Rel\u00edquias da Morte \u2013 Parte 1 <\/em><\/strong><\/p>\n<p><strong>Sala Sinf\u00f4nica Jacoby | Centro de Jacksonville<\/strong><\/p>\n<p>A Sinf\u00f4nica de Jacksonville apresenta a trilha sonora de Alexandre Desplat da s\u00e9tima edi\u00e7\u00e3o da s\u00e9rie de filmes Harry Potter na sexta e no s\u00e1bado. Ambas as apresenta\u00e7\u00f5es come\u00e7am \u00e0s 19h <a href=\"https:\/\/my.jaxsymphony.org\/harry-potter-7-part-1\" rel=\"nofollow noopener\" target=\"_blank\">Ingressos e mais informa\u00e7\u00f5es<\/a>.  <\/p>\n<hr class=\"wp-block-separator has-alpha-channel-opacity\"\/>\n<div class=\"wp-block-image\">\n<figure class=\"aligncenter size-large\"><img loading=\"lazy\" color=\"95939d\" transparency=\"false\" style=\"--dominant-color: #95939d;\" decoding=\"async\" width=\"1024\" height=\"683\" src=\"https:\/\/jaxtoday.org\/wp-content\/uploads\/2024\/11\/1113_FamilyDay_MOCAJax_\u00a923LauraEvans-1024x683.jpg\" alt=\"\" class=\"not-transparent wp-image-81621\" srcset=\"https:\/\/jaxtoday.org\/wp-content\/uploads\/2024\/11\/1113_FamilyDay_MOCAJax_\u00a923LauraEvans-1024x683.jpg 1024w, https:\/\/jaxtoday.org\/wp-content\/uploads\/2024\/11\/1113_FamilyDay_MOCAJax_\u00a923LauraEvans-300x200.jpg 300w, https:\/\/jaxtoday.org\/wp-content\/uploads\/2024\/11\/1113_FamilyDay_MOCAJax_\u00a923LauraEvans-768x512.jpg 768w, https:\/\/jaxtoday.org\/wp-content\/uploads\/2024\/11\/1113_FamilyDay_MOCAJax_\u00a923LauraEvans-1536x1024.jpg 1536w, https:\/\/jaxtoday.org\/wp-content\/uploads\/2024\/11\/1113_FamilyDay_MOCAJax_\u00a923LauraEvans-2048x1366.jpg 2048w, https:\/\/jaxtoday.org\/wp-content\/uploads\/2024\/11\/1113_FamilyDay_MOCAJax_\u00a923LauraEvans-360x240.jpg 360w, https:\/\/jaxtoday.org\/wp-content\/uploads\/2024\/11\/1113_FamilyDay_MOCAJax_\u00a923LauraEvans-100x67.jpg 100w, https:\/\/jaxtoday.org\/wp-content\/uploads\/2024\/11\/1113_FamilyDay_MOCAJax_\u00a923LauraEvans-1650x1100.jpg 1650w\" sizes=\"auto, (max-width: 1024px) 100vw, 1024px\"\/><\/figure>\n<\/div>\n<p><strong>S\u00e1bado<\/strong><\/p>\n<p><strong>Festa do Dia da Fam\u00edlia<\/strong><\/p>\n<p><strong>MOCA | Centro de Jacksonville <\/strong><\/p>\n<p>No meio da celebra\u00e7\u00e3o do centen\u00e1rio, o Museu de Arte Contempor\u00e2nea de Jacksonville apresenta uma festa gratuita para toda a fam\u00edlia no s\u00e1bado. Atividades para crian\u00e7as, projetos de arte e apresenta\u00e7\u00f5es ao vivo s\u00e3o oferecidos no museu, ao longo da Laura Street e no James Weldon Johnson Park; e \u00e9 tudo gr\u00e1tis. \u00c9 tamb\u00e9m uma \u00f3tima oportunidade para ver o MOCA <a href=\"https:\/\/mocajacksonville.unf.edu\/exhibitions\/index.html\" rel=\"nofollow noopener\" target=\"_blank\">lista atual de exposi\u00e7\u00f5es<\/a>. 11h-17h <a href=\"https:\/\/events.unf.edu\/event\/moca-jacksonville-family-day-block-party\" rel=\"nofollow noopener\" target=\"_blank\">Mais informa\u00e7\u00f5es<\/a>.<\/p>\n<\/div>\n<p><script async src=\"\/\/www.instagram.com\/embed.js\"><\/script><br \/>\n<br \/><br \/>\n<br \/><a href=\"https:\/\/jaxtoday.org\/2024\/11\/13\/arts-picks-nov-15-17\/\">Source link <\/a><\/p>","protected":false},"excerpt":{"rendered":"<p>Sexta-feira Dustin Harewood: Flores de animais em madeira e papel Compartilhar Galeria de Arte | S\u00e3o Marcos O artista e educador art\u00edstico de Duval, Dustin Harewood, carrega uma paleta tropical&hellip;<\/p>","protected":false},"author":1,"featured_media":58961,"comment_status":"closed","ping_status":"open","sticky":false,"template":"","format":"standard","meta":{"content-type":"","footnotes":""},"categories":[1],"tags":[],"class_list":["post-58960","post","type-post","status-publish","format-standard","has-post-thumbnail","hentry","category-uncategorized"],"_links":{"self":[{"href":"https:\/\/tvbrazilusa.com\/pt\/wp-json\/wp\/v2\/posts\/58960","targetHints":{"allow":["GET"]}}],"collection":[{"href":"https:\/\/tvbrazilusa.com\/pt\/wp-json\/wp\/v2\/posts"}],"about":[{"href":"https:\/\/tvbrazilusa.com\/pt\/wp-json\/wp\/v2\/types\/post"}],"author":[{"embeddable":true,"href":"https:\/\/tvbrazilusa.com\/pt\/wp-json\/wp\/v2\/users\/1"}],"replies":[{"embeddable":true,"href":"https:\/\/tvbrazilusa.com\/pt\/wp-json\/wp\/v2\/comments?post=58960"}],"version-history":[{"count":1,"href":"https:\/\/tvbrazilusa.com\/pt\/wp-json\/wp\/v2\/posts\/58960\/revisions"}],"predecessor-version":[{"id":58962,"href":"https:\/\/tvbrazilusa.com\/pt\/wp-json\/wp\/v2\/posts\/58960\/revisions\/58962"}],"wp:featuredmedia":[{"embeddable":true,"href":"https:\/\/tvbrazilusa.com\/pt\/wp-json\/wp\/v2\/media\/58961"}],"wp:attachment":[{"href":"https:\/\/tvbrazilusa.com\/pt\/wp-json\/wp\/v2\/media?parent=58960"}],"wp:term":[{"taxonomy":"category","embeddable":true,"href":"https:\/\/tvbrazilusa.com\/pt\/wp-json\/wp\/v2\/categories?post=58960"},{"taxonomy":"post_tag","embeddable":true,"href":"https:\/\/tvbrazilusa.com\/pt\/wp-json\/wp\/v2\/tags?post=58960"}],"curies":[{"name":"wp","href":"https:\/\/api.w.org\/{rel}","templated":true}]}}