{"id":58970,"date":"2024-11-13T18:15:34","date_gmt":"2024-11-13T18:15:34","guid":{"rendered":"https:\/\/tvbrazilusa.com\/2024\/11\/13\/caso-das-criancas-mortas-por-bombom-envenenado-tem-uma-reviravolta\/"},"modified":"2024-11-13T18:15:35","modified_gmt":"2024-11-13T18:15:35","slug":"caso-das-criancas-mortas-por-bombom-envenenado-tem-uma-reviravolta","status":"publish","type":"post","link":"https:\/\/tvbrazilusa.com\/pt\/2024\/11\/13\/caso-das-criancas-mortas-por-bombom-envenenado-tem-uma-reviravolta\/","title":{"rendered":"Caso das crian\u00e7as mortas por bombom envenenado tem uma reviravolta"},"content":{"rendered":"<p> <script async src=\"https:\/\/pagead2.googlesyndication.com\/pagead\/js\/adsbygoogle.js?client=ca-pub-8864793242727901\"\r\n     crossorigin=\"anonymous\"><\/script><br \/>\n<\/p>\n<div id=\"taboola-read-more\" style=\"display:block; width:100%\">\n<p>O caso da morte dos meninos Benjamim Ribeiro, de 6 anos, e Ythallo Rosa, de 7 anos, que foram envenenados no fim de setembro deste ano no Rio de Janeiro, teve uma reviravolta com o avan\u00e7o das investiga\u00e7\u00f5es. A pol\u00edcia concluiu que as crian\u00e7as morreram n\u00e3o pelas m\u00e3os de uma mulher desconhecida, mas por um ato cometido pelo ex-namorado da m\u00e3e de Benjamim.\n<\/p>\n<p>Inicialmente, as investiga\u00e7\u00f5es indicavam que os meninos teriam morrido em decorr\u00eancia da ingest\u00e3o de um bombom envenenado dado por uma mulher n\u00e3o identificada. Por\u00e9m, o que acabou sendo descoberto pela pol\u00edcia foi que o ex-namorado da m\u00e3e de Benjamim, Rafael da Rocha Furtado, deu um a\u00e7a\u00ed envenenado a Benjamim, que dividiu o alimento com o colega Ythallo.<\/p>\n<p>A investiga\u00e7\u00e3o indicou que Rafael e a m\u00e3e de Benjamim tiveram um relacionamento at\u00e9 julho deste ano. O envenenamento, por sua vez, foi cometido no dia 30 de setembro. A motiva\u00e7\u00e3o ainda \u00e9 investigada. Segundo a pol\u00edcia, Rafael foi buscar Benjamim na escola e deu o alimento envenenado a ele. No caminho de casa, a crian\u00e7a dividiu o item com o colega.\n<\/p>\n<p>Em seguida, as crian\u00e7as come\u00e7aram a vomitar e foram levadas inicialmente para a Unidade de Pronto Atendimento (UPA) de Del Castilho, na Zona Norte do Rio de Janeiro. Ythallo sofreu uma parada cardiorrespirat\u00f3ria e morreu no mesmo dia. J\u00e1 Benjamim, que chegou a ser transferido para o Hospital Miguel Couto, na G\u00e1vea, Zona Sul do Rio, passou dez dias internado e n\u00e3o resistiu.\n<\/p>\n<p>Um mandado de pris\u00e3o contra Rafael foi expedido na \u00faltima sexta-feira (8) e ele se entregou \u00e0 pol\u00edcia nesta ter\u00e7a (12). Segundo o delegado do caso, a investiga\u00e7\u00e3o chegou at\u00e9 o homem ao analisar c\u00e2meras de seguran\u00e7a. De acordo com a pol\u00edcia, Rafael teria mentido para a vizinhan\u00e7a ap\u00f3s o fim do relacionamento com a m\u00e3e de Benjamim dizendo que era marido dela e pai da crian\u00e7a.<\/p>\n<p>Fonte: Pleno News              <\/p>\n<\/div>\n<p><br \/>\n<br \/><a href=\"https:\/\/diariodobrasilnoticias.com.br\/noticia\/caso-das-criancas-mortas-por-bombom-envenenado-tem-uma-reviravolta-6734bba01ad0b\">Source link <\/a><\/p>","protected":false},"excerpt":{"rendered":"<p>O caso da morte dos meninos Benjamim Ribeiro, de 6 anos, e Ythallo Rosa, de 7 anos, que foram envenenados no fim de setembro deste ano no Rio de Janeiro,&hellip;<\/p>","protected":false},"author":1,"featured_media":58971,"comment_status":"closed","ping_status":"open","sticky":false,"template":"","format":"standard","meta":{"content-type":"","footnotes":""},"categories":[16],"tags":[123,2448,5313,1267],"class_list":["post-58970","post","type-post","status-publish","format-standard","has-post-thumbnail","hentry","category-noticias","tag-brasil","tag-diario","tag-noticia","tag-noticias"],"_links":{"self":[{"href":"https:\/\/tvbrazilusa.com\/pt\/wp-json\/wp\/v2\/posts\/58970","targetHints":{"allow":["GET"]}}],"collection":[{"href":"https:\/\/tvbrazilusa.com\/pt\/wp-json\/wp\/v2\/posts"}],"about":[{"href":"https:\/\/tvbrazilusa.com\/pt\/wp-json\/wp\/v2\/types\/post"}],"author":[{"embeddable":true,"href":"https:\/\/tvbrazilusa.com\/pt\/wp-json\/wp\/v2\/users\/1"}],"replies":[{"embeddable":true,"href":"https:\/\/tvbrazilusa.com\/pt\/wp-json\/wp\/v2\/comments?post=58970"}],"version-history":[{"count":1,"href":"https:\/\/tvbrazilusa.com\/pt\/wp-json\/wp\/v2\/posts\/58970\/revisions"}],"predecessor-version":[{"id":58972,"href":"https:\/\/tvbrazilusa.com\/pt\/wp-json\/wp\/v2\/posts\/58970\/revisions\/58972"}],"wp:featuredmedia":[{"embeddable":true,"href":"https:\/\/tvbrazilusa.com\/pt\/wp-json\/wp\/v2\/media\/58971"}],"wp:attachment":[{"href":"https:\/\/tvbrazilusa.com\/pt\/wp-json\/wp\/v2\/media?parent=58970"}],"wp:term":[{"taxonomy":"category","embeddable":true,"href":"https:\/\/tvbrazilusa.com\/pt\/wp-json\/wp\/v2\/categories?post=58970"},{"taxonomy":"post_tag","embeddable":true,"href":"https:\/\/tvbrazilusa.com\/pt\/wp-json\/wp\/v2\/tags?post=58970"}],"curies":[{"name":"wp","href":"https:\/\/api.w.org\/{rel}","templated":true}]}}