{"id":58976,"date":"2024-11-13T18:27:26","date_gmt":"2024-11-13T18:27:26","guid":{"rendered":"https:\/\/tvbrazilusa.com\/2024\/11\/13\/policial-esconde-milhoes-nas-paredes-e-no-teto-de-casa-e-acaba-preso\/"},"modified":"2024-11-13T18:27:27","modified_gmt":"2024-11-13T18:27:27","slug":"policial-esconde-milhoes-nas-paredes-e-no-teto-de-casa-e-acaba-preso","status":"publish","type":"post","link":"https:\/\/tvbrazilusa.com\/pt\/2024\/11\/13\/policial-esconde-milhoes-nas-paredes-e-no-teto-de-casa-e-acaba-preso\/","title":{"rendered":"Policial esconde milh\u00f5es nas paredes e no teto de casa e acaba preso"},"content":{"rendered":"<p> <script async src=\"https:\/\/pagead2.googlesyndication.com\/pagead\/js\/adsbygoogle.js?client=ca-pub-8864793242727901\"\r\n     crossorigin=\"anonymous\"><\/script><br \/>\n<br \/>Agente foi alvo de uma opera\u00e7\u00e3o que encontrou centenas de notas de euro escondidas, em uma cidade pr\u00f3xima de Madri. Policial \u00e9 suspeito de envolvimento com o tr\u00e1fico de drogas.<br \/>\n<br \/><br \/>\n<br \/><a href=\"https:\/\/diariodobrasilnoticias.com.br\/noticia\/policial-esconde-milhoes-nas-paredes-e-no-teto-de-casa-e-acaba-preso-6734cc178c0e0\">Source link <\/a><\/p>","protected":false},"excerpt":{"rendered":"<p>Agente foi alvo de uma opera\u00e7\u00e3o que encontrou centenas de notas de euro escondidas, em uma cidade pr\u00f3xima de Madri. Policial \u00e9 suspeito de envolvimento com o tr\u00e1fico de drogas.&hellip;<\/p>","protected":false},"author":1,"featured_media":58977,"comment_status":"closed","ping_status":"open","sticky":false,"template":"","format":"standard","meta":{"content-type":"","footnotes":""},"categories":[16],"tags":[123,2448,5313,1267],"class_list":["post-58976","post","type-post","status-publish","format-standard","has-post-thumbnail","hentry","category-noticias","tag-brasil","tag-diario","tag-noticia","tag-noticias"],"_links":{"self":[{"href":"https:\/\/tvbrazilusa.com\/pt\/wp-json\/wp\/v2\/posts\/58976","targetHints":{"allow":["GET"]}}],"collection":[{"href":"https:\/\/tvbrazilusa.com\/pt\/wp-json\/wp\/v2\/posts"}],"about":[{"href":"https:\/\/tvbrazilusa.com\/pt\/wp-json\/wp\/v2\/types\/post"}],"author":[{"embeddable":true,"href":"https:\/\/tvbrazilusa.com\/pt\/wp-json\/wp\/v2\/users\/1"}],"replies":[{"embeddable":true,"href":"https:\/\/tvbrazilusa.com\/pt\/wp-json\/wp\/v2\/comments?post=58976"}],"version-history":[{"count":1,"href":"https:\/\/tvbrazilusa.com\/pt\/wp-json\/wp\/v2\/posts\/58976\/revisions"}],"predecessor-version":[{"id":58978,"href":"https:\/\/tvbrazilusa.com\/pt\/wp-json\/wp\/v2\/posts\/58976\/revisions\/58978"}],"wp:featuredmedia":[{"embeddable":true,"href":"https:\/\/tvbrazilusa.com\/pt\/wp-json\/wp\/v2\/media\/58977"}],"wp:attachment":[{"href":"https:\/\/tvbrazilusa.com\/pt\/wp-json\/wp\/v2\/media?parent=58976"}],"wp:term":[{"taxonomy":"category","embeddable":true,"href":"https:\/\/tvbrazilusa.com\/pt\/wp-json\/wp\/v2\/categories?post=58976"},{"taxonomy":"post_tag","embeddable":true,"href":"https:\/\/tvbrazilusa.com\/pt\/wp-json\/wp\/v2\/tags?post=58976"}],"curies":[{"name":"wp","href":"https:\/\/api.w.org\/{rel}","templated":true}]}}