{"id":58994,"date":"2024-11-13T19:07:03","date_gmt":"2024-11-13T19:07:03","guid":{"rendered":"https:\/\/tvbrazilusa.com\/2024\/11\/13\/bolsonaro-afirma-que-o-distrito-federal-possui-tres-nomes-fortes-para-o-senado-e-menciona-michelle-entre-eles\/"},"modified":"2024-11-13T19:07:04","modified_gmt":"2024-11-13T19:07:04","slug":"bolsonaro-afirma-que-o-distrito-federal-possui-tres-nomes-fortes-para-o-senado-e-menciona-michelle-entre-eles","status":"publish","type":"post","link":"https:\/\/tvbrazilusa.com\/pt\/2024\/11\/13\/bolsonaro-afirma-que-o-distrito-federal-possui-tres-nomes-fortes-para-o-senado-e-menciona-michelle-entre-eles\/","title":{"rendered":"Bolsonaro afirma que o Distrito Federal possui tr\u00eas nomes fortes para o Senado e menciona Michelle entre eles"},"content":{"rendered":"<p> <script async src=\"https:\/\/pagead2.googlesyndication.com\/pagead\/js\/adsbygoogle.js?client=ca-pub-8864793242727901\"\r\n     crossorigin=\"anonymous\"><\/script><br \/>\n<\/p>\n<div id=\"taboola-read-more\" style=\"display:block; width:100%\">\n<p>O ex-presidente Jair Bolsonaro (PL) disse que a ex-primeira-dama Michelle Bolsonaro tem \u201cmuita chance\u201d de se eleger ao Senado pelo Distrito Federal em 2026 caso decida concorrer. Mas, segundo ele, h\u00e1 3 \u201cnomes fortes\u201d para duas vagas.\n<\/p>\n<p>Al\u00e9m de Michelle, Bolsonaro citou a deputada federal Bia Kicis (PL-DF) e o governador do Distrito Federal, Ibaneis Rocha (MDB). \u201cS\u00e3o duas vagas e 3 nomes fortes. Um sobraria. E ningu\u00e9m quer sobrar\u201d, declarou em entrevista concedida ao portal Metr\u00f3poles na 3\u00aa feira (12.nov.2024) e publicada nesta 4\u00aa feira (13.nov).<\/p>\n<p>Bolsonaro falou sobre o caso de Alberto Fraga (PL). Ele foi eleito deputado federal nas elei\u00e7\u00f5es de 2014, tentou se eleger novamente em 2018, mas perdeu a disputa. Nas elei\u00e7\u00f5es de 2022, voltou \u00e0 C\u00e2mara.\n<\/p>\n<p>\u201cL\u00e1 atr\u00e1s, [Fraga] foi o deputado mais votado aqui do DF, veio candidato ao governo, n\u00e3o conseguiu \u00eaxito e ficou 4 anos sem mandato. E ele mesmo diz que \u00e9 dif\u00edcil a vida de um parlamentar, como era benquisto aqui, bem votado, ficar sem mandato\u201d, disse o ex-presidente.\n<\/p>\n<p>\u201cA Bia Kicis n\u00e3o quer isso. O Ibaneis tamb\u00e9m n\u00e3o quer. A Michelle tamb\u00e9m n\u00e3o quer, mas ela nunca sentiu o gosto do poder, ent\u00e3o para ela pode ser menos traum\u00e1tico. Mas quem vai decidir \u00e9 o povo brasileiro. Eu acredito, caso a Michelle venha candidata, que ela seja beneficiada com uma dessas vagas\u201d, declarou.\n<\/p>\n<p>Segundo o ex-presidente, Michelle \u201ctem algo\u201d a seu favor. \u201cEla rodou o Brasil, se comunica muito bem, \u00e9 evang\u00e9lica. Ela foi a principal cabo eleitoral da [senadora] Damares [Alves, do Republicanos] aqui no DF [Distrito Federal]. Come\u00e7ou com 2%. A outra candidata tinha mais de 40%, que era do PL, inclusive. A Damares venceu. Ent\u00e3o, dizem que ela \u00e9 uma pessoa que tem muita chance de se eleger senadora aqui. A outra vaga a gente vai esperar um pouco mais\u201d, declarou.\n<\/p>\n<p>Bolsonaro afirmou que Damares seria um \u201cbom nome\u201d para o governo do Distrito Federal, mas que ainda n\u00e3o discutiram o assunto. \u201cTem de ver se ela quer [se candidatar ao cargo], se leva jeito para isso\u201d, disse.<\/p>\n<p>Fonte: Poder360              <\/p>\n<\/div>\n<p><br \/>\n<br \/><a href=\"https:\/\/diariodobrasilnoticias.com.br\/noticia\/bolsonaro-afirma-que-o-distrito-federal-possui-tres-nomes-fortes-para-o-senado-e-menciona-michelle-entre-eles-6734d098ce979\">Source link <\/a><\/p>","protected":false},"excerpt":{"rendered":"<p>O ex-presidente Jair Bolsonaro (PL) disse que a ex-primeira-dama Michelle Bolsonaro tem \u201cmuita chance\u201d de se eleger ao Senado pelo Distrito Federal em 2026 caso decida concorrer. Mas, segundo ele,&hellip;<\/p>","protected":false},"author":1,"featured_media":58995,"comment_status":"closed","ping_status":"open","sticky":false,"template":"","format":"standard","meta":{"content-type":"","footnotes":""},"categories":[16],"tags":[123,2448,5313,1267],"class_list":["post-58994","post","type-post","status-publish","format-standard","has-post-thumbnail","hentry","category-noticias","tag-brasil","tag-diario","tag-noticia","tag-noticias"],"_links":{"self":[{"href":"https:\/\/tvbrazilusa.com\/pt\/wp-json\/wp\/v2\/posts\/58994","targetHints":{"allow":["GET"]}}],"collection":[{"href":"https:\/\/tvbrazilusa.com\/pt\/wp-json\/wp\/v2\/posts"}],"about":[{"href":"https:\/\/tvbrazilusa.com\/pt\/wp-json\/wp\/v2\/types\/post"}],"author":[{"embeddable":true,"href":"https:\/\/tvbrazilusa.com\/pt\/wp-json\/wp\/v2\/users\/1"}],"replies":[{"embeddable":true,"href":"https:\/\/tvbrazilusa.com\/pt\/wp-json\/wp\/v2\/comments?post=58994"}],"version-history":[{"count":1,"href":"https:\/\/tvbrazilusa.com\/pt\/wp-json\/wp\/v2\/posts\/58994\/revisions"}],"predecessor-version":[{"id":58996,"href":"https:\/\/tvbrazilusa.com\/pt\/wp-json\/wp\/v2\/posts\/58994\/revisions\/58996"}],"wp:featuredmedia":[{"embeddable":true,"href":"https:\/\/tvbrazilusa.com\/pt\/wp-json\/wp\/v2\/media\/58995"}],"wp:attachment":[{"href":"https:\/\/tvbrazilusa.com\/pt\/wp-json\/wp\/v2\/media?parent=58994"}],"wp:term":[{"taxonomy":"category","embeddable":true,"href":"https:\/\/tvbrazilusa.com\/pt\/wp-json\/wp\/v2\/categories?post=58994"},{"taxonomy":"post_tag","embeddable":true,"href":"https:\/\/tvbrazilusa.com\/pt\/wp-json\/wp\/v2\/tags?post=58994"}],"curies":[{"name":"wp","href":"https:\/\/api.w.org\/{rel}","templated":true}]}}