{"id":58997,"date":"2024-11-13T19:06:47","date_gmt":"2024-11-13T19:06:47","guid":{"rendered":"https:\/\/tvbrazilusa.com\/2024\/11\/13\/menina-de-15-anos-e-expulsa-do-ensino-medio-em-st-augustine-apos-inicio-de-briga-wsvn-7news-noticias-de-miami-clima-esportes-fort-lauderdale\/"},"modified":"2024-11-13T19:11:40","modified_gmt":"2024-11-13T19:11:40","slug":"menina-de-15-anos-e-expulsa-do-ensino-medio-em-st-augustine-apos-inicio-de-briga-wsvn-7news-noticias-de-miami-clima-esportes-fort-lauderdale","status":"publish","type":"post","link":"https:\/\/tvbrazilusa.com\/pt\/2024\/11\/13\/menina-de-15-anos-e-expulsa-do-ensino-medio-em-st-augustine-apos-inicio-de-briga-wsvn-7news-noticias-de-miami-clima-esportes-fort-lauderdale\/","title":{"rendered":"Menina de 15 anos \u00e9 expulsa do ensino m\u00e9dio em St. Augustine ap\u00f3s in\u00edcio de briga &#8211; WSVN 7News | Not\u00edcias de Miami, clima, esportes | Fort Lauderdale"},"content":{"rendered":"<p> <script async src=\"https:\/\/pagead2.googlesyndication.com\/pagead\/js\/adsbygoogle.js?client=ca-pub-8864793242727901\"\r\n     crossorigin=\"anonymous\"><\/script><br \/>\n<\/p>\n<div itemprop=\"articleBody\">\n<p>ST. AGOSTO, FL. (WSVN) \u2013 Um grupo de estudantes est\u00e1 enfrentando as consequ\u00eancias depois que socos foram disparados nas depend\u00eancias da escola em Santo Agostinho. Uma menina de 15 anos foi expulsa, mas afirma ter sido assediada primeiro. <\/p>\n<p>Em menos de 30 segundos, uma discuss\u00e3o entre estudantes levou ao que o distrito chamou de ataque brutal. Em poucos minutos, a escola foi totalmente fechada e 14 unidades do xerife do condado, tr\u00eas diretores assistentes e quatro reitores estavam entre os que correram para parar a briga.<\/p>\n<p>Um dos oito alunos envolvidos na briga foi retirado da escola. <\/p>\n<p>A maioria das audi\u00eancias disciplinares s\u00e3o privadas, mas a fam\u00edlia da menina quis lutar contra a possibilidade de ela ser expulsa e concordou em que a audi\u00eancia fosse aberta ao p\u00fablico.<\/p>\n<p>A menina disse que tr\u00eas estudantes a atacaram.<\/p>\n<p>\u201cVoc\u00ea estava sendo agressivo com eles?\u201d disse um advogado.<\/p>\n<p>\u201cN\u00e3o, todos vieram at\u00e9 mim ao mesmo tempo\u201d, disse a garota.<\/p>\n<p>Segundo documentos distritais, a luta aconteceu perto do final de setembro. Dizia que \u201coutro aluno deu o primeiro golpe e o jovem de 15 anos empurrou para tr\u00e1s. Em apenas um momento, um estudante entrou balan\u00e7ando e socando rapidamente. Foi necess\u00e1ria toda a for\u00e7a de dois deputados e um reitor para separar os estudantes.\u201d<\/p>\n<p>\u201cNunca vi um incidente que aumentasse e fosse t\u00e3o violento como este. Nunca\u201d, disse um homem. <\/p>\n<p>O distrito disse que tr\u00eas funcion\u00e1rios da escola ficaram feridos ao tentar dispersar a briga.<\/p>\n<p>A jovem de 15 anos disse que os estudantes que come\u00e7aram a assediaram-na v\u00e1rias vezes nas semanas anteriores.<\/p>\n<p>\u201cVoc\u00ea relatou isso ao Gabinete do Reitor?\u201d disse um advogado.<\/p>\n<p>\u201cSim, relatei isso a dois reitores diferentes\u201d, disse a garota.<\/p>\n<p>Um dos reitores disse que tentou lidar com a quest\u00e3o, mas reconheceu que poderia ter feito mais.<\/p>\n<p>\u201cQuero ter certeza de que todos esses alunos est\u00e3o na escola e recebem cuidados\u201d, disse o reitor.<\/p>\n<p>O advogado da estudante aconselhou-a a n\u00e3o falar com a m\u00eddia, mas seu pai espera nunca ver esse tipo de viol\u00eancia nas escolas.<\/p>\n<p>\u201cQuando voc\u00ea vai para a escola, voc\u00ea vai aprender. Voc\u00ea tem que deixar a besteira de lado\u201d, disse o pai da menina. <\/p>\n<p>O jovem de 15 anos passar\u00e1 o pr\u00f3ximo ano letivo em uma escola alternativa, destinada a alunos que violaram significativamente as regras escolares.<\/p>\n<p>O conselho escolar votou que ela ter\u00e1 acesso a recursos de sa\u00fade mental, caso decida utiliz\u00e1-los.<\/p>\n<p><em>Copyright 2024 Sunbeam Television Corp. Todos os direitos reservados. Este material n\u00e3o pode ser publicado, transmitido, reescrito ou redistribu\u00eddo.<\/em><\/p>\n<div class=\"wp-block-newsletter\">\n\t<strong class=\"wp-block-newsletter__title\">Cadastre-se em nosso boletim informativo para receber as \u00faltimas not\u00edcias diretamente em sua caixa de entrada<\/strong><\/p>\n<\/div><\/div>\n<p><br \/>\n<br \/><a href=\"https:\/\/wsvn.com\/news\/local\/florida\/15-year-old-girl-expelled-from-high-school-in-st-augustine-after-fight-breaks-out\/\">Source link <\/a><\/p>","protected":false},"excerpt":{"rendered":"<p>ST. AGOSTO, FL. (WSVN) \u2013 Um grupo de estudantes est\u00e1 enfrentando as consequ\u00eancias depois que socos foram disparados nas depend\u00eancias da escola em Santo Agostinho. Uma menina de 15 anos&hellip;<\/p>","protected":false},"author":1,"featured_media":58998,"comment_status":"closed","ping_status":"open","sticky":false,"template":"","format":"standard","meta":{"content-type":"","footnotes":""},"categories":[1],"tags":[],"class_list":["post-58997","post","type-post","status-publish","format-standard","has-post-thumbnail","hentry","category-uncategorized"],"_links":{"self":[{"href":"https:\/\/tvbrazilusa.com\/pt\/wp-json\/wp\/v2\/posts\/58997","targetHints":{"allow":["GET"]}}],"collection":[{"href":"https:\/\/tvbrazilusa.com\/pt\/wp-json\/wp\/v2\/posts"}],"about":[{"href":"https:\/\/tvbrazilusa.com\/pt\/wp-json\/wp\/v2\/types\/post"}],"author":[{"embeddable":true,"href":"https:\/\/tvbrazilusa.com\/pt\/wp-json\/wp\/v2\/users\/1"}],"replies":[{"embeddable":true,"href":"https:\/\/tvbrazilusa.com\/pt\/wp-json\/wp\/v2\/comments?post=58997"}],"version-history":[{"count":1,"href":"https:\/\/tvbrazilusa.com\/pt\/wp-json\/wp\/v2\/posts\/58997\/revisions"}],"predecessor-version":[{"id":58999,"href":"https:\/\/tvbrazilusa.com\/pt\/wp-json\/wp\/v2\/posts\/58997\/revisions\/58999"}],"wp:featuredmedia":[{"embeddable":true,"href":"https:\/\/tvbrazilusa.com\/pt\/wp-json\/wp\/v2\/media\/58998"}],"wp:attachment":[{"href":"https:\/\/tvbrazilusa.com\/pt\/wp-json\/wp\/v2\/media?parent=58997"}],"wp:term":[{"taxonomy":"category","embeddable":true,"href":"https:\/\/tvbrazilusa.com\/pt\/wp-json\/wp\/v2\/categories?post=58997"},{"taxonomy":"post_tag","embeddable":true,"href":"https:\/\/tvbrazilusa.com\/pt\/wp-json\/wp\/v2\/tags?post=58997"}],"curies":[{"name":"wp","href":"https:\/\/api.w.org\/{rel}","templated":true}]}}