{"id":59009,"date":"2024-11-13T19:23:35","date_gmt":"2024-11-13T19:23:35","guid":{"rendered":"https:\/\/tvbrazilusa.com\/2024\/11\/13\/trump-e-biden-se-reunem-na-casa-branca\/"},"modified":"2024-11-13T19:23:37","modified_gmt":"2024-11-13T19:23:37","slug":"trump-e-biden-se-reunem-na-casa-branca","status":"publish","type":"post","link":"https:\/\/tvbrazilusa.com\/pt\/2024\/11\/13\/trump-e-biden-se-reunem-na-casa-branca\/","title":{"rendered":"Trump e Biden se re\u00fanem na Casa Branca"},"content":{"rendered":"<p> <script async src=\"https:\/\/pagead2.googlesyndication.com\/pagead\/js\/adsbygoogle.js?client=ca-pub-8864793242727901\"\r\n     crossorigin=\"anonymous\"><\/script><br \/>\n<\/p>\n<div id=\"taboola-read-more\" style=\"display:block; width:100%\">\n<p>Durante encontro com o atual presidente dos Estados Unidos, Joe Biden, o rec\u00e9m-eleito Donald Trump prometeu que a transi\u00e7\u00e3o de governos ser\u00e1 \u201cpac\u00edfica\u201d. A declara\u00e7\u00e3o aconteceu nesta quarta-feira (13\/11), data que marcou a primeira vez em que o republicano pisou na Casa Branca ap\u00f3s vencer as elei\u00e7\u00f5es presidenciais do pa\u00eds.\n<\/p>\n<p>Em clima amistoso, Biden parabenizou o advers\u00e1rio pol\u00edtico pela vit\u00f3ria contra Kamala Harris e se disp\u00f4s a colaborar para garantir que Trump \u201cacomode o que precisa\u201d na sede do Poder Executivo dos EUA.<\/p>\n<p>Trump, por sua vez, deixou de lado o estilo agressivo que usou durante a corrida presidencial e tamb\u00e9m falou em tranquilidade. Ambos apertaram as m\u00e3os.\n<\/p>\n<p><strong>\u201cA pol\u00edtica n\u00e3o \u00e9 um mundo legal e, em muitos casos, n\u00e3o \u00e9 um mundo legal\u201d, disse o presidente eleito dos EUA. \u201cMas \u00e9 um mundo legal hoje, e eu agrade\u00e7o muito uma transi\u00e7\u00e3o que ser\u00e1 t\u00e3o suave. Ser\u00e1 o mais tranquilo poss\u00edvel\u201d, disse Trump.<\/strong>\n<\/p>\n<p>Ap\u00f3s ser eleito o 47\u00ba presidente do pa\u00eds, Trump j\u00e1 come\u00e7ou a montar o seu governo e indicou nomes para integrarem institui\u00e7\u00f5es importantes, como Departamento de Defesa, CIA e Conselho de Seguran\u00e7a Nacional. Al\u00e9m disso, cumpriu uma promessa de campanha e nomeou Elon Musk para um cargo em sua administra\u00e7\u00e3o.\n<\/p>\n<p>Trump toma posse e assume o comando dos EUA em 20 de janeiro de 2025.\n<\/p>\n<p>Fonte: Metr\u00f3poles              <\/p>\n<\/div>\n<p><br \/>\n<br \/><a href=\"https:\/\/diariodobrasilnoticias.com.br\/noticia\/trump-e-biden-se-reunem-na-casa-branca-6734e3a0942ed\">Source link <\/a><\/p>","protected":false},"excerpt":{"rendered":"<p>Durante encontro com o atual presidente dos Estados Unidos, Joe Biden, o rec\u00e9m-eleito Donald Trump prometeu que a transi\u00e7\u00e3o de governos ser\u00e1 \u201cpac\u00edfica\u201d. A declara\u00e7\u00e3o aconteceu nesta quarta-feira (13\/11), data&hellip;<\/p>","protected":false},"author":1,"featured_media":59010,"comment_status":"closed","ping_status":"open","sticky":false,"template":"","format":"standard","meta":{"content-type":"","footnotes":""},"categories":[16],"tags":[123,2448,5313,1267],"class_list":["post-59009","post","type-post","status-publish","format-standard","has-post-thumbnail","hentry","category-noticias","tag-brasil","tag-diario","tag-noticia","tag-noticias"],"_links":{"self":[{"href":"https:\/\/tvbrazilusa.com\/pt\/wp-json\/wp\/v2\/posts\/59009","targetHints":{"allow":["GET"]}}],"collection":[{"href":"https:\/\/tvbrazilusa.com\/pt\/wp-json\/wp\/v2\/posts"}],"about":[{"href":"https:\/\/tvbrazilusa.com\/pt\/wp-json\/wp\/v2\/types\/post"}],"author":[{"embeddable":true,"href":"https:\/\/tvbrazilusa.com\/pt\/wp-json\/wp\/v2\/users\/1"}],"replies":[{"embeddable":true,"href":"https:\/\/tvbrazilusa.com\/pt\/wp-json\/wp\/v2\/comments?post=59009"}],"version-history":[{"count":1,"href":"https:\/\/tvbrazilusa.com\/pt\/wp-json\/wp\/v2\/posts\/59009\/revisions"}],"predecessor-version":[{"id":59011,"href":"https:\/\/tvbrazilusa.com\/pt\/wp-json\/wp\/v2\/posts\/59009\/revisions\/59011"}],"wp:featuredmedia":[{"embeddable":true,"href":"https:\/\/tvbrazilusa.com\/pt\/wp-json\/wp\/v2\/media\/59010"}],"wp:attachment":[{"href":"https:\/\/tvbrazilusa.com\/pt\/wp-json\/wp\/v2\/media?parent=59009"}],"wp:term":[{"taxonomy":"category","embeddable":true,"href":"https:\/\/tvbrazilusa.com\/pt\/wp-json\/wp\/v2\/categories?post=59009"},{"taxonomy":"post_tag","embeddable":true,"href":"https:\/\/tvbrazilusa.com\/pt\/wp-json\/wp\/v2\/tags?post=59009"}],"curies":[{"name":"wp","href":"https:\/\/api.w.org\/{rel}","templated":true}]}}