{"id":5901,"date":"2024-07-23T02:00:00","date_gmt":"2024-07-23T02:00:00","guid":{"rendered":"https:\/\/tvbrazilusa.com\/2024\/07\/23\/entendendo-o-km-l-e-em-carros-eletricos-e-hibridos-plug-in\/"},"modified":"2024-07-23T02:08:35","modified_gmt":"2024-07-23T02:08:35","slug":"entendendo-o-km-l-e-em-carros-eletricos-e-hibridos-plug-in","status":"publish","type":"post","link":"https:\/\/tvbrazilusa.com\/pt\/2024\/07\/23\/entendendo-o-km-l-e-em-carros-eletricos-e-hibridos-plug-in\/","title":{"rendered":"Entendendo o \u2018Km\/l e\u2019 em carros el\u00e9tricos e h\u00edbridos plug-in"},"content":{"rendered":"<p> <script async src=\"https:\/\/pagead2.googlesyndication.com\/pagead\/js\/adsbygoogle.js?client=ca-pub-8864793242727901\"\r\n     crossorigin=\"anonymous\"><\/script><br \/>\n<\/p>\n<div>\n<p>A etiqueta de efici\u00eancia energ\u00e9tica do Inmetro, que acompanha todos os ve\u00edculos novos vendidos no Brasil, tornou-se um t\u00f3pico de discuss\u00f5es especialmente com a chegada de mais carros el\u00e9tricos e h\u00edbridos plug-in no mercado. Um dos termos que frequentemente confunde os consumidores nessa etiqueta \u00e9 o \u201ckm\/l e\u201d, que indica a efici\u00eancia energ\u00e9tica dos ve\u00edculos que n\u00e3o utilizam exclusivamente combust\u00edveis f\u00f3sseis.<\/p>\n<p>Esse indicador n\u00e3o mede o consumo de combust\u00edvel tradicional, mas sim a efici\u00eancia do ve\u00edculo em converter energia el\u00e9trica em quilometragem. Diferente do que alguns podem pensar, essa m\u00e9trica \u00e9 uma excelente ferramenta para entender melhor a efic\u00e1cia do carro em modo el\u00e9trico, sem acionamento do motor a combust\u00e3o.<\/p>\n<h2>O que significa \u201ckm\/l e\u201d?<\/h2>\n<p>O \u201ckm\/l e\u201d \u00e9 uma m\u00e9trica desenvolvida para quantificar o quanto um carro el\u00e9trico ou h\u00edbrido plug-in \u00e9 eficiente quando opera unicamente no modo el\u00e9trico. O c\u00e1lculo usado transforma a efici\u00eancia do motor el\u00e9trico em uma equival\u00eancia que seria o consumo se o carro fosse movido \u00e0 combust\u00e3o, usando a refer\u00eancia de que cada kW gasta equivale a 120 ml de gasolina.<\/p>\n<h2>Por que \u201ckm\/l e\u201d \u00e9 crucial para comparar ve\u00edculos el\u00e9tricos?<\/h2>\n<p><strong>Escolher entre modelos com diferentes capacidades de bateria e efici\u00eancias de motor pode ser complicado.<\/strong>  Olhar para o \u201ckm\/l e\u201d permite que consumidores fa\u00e7am uma compara\u00e7\u00e3o direta da efici\u00eancia do uso de energia, independentemente de outros fatores como tamanho do ve\u00edculo ou peso. Por exemplo, um carro com uma bateria maior pode n\u00e3o ser necessariamente mais eficiente se o motor el\u00e9trico consumir mais energia.<\/p>\n<h2>Como interpretar corretamente o \u201ckm\/l e\u201d?<\/h2>\n<p>\u00c9 importante entender que o \u201ckm\/l e\u201d mede exclusivamente a efici\u00eancia no modo el\u00e9trico. Portanto, para ve\u00edculos h\u00edbridos plug-in, esta m\u00e9trica n\u00e3o considera o consumo quando o motor a combust\u00e3o est\u00e1 em funcionamento. Assim, embora possa parecer superior em efici\u00eancia, o \u201ckm\/l e\u201d n\u00e3o reflete o consumo geral do carro, que pode alternar entre modos el\u00e9trico e combust\u00e3o dependendo da condu\u00e7\u00e3o e da carga da bateria.<\/p>\n<h2>An\u00e1lise cr\u00edtica do uso de \u201ckm\/l e\u201d em campanhas de marketing<\/h2>\n<p>Esse m\u00e9todo de medi\u00e7\u00e3o pode muitas vezes ser destacado em campanhas publicit\u00e1rias para atrair compradores que buscam maior efici\u00eancia energ\u00e9tica. Recentemente, modelos como o Toyota RAV4 Plug-in Hybrid chamaram a aten\u00e7\u00e3o ao destacar um consumo el\u00e9trico de 35 km\/l na cidade, contrastando com um consumo de 14 km\/l na modalidade h\u00edbrida, o que pode criar confus\u00f5es sobre a efici\u00eancia geral do carro.<\/p>\n<p>Em suma, ao avaliar carros el\u00e9tricos e h\u00edbridos plug-in, \u00e9 essencial considerar ambos os dados de efici\u00eancia: o \u201ckm\/l e\u201d para entender a performance el\u00e9trica e as informa\u00e7\u00f5es sobre o consumo de combust\u00edvel para quando o carro operar no modo h\u00edbrido. Deste modo, o consumidor pode fazer uma escolha mais informada, obtendo uma vis\u00e3o completa do desempenho do ve\u00edculo em diferentes modos de opera\u00e7\u00e3o.<\/p>\n<h2>Considera\u00e7\u00f5es finais<\/h2>\n<p>Enquanto o mercado de ve\u00edculos el\u00e9tricos e h\u00edbridos continua a crescer, a clareza na comunica\u00e7\u00e3o sobre o desempenho \u00e9 fundamental. Entender completamente o que significa \u201ckm\/l e\u201d e como ele se aplica a cada ve\u00edculo pode guiar consumidores a escolhas mais conscientes e satisfat\u00f3rias.<\/p>\n<ul>\n<li><strong>Dica:<\/strong> Sempre verifique ambos os indicadores de consumo (el\u00e9trico e combust\u00edvel) para obter uma perspectiva completa.<\/li>\n<\/ul><\/div>\n<p><br \/>\n<br \/><a href=\"https:\/\/terrabrasilnoticias.com\/2024\/07\/entendendo-o-km-l-e-em-carros-eletricos-e-hibridos-plug-in\/\">Source link <\/a><\/p>","protected":false},"excerpt":{"rendered":"<p>A etiqueta de efici\u00eancia energ\u00e9tica do Inmetro, que acompanha todos os ve\u00edculos novos vendidos no Brasil, tornou-se um t\u00f3pico de discuss\u00f5es especialmente com a chegada de mais carros el\u00e9tricos e&hellip;<\/p>","protected":false},"author":1,"featured_media":5902,"comment_status":"closed","ping_status":"open","sticky":false,"template":"","format":"standard","meta":{"content-type":"","footnotes":""},"categories":[16],"tags":[],"class_list":["post-5901","post","type-post","status-publish","format-standard","has-post-thumbnail","hentry","category-noticias"],"_links":{"self":[{"href":"https:\/\/tvbrazilusa.com\/pt\/wp-json\/wp\/v2\/posts\/5901","targetHints":{"allow":["GET"]}}],"collection":[{"href":"https:\/\/tvbrazilusa.com\/pt\/wp-json\/wp\/v2\/posts"}],"about":[{"href":"https:\/\/tvbrazilusa.com\/pt\/wp-json\/wp\/v2\/types\/post"}],"author":[{"embeddable":true,"href":"https:\/\/tvbrazilusa.com\/pt\/wp-json\/wp\/v2\/users\/1"}],"replies":[{"embeddable":true,"href":"https:\/\/tvbrazilusa.com\/pt\/wp-json\/wp\/v2\/comments?post=5901"}],"version-history":[{"count":1,"href":"https:\/\/tvbrazilusa.com\/pt\/wp-json\/wp\/v2\/posts\/5901\/revisions"}],"predecessor-version":[{"id":5903,"href":"https:\/\/tvbrazilusa.com\/pt\/wp-json\/wp\/v2\/posts\/5901\/revisions\/5903"}],"wp:featuredmedia":[{"embeddable":true,"href":"https:\/\/tvbrazilusa.com\/pt\/wp-json\/wp\/v2\/media\/5902"}],"wp:attachment":[{"href":"https:\/\/tvbrazilusa.com\/pt\/wp-json\/wp\/v2\/media?parent=5901"}],"wp:term":[{"taxonomy":"category","embeddable":true,"href":"https:\/\/tvbrazilusa.com\/pt\/wp-json\/wp\/v2\/categories?post=5901"},{"taxonomy":"post_tag","embeddable":true,"href":"https:\/\/tvbrazilusa.com\/pt\/wp-json\/wp\/v2\/tags?post=5901"}],"curies":[{"name":"wp","href":"https:\/\/api.w.org\/{rel}","templated":true}]}}