{"id":59026,"date":"2024-11-13T20:00:51","date_gmt":"2024-11-13T20:00:51","guid":{"rendered":"https:\/\/tvbrazilusa.com\/2024\/11\/13\/tribunal-confirma-condenacao-de-cristina-kirchner-por-fraude-em-gestao-publica\/"},"modified":"2024-11-13T20:00:52","modified_gmt":"2024-11-13T20:00:52","slug":"tribunal-confirma-condenacao-de-cristina-kirchner-por-fraude-em-gestao-publica","status":"publish","type":"post","link":"https:\/\/tvbrazilusa.com\/pt\/2024\/11\/13\/tribunal-confirma-condenacao-de-cristina-kirchner-por-fraude-em-gestao-publica\/","title":{"rendered":"Tribunal confirma condena\u00e7\u00e3o de Cristina Kirchner por fraude em gest\u00e3o p\u00fablica"},"content":{"rendered":"<p> <script async src=\"https:\/\/pagead2.googlesyndication.com\/pagead\/js\/adsbygoogle.js?client=ca-pub-8864793242727901\"\r\n     crossorigin=\"anonymous\"><\/script><br \/>\n<\/p>\n<div id=\"taboola-read-more\" style=\"display:block; width:100%\">\n<p>A C\u00e2mara Federal de Cassa\u00e7\u00e3o Penal confirmou, nesta ter\u00e7a-feira, 13, a condena\u00e7\u00e3o da ex-presidente da Argentina Cristina Kirchner a seis anos de pris\u00e3o por administra\u00e7\u00e3o fraudulenta em preju\u00edzo do Estado. A decis\u00e3o inclui inabilita\u00e7\u00e3o vital\u00edcia para cargos p\u00fablicos, mas a pris\u00e3o s\u00f3 ocorrer\u00e1 depois do julgamento pela Corte Suprema.\n<\/p>\n<p>Segundo o jornal argentino Clar\u00edn, o preju\u00edzo aos cofres p\u00fablicos \u00e9 estimado em 84,8 bilh\u00f5es de pesos, resultante de contratos irregulares com L\u00e1zaro B\u00e1ez. Em audi\u00eancia transmitida no YouTube, os ju\u00edzes Mariano Borinsky, Gustavo Hornos e Diego Barroetave\u00f1a ratificaram a decis\u00e3o do Tribunal Oral Federal 2, proferida em 6 de dezembro de 2022.<\/p>\n<p>Al\u00e9m de Kirchner, Jos\u00e9 L\u00f3pez, L\u00e1zaro B\u00e1ez e outros foram condenados. A senten\u00e7a aguarda a revis\u00e3o final pela Suprema Corte da Argentina, prevista para mar\u00e7o de 2025, depois do pedido de interven\u00e7\u00e3o do tribunal superior.\n<\/p>\n<p>O caso envolve 51 contratos de obras p\u00fablicas na Prov\u00edncia de Santa Cruz, concedidos ao Grupo Austral, de L\u00e1zaro B\u00e1ez. As licita\u00e7\u00f5es foram manipuladas e superfaturadas, com 86% dos contratos locais, dos quais metade n\u00e3o foi conclu\u00edda, mas pagos integralmente.\n<\/p>\n<p>O crescimento econ\u00f4mico do grupo de B\u00e1ez foi sustentado exclusivamente por fundos p\u00fablicos. A Administra\u00e7\u00e3o Geral de Vialidade Provincial de Santa Cruz, com delega\u00e7\u00e3o da Dire\u00e7\u00e3o Nacional de Vialidade, conduziu principalmente as obras fraudulentas.\n<\/p>\n<p><strong>Ex-secret\u00e1rio de Kirchner participou de esquema de corrup\u00e7\u00e3o<\/strong>\n<\/p>\n<p>Ex-funcion\u00e1rios, como Nelson Periotti e Ra\u00fal Daruich, foram responsabilizados por legitimar irregularidades nos processos de licita\u00e7\u00e3o e execu\u00e7\u00e3o. A participa\u00e7\u00e3o ativa de Jos\u00e9 L\u00f3pez, ex-secret\u00e1rio de Obras P\u00fablicas da Argentina, tamb\u00e9m foi destacada no esquema fraudulento.\n<\/p>\n<p>Os magistrados ressaltaram a \u201calian\u00e7a delituosa\u201d de funcion\u00e1rios p\u00fablicos que facilitou a fraude, o que violou compromissos internacionais de combate \u00e0 corrup\u00e7\u00e3o. Essa alian\u00e7a incluiu funcion\u00e1rios de diferentes n\u00edveis hier\u00e1rquicos que deveriam proteger os interesses do Estado.\n<\/p>\n<p>O decreto 54\/09, assinado por Kirchner, permitiu \u00e0 Dire\u00e7\u00e3o Nacional de Vialidade financiar diretamente obras adjudicadas a B\u00e1ez, com colabora\u00e7\u00e3o de Jos\u00e9 L\u00f3pez no circuito. Gustavo Hornos defendeu a acusa\u00e7\u00e3o de associa\u00e7\u00e3o il\u00edcita, sem apoio dos colegas.\n<\/p>\n<p>Fonte: Revista Oeste              <\/p>\n<\/div>\n<p><br \/>\n<br \/><a href=\"https:\/\/diariodobrasilnoticias.com.br\/noticia\/tribunal-confirma-condenacao-de-cristina-kirchner-por-fraude-em-gestao-publica-6734ebbe333d2\">Source link <\/a><\/p>","protected":false},"excerpt":{"rendered":"<p>A C\u00e2mara Federal de Cassa\u00e7\u00e3o Penal confirmou, nesta ter\u00e7a-feira, 13, a condena\u00e7\u00e3o da ex-presidente da Argentina Cristina Kirchner a seis anos de pris\u00e3o por administra\u00e7\u00e3o fraudulenta em preju\u00edzo do Estado.&hellip;<\/p>","protected":false},"author":1,"featured_media":59027,"comment_status":"closed","ping_status":"open","sticky":false,"template":"","format":"standard","meta":{"content-type":"","footnotes":""},"categories":[16],"tags":[123,2448,5313,1267],"class_list":["post-59026","post","type-post","status-publish","format-standard","has-post-thumbnail","hentry","category-noticias","tag-brasil","tag-diario","tag-noticia","tag-noticias"],"_links":{"self":[{"href":"https:\/\/tvbrazilusa.com\/pt\/wp-json\/wp\/v2\/posts\/59026","targetHints":{"allow":["GET"]}}],"collection":[{"href":"https:\/\/tvbrazilusa.com\/pt\/wp-json\/wp\/v2\/posts"}],"about":[{"href":"https:\/\/tvbrazilusa.com\/pt\/wp-json\/wp\/v2\/types\/post"}],"author":[{"embeddable":true,"href":"https:\/\/tvbrazilusa.com\/pt\/wp-json\/wp\/v2\/users\/1"}],"replies":[{"embeddable":true,"href":"https:\/\/tvbrazilusa.com\/pt\/wp-json\/wp\/v2\/comments?post=59026"}],"version-history":[{"count":1,"href":"https:\/\/tvbrazilusa.com\/pt\/wp-json\/wp\/v2\/posts\/59026\/revisions"}],"predecessor-version":[{"id":59028,"href":"https:\/\/tvbrazilusa.com\/pt\/wp-json\/wp\/v2\/posts\/59026\/revisions\/59028"}],"wp:featuredmedia":[{"embeddable":true,"href":"https:\/\/tvbrazilusa.com\/pt\/wp-json\/wp\/v2\/media\/59027"}],"wp:attachment":[{"href":"https:\/\/tvbrazilusa.com\/pt\/wp-json\/wp\/v2\/media?parent=59026"}],"wp:term":[{"taxonomy":"category","embeddable":true,"href":"https:\/\/tvbrazilusa.com\/pt\/wp-json\/wp\/v2\/categories?post=59026"},{"taxonomy":"post_tag","embeddable":true,"href":"https:\/\/tvbrazilusa.com\/pt\/wp-json\/wp\/v2\/tags?post=59026"}],"curies":[{"name":"wp","href":"https:\/\/api.w.org\/{rel}","templated":true}]}}