{"id":59053,"date":"2024-11-13T20:42:59","date_gmt":"2024-11-13T20:42:59","guid":{"rendered":"https:\/\/tvbrazilusa.com\/2024\/11\/13\/lula-ja-desperdicou-mais-vacinas-que-todo-o-governo-bolsonaro\/"},"modified":"2024-11-13T20:43:00","modified_gmt":"2024-11-13T20:43:00","slug":"lula-ja-desperdicou-mais-vacinas-que-todo-o-governo-bolsonaro","status":"publish","type":"post","link":"https:\/\/tvbrazilusa.com\/pt\/2024\/11\/13\/lula-ja-desperdicou-mais-vacinas-que-todo-o-governo-bolsonaro\/","title":{"rendered":"Lula j\u00e1 desperdi\u00e7ou mais vacinas que todo o governo Bolsonaro"},"content":{"rendered":"<p> <script async src=\"https:\/\/pagead2.googlesyndication.com\/pagead\/js\/adsbygoogle.js?client=ca-pub-8864793242727901\"\r\n     crossorigin=\"anonymous\"><\/script><br \/>\n<\/p>\n<div id=\"taboola-read-more\" style=\"display:block; width:100%\">\n<p>Lula (PT) se elegeu em 2022 chamando Jair Bolsonaro (PL) de \u201cgenocida\u201d pela condu\u00e7\u00e3o do pa\u00eds durante a pandemia. Com quase dois anos completos de governo, o Minist\u00e9rio da Sa\u00fade, chefiado por N\u00edsia Trindade, j\u00e1 desperdi\u00e7ou 58,7 milh\u00f5es de vacinas, 22% a mais do que o volume de imunizantes vencidos registrado durante todo o governo Bolsonaro.\n<\/p>\n<p>Segundo O Globo, dados da Sa\u00fade obtidos apontam que o valor perdido com as vacinas inutilizadas em 2023 e em 2024 foi de 1,75 bilh\u00e3o de reais.<\/p>\n<p>Somando preju\u00edzo de 1,17 bilh\u00e3o de reais, a maior parte das perdas ocorreu em 2023, com 39,8 milh\u00f5es de vacinas jogadas no lixo.\n<\/p>\n<p>De janeiro deste ano at\u00e9 agora foram mais 18,8 milh\u00f5es de imunizantes desperdi\u00e7ados, um custo 560,6 milh\u00f5es de reais aos cofres p\u00fablicos.\n<\/p>\n<p>Preju\u00edzos por governo\n<\/p>\n<p>O preju\u00edzo de 1,75 bilh\u00e3o de reais em vacinas desperdi\u00e7adas para a atual gest\u00e3o representa um recorde desde os quatro anos do segundo mandato de Lula, quando a perda foi de 1,96 bilh\u00e3o de reais.\n<\/p>\n<p>Enquanto 217 milh\u00f5es de doses foram aplicadas pelo Minist\u00e9rio da Sa\u00fade desde o ano passado, 385 milh\u00f5es de doses foram descartadas, ou seja, 176% a mais.\n<\/p>\n<p>No governo Bolsonaro, foram 575 milh\u00f5es de doses vencidas, ante 384 milh\u00f5es usadas.\n<\/p>\n<p>O desperd\u00edcio de vacinas de Covid\n<\/p>\n<p>As vacinas de combate \u00e0 Covid correspondem a 75% das doses jogadas no lixo durante o governo Lula, enquanto 80,62% da popula\u00e7\u00e3o n\u00e3o tomou a segunda dose de refor\u00e7o, diz o jornal.\n<\/p>\n<p>Em menores quantidades, outros imunizantes tamb\u00e9m foram descartados, como o DTP (contra difteria, t\u00e9tano e coqueluche), febre amarela e meningoc\u00f3cica.\n<\/p>\n<p>A culpa \u00e9 sempre dos outros\n<\/p>\n<p>Ao jornal, o Minist\u00e9rio da Sa\u00fade responsabilizou a gest\u00e3o anterior pelo elevado volume de vacinas contra a Covid desperdi\u00e7ado.\n<\/p>\n<p>\u201cAs vacinas vencidas em 2023 foram reflexo de estoques herdados da gest\u00e3o anterior e campanhas sistem\u00e1ticas de desinforma\u00e7\u00e3o que geram desconfian\u00e7a sobre a efic\u00e1cia e seguran\u00e7a do imunizante, impactando na ades\u00e3o da popula\u00e7\u00e3o\u201d, afirmou a pasta.\n<\/p>\n<p>Fonte: O Antagonista              <\/p>\n<\/div>\n<p><br \/>\n<br \/><a href=\"https:\/\/diariodobrasilnoticias.com.br\/noticia\/lula-ja-desperdicou-mais-vacinas-que-todo-o-governo-bolsonaro-6734f3f0e9a95\">Source link <\/a><\/p>","protected":false},"excerpt":{"rendered":"<p>Lula (PT) se elegeu em 2022 chamando Jair Bolsonaro (PL) de \u201cgenocida\u201d pela condu\u00e7\u00e3o do pa\u00eds durante a pandemia. Com quase dois anos completos de governo, o Minist\u00e9rio da Sa\u00fade,&hellip;<\/p>","protected":false},"author":1,"featured_media":59054,"comment_status":"closed","ping_status":"open","sticky":false,"template":"","format":"standard","meta":{"content-type":"","footnotes":""},"categories":[16],"tags":[123,2448,5313,1267],"class_list":["post-59053","post","type-post","status-publish","format-standard","has-post-thumbnail","hentry","category-noticias","tag-brasil","tag-diario","tag-noticia","tag-noticias"],"_links":{"self":[{"href":"https:\/\/tvbrazilusa.com\/pt\/wp-json\/wp\/v2\/posts\/59053","targetHints":{"allow":["GET"]}}],"collection":[{"href":"https:\/\/tvbrazilusa.com\/pt\/wp-json\/wp\/v2\/posts"}],"about":[{"href":"https:\/\/tvbrazilusa.com\/pt\/wp-json\/wp\/v2\/types\/post"}],"author":[{"embeddable":true,"href":"https:\/\/tvbrazilusa.com\/pt\/wp-json\/wp\/v2\/users\/1"}],"replies":[{"embeddable":true,"href":"https:\/\/tvbrazilusa.com\/pt\/wp-json\/wp\/v2\/comments?post=59053"}],"version-history":[{"count":1,"href":"https:\/\/tvbrazilusa.com\/pt\/wp-json\/wp\/v2\/posts\/59053\/revisions"}],"predecessor-version":[{"id":59055,"href":"https:\/\/tvbrazilusa.com\/pt\/wp-json\/wp\/v2\/posts\/59053\/revisions\/59055"}],"wp:featuredmedia":[{"embeddable":true,"href":"https:\/\/tvbrazilusa.com\/pt\/wp-json\/wp\/v2\/media\/59054"}],"wp:attachment":[{"href":"https:\/\/tvbrazilusa.com\/pt\/wp-json\/wp\/v2\/media?parent=59053"}],"wp:term":[{"taxonomy":"category","embeddable":true,"href":"https:\/\/tvbrazilusa.com\/pt\/wp-json\/wp\/v2\/categories?post=59053"},{"taxonomy":"post_tag","embeddable":true,"href":"https:\/\/tvbrazilusa.com\/pt\/wp-json\/wp\/v2\/tags?post=59053"}],"curies":[{"name":"wp","href":"https:\/\/api.w.org\/{rel}","templated":true}]}}