{"id":59056,"date":"2024-11-13T20:39:03","date_gmt":"2024-11-13T20:39:03","guid":{"rendered":"https:\/\/tvbrazilusa.com\/2024\/11\/13\/trump-diz-que-nomeara-o-deputado-matt-gaetz-da-florida-para-procurador-geral-wsvn-7news-noticias-de-miami-clima-esportes-fort-lauderdale\/"},"modified":"2024-11-13T20:47:42","modified_gmt":"2024-11-13T20:47:42","slug":"trump-diz-que-nomeara-o-deputado-matt-gaetz-da-florida-para-procurador-geral-wsvn-7news-noticias-de-miami-clima-esportes-fort-lauderdale","status":"publish","type":"post","link":"https:\/\/tvbrazilusa.com\/pt\/2024\/11\/13\/trump-diz-que-nomeara-o-deputado-matt-gaetz-da-florida-para-procurador-geral-wsvn-7news-noticias-de-miami-clima-esportes-fort-lauderdale\/","title":{"rendered":"Trump diz que nomear\u00e1 o deputado Matt Gaetz, da Fl\u00f3rida, para procurador-geral &#8211; WSVN 7News | Not\u00edcias de Miami, clima, esportes | Fort Lauderdale"},"content":{"rendered":"<p> <script async src=\"https:\/\/pagead2.googlesyndication.com\/pagead\/js\/adsbygoogle.js?client=ca-pub-8864793242727901\"\r\n     crossorigin=\"anonymous\"><\/script><br \/>\n<\/p>\n<div itemprop=\"articleBody\">\n<p>WEST PALM BEACH, Fl\u00f3rida (AP) \u2013 O presidente eleito Donald Trump disse na quarta-feira que nomear\u00e1 o deputado republicano Matt Gaetz, da Fl\u00f3rida, para servir como seu procurador-geral, colocando um legalista no papel de principal promotor do pa\u00eds.<\/p>\n<p>Ao selecionar o congressista, Trump ignorou alguns dos advogados mais consagrados, cujos nomes foram mencionados como candidatos ao cargo.<\/p>\n<p>\u201cMatt acabar\u00e1 com o governo armado, proteger\u00e1 as nossas fronteiras, desmantelar\u00e1 as organiza\u00e7\u00f5es criminosas e restaurar\u00e1 a f\u00e9 e a confian\u00e7a bastante abalada dos americanos no Departamento de Justi\u00e7a\u201d, disse Trump num comunicado.<\/p>\n<p><em>Direitos autorais 2024 da Associated Press. Todos os direitos reservados. Este material n\u00e3o pode ser publicado, transmitido, reescrito ou redistribu\u00eddo.<\/em><\/p>\n<div class=\"wp-block-newsletter\">\n\t<strong class=\"wp-block-newsletter__title\">Cadastre-se em nosso boletim informativo para receber as \u00faltimas not\u00edcias diretamente em sua caixa de entrada<\/strong><\/p>\n<\/div><\/div>\n<p><br \/>\n<br \/><a href=\"https:\/\/wsvn.com\/news\/politics\/trump-says-he-will-nominate-rep-matt-gaetz-of-florida-to-be-attorney-general\/\">Source link <\/a><\/p>","protected":false},"excerpt":{"rendered":"<p>WEST PALM BEACH, Fl\u00f3rida (AP) \u2013 O presidente eleito Donald Trump disse na quarta-feira que nomear\u00e1 o deputado republicano Matt Gaetz, da Fl\u00f3rida, para servir como seu procurador-geral, colocando um&hellip;<\/p>","protected":false},"author":1,"featured_media":59057,"comment_status":"closed","ping_status":"open","sticky":false,"template":"","format":"standard","meta":{"content-type":"","footnotes":""},"categories":[1],"tags":[],"class_list":["post-59056","post","type-post","status-publish","format-standard","has-post-thumbnail","hentry","category-uncategorized"],"_links":{"self":[{"href":"https:\/\/tvbrazilusa.com\/pt\/wp-json\/wp\/v2\/posts\/59056","targetHints":{"allow":["GET"]}}],"collection":[{"href":"https:\/\/tvbrazilusa.com\/pt\/wp-json\/wp\/v2\/posts"}],"about":[{"href":"https:\/\/tvbrazilusa.com\/pt\/wp-json\/wp\/v2\/types\/post"}],"author":[{"embeddable":true,"href":"https:\/\/tvbrazilusa.com\/pt\/wp-json\/wp\/v2\/users\/1"}],"replies":[{"embeddable":true,"href":"https:\/\/tvbrazilusa.com\/pt\/wp-json\/wp\/v2\/comments?post=59056"}],"version-history":[{"count":1,"href":"https:\/\/tvbrazilusa.com\/pt\/wp-json\/wp\/v2\/posts\/59056\/revisions"}],"predecessor-version":[{"id":59058,"href":"https:\/\/tvbrazilusa.com\/pt\/wp-json\/wp\/v2\/posts\/59056\/revisions\/59058"}],"wp:featuredmedia":[{"embeddable":true,"href":"https:\/\/tvbrazilusa.com\/pt\/wp-json\/wp\/v2\/media\/59057"}],"wp:attachment":[{"href":"https:\/\/tvbrazilusa.com\/pt\/wp-json\/wp\/v2\/media?parent=59056"}],"wp:term":[{"taxonomy":"category","embeddable":true,"href":"https:\/\/tvbrazilusa.com\/pt\/wp-json\/wp\/v2\/categories?post=59056"},{"taxonomy":"post_tag","embeddable":true,"href":"https:\/\/tvbrazilusa.com\/pt\/wp-json\/wp\/v2\/tags?post=59056"}],"curies":[{"name":"wp","href":"https:\/\/api.w.org\/{rel}","templated":true}]}}