{"id":59062,"date":"2024-11-13T20:55:32","date_gmt":"2024-11-13T20:55:32","guid":{"rendered":"https:\/\/tvbrazilusa.com\/2024\/11\/13\/o-julgamento-da-cruz-padre-jose-eduardo-e-a-perseguicao-pelo-stf\/"},"modified":"2024-11-13T20:55:33","modified_gmt":"2024-11-13T20:55:33","slug":"o-julgamento-da-cruz-padre-jose-eduardo-e-a-perseguicao-pelo-stf","status":"publish","type":"post","link":"https:\/\/tvbrazilusa.com\/pt\/2024\/11\/13\/o-julgamento-da-cruz-padre-jose-eduardo-e-a-perseguicao-pelo-stf\/","title":{"rendered":"O julgamento da cruz: Padre Jos\u00e9 Eduardo e a persegui\u00e7\u00e3o pelo STF"},"content":{"rendered":"<p> <script async src=\"https:\/\/pagead2.googlesyndication.com\/pagead\/js\/adsbygoogle.js?client=ca-pub-8864793242727901\"\r\n     crossorigin=\"anonymous\"><\/script><br \/>\n<\/p>\n<div id=\"taboola-read-more\" style=\"display:block; width:100%\">\n<p>Nos pr\u00f3ximos dias, os 11 membros do Supremo Soviete brasileiro come\u00e7ar\u00e3o a julgar se os crucifixos, s\u00edmbolos maiores da f\u00e9 crist\u00e3, devem ou n\u00e3o ser proibidos em tribunais, reparti\u00e7\u00f5es e demais pr\u00e9dios p\u00fablicos do pa\u00eds.\n<\/p>\n<p>A cruz de Cristo, como todos os meus sete leitores sabem, esteve presente desde o in\u00edcio de nossa hist\u00f3ria. Em 22 de abril de 1500, foi avistado o Monte Pascal, cujo nome faz refer\u00eancia \u00e0 maior festa do cristianismo e ao acontecimento mais importante da hist\u00f3ria humana: a ressurrei\u00e7\u00e3o de Nosso Senhor Jesus Cristo. Quatro dias depois, j\u00e1 em terra firme, Frei Henrique de Coimbra celebrou a primeira missa do Brasil.<\/p>\n<p>N\u00e3o por acaso, um dos primeiros nomes de nossa p\u00e1tria \u2014 e certamente o mais belo \u2014 foi Terra de Santa Cruz. Doravante a presen\u00e7a do madeiro de Cristo poder\u00e1 ser expurgada dos ambientes p\u00fablicos.\n<\/p>\n<p>Para um tribunal que j\u00e1 sepultou os julgamentos e condena\u00e7\u00f5es do maior esc\u00e2ndalo de corrup\u00e7\u00e3o da hist\u00f3ria do Ocidente, a retirada das cruzes deve ser vista como caf\u00e9 pequeno. O STF j\u00e1 apagou a verdade; qual o problema em apagar a Verdade, n\u00e3o \u00e9 mesmo?\n<\/p>\n<p>Mas n\u00e3o \u00e9 apenas a presen\u00e7a dos crucifixos que incomoda os nossos supremos magistrados. A simples presen\u00e7a de um padre cat\u00f3lico em meio aos inimigos do sistema, ainda que por algumas horas, se transformou em mat\u00e9ria de investiga\u00e7\u00e3o para a pol\u00edcia pol\u00edtica do regime.\n<\/p>\n<p>Por ordem do Imperador Calvo, o nosso querido Padre Jos\u00e9 Eduardo de Oliveira e Silva, da Diocese de Osasco (SP), foi alvo, no in\u00edcio do ano, de uma opera\u00e7\u00e3o de busca e apreens\u00e3o em sua resid\u00eancia, por agentes da Pol\u00edcia Federal.\n<\/p>\n<p>A for\u00e7a que deveria ser usada contra chefes do crime organizado, traficantes, e sociopatas homicidas, foi colocada para invadir a casa de um homem cuja vida se resume a anunciar a palavra de Deus e auxiliar na salva\u00e7\u00e3o das almas de um n\u00famero incont\u00e1vel de brasileiros.\n<\/p>\n<p><strong>Padre Jos\u00e9 Eduardo foi proibido de sair do pa\u00eds e teve seu passaporte e seu celular apreendidos. Tolos, voc\u00eas n\u00e3o sabem que a verdadeira P\u00e1tria desse homem \u00e9 o C\u00e9u?<\/strong>\n<\/p>\n<p>No \u00faltimo dia 7, Padre Jos\u00e9 Eduardo foi chamado para prestar depoimento \u00e0 Pol\u00edcia Federal. No interrogat\u00f3rio, ele e seu advogado descobriram que os agentes da Stasi brasileira vasculharam suas mensagens pessoais e recortaram frases descontextualizadas de conversas com fi\u00e9is, numa clara afronta ao princ\u00edpio do sigilo sacerdotal. Ao final do interrogat\u00f3rio, a delegada respons\u00e1vel negou-se a entregar-lhes uma c\u00f3pia do depoimento, por ordem do Imperador Calvo, em mais uma escandalosa restri\u00e7\u00e3o ao direito de defesa por parte do Supremo Soviete.\n<\/p>\n<p>Em nota p\u00fablica, o Padre Jos\u00e9 Eduardo afirmou que todos os seus contatos com membros do governo Jair Bolsonaro se deram por motivo de direcionamento espiritual, algo que \u00e9 inerente ao seu trabalho de sacerdote. O mesmo Estado que v\u00ea na presen\u00e7a de crucifixos uma ofensa \u00e0 laicidade n\u00e3o encontra problema algum em vasculhar com sua m\u00e3o grande as atividades religiosas de um padre.\n<\/p>\n<p>C\u00e9sar n\u00e3o quer Cristo nos gabinetes, mas se sente autorizado a imiscuir-se nos assuntos de Cristo e nos seus confession\u00e1rios.\n<\/p>\n<p>Se nos debru\u00e7armos sobre os exemplos hist\u00f3ricos, veremos que a persegui\u00e7\u00e3o de C\u00e9sar a Cristo \u2014 um fen\u00f4meno que o professor Olavo de Carvalho descreve no seu magistral \u201cO Jardim das Afli\u00e7\u00f5es\u201d \u2014 sempre foi um tra\u00e7o distintivo dos regimes revolucion\u00e1rios modernos.\n<\/p>\n<p>Na Revolu\u00e7\u00e3o Francesa, os jacobinos impuseram a famigerada Constitui\u00e7\u00e3o Civil do Clero, que consistia na exig\u00eancia de que os padres jurassem fidelidade ao governo revolucion\u00e1rio acima da fidelidade a Deus e \u00e0 Sua Igreja. Milhares de sacerdotes e religiosas foram perseguidos, exilados e massacrados por n\u00e3o aceitarem a predomin\u00e2ncia de C\u00e9sar sobre Cristo.\n<\/p>\n<p>Na Revolu\u00e7\u00e3o Russa, na Revolu\u00e7\u00e3o Mexicana, na Revolu\u00e7\u00e3o Chinesa, na Revolu\u00e7\u00e3o Nacional-Socialista Alem\u00e3, o mesmo tipo de exig\u00eancia foi feito, sempre resultando em persegui\u00e7\u00e3o, tortura e morte.\n<\/p>\n<p>Na atualidade \u2014 sim, neste exato instante \u2014, o governo da China exige que os crist\u00e3os prometam fidelidade ao Partido Comunista, chegando ao c\u00famulo de substituir imagens de Jesus Cristo e da Virgem Maria por cartazes de Mao Ts\u00e9-tung e Xi Jinping. Coisas semelhantes ocorrem na Nicar\u00e1gua, em Cuba, na Bol\u00edvia e na Venezuela, pa\u00edses pertencentes ao Foro de S\u00e3o Paulo, fundado por Lula e Fidel Castro em 1990.\n<\/p>\n<p>Os exemplos de ataque aos crist\u00e3os \u2014 seguindo a velha estrat\u00e9gia de ridiculariza\u00e7\u00e3o-persegui\u00e7\u00e3o-destrui\u00e7\u00e3o \u2014 est\u00e3o proliferando pelo mundo\n<\/p>\n<p>A ministra da Cultura se refere pejorativamente \u00e0s igrejas crist\u00e3s, afirmando que elas se aproveitam dos \u201cvazios culturais\u201d nas periferias brasileiras. A candidata presidencial da maior na\u00e7\u00e3o livre do mundo esnobou e ridicularizou jovens que gritaram \u201cJesus Cristo \u00e9 rei!\u201d durante um com\u00edcio eleitoral.\n<\/p>\n<p>Uma celebridade intelectual esquerdista expeliu \u00f3dio aos motoristas de aplicativo que simplesmente lhe dizem \u201cDeus te aben\u00e7oe\u201d. Meus sete leitores sabem que poderia preencher v\u00e1rias p\u00e1ginas descrevendo situa\u00e7\u00f5es similares de \u00f3dio, desprezo e ofensas ao cristianismo, mas ficarei por aqui.\n<\/p>\n<p>Se querem mais exemplos, sugiro que consultem os portais Ajuda \u00e0 Igreja que Sofre e Portas Abertas para saber mais sobre essa escalada mundial contra o povo de Cristo.\n<\/p>\n<p>Para dimensionar com precis\u00e3o o que est\u00e1 acontecendo com o Padre Jos\u00e9 Eduardo, \u00e9 necess\u00e1rio levar em conta que o Brasil foi v\u00edtima, entre os anos de 2019 e 2022, de uma s\u00e9rie de golpes revolucion\u00e1rios perpetrados por elites pol\u00edticas brasileiras. Esses golpes consistiram em retirar da cadeia um sujeito condenado em tr\u00eas inst\u00e2ncias a v\u00e1rios anos de pris\u00e3o por corrup\u00e7\u00e3o e lavagem de dinheiro; em transformar esse mesmo indiv\u00edduo em candidato presidencial; em criar um sistema eleitoral inaudit\u00e1vel; em sabotar a campanha eleitoral por meio de censura, persegui\u00e7\u00e3o e desinforma\u00e7\u00e3o sistem\u00e1tica; em criminalizar qualquer tipo de cr\u00edtica e den\u00fancia sobre os golpes em andamento; em criar uma situa\u00e7\u00e3o fict\u00edcia de golpe de Estado para justificar o terror estatal contra milhares de pessoas inocentes.\n<\/p>\n<p>O processo que levou Lula e seus companheiros de viagem ao poder \u00e9 de car\u00e1ter revolucion\u00e1rio. E qual a \u00fanica forma de combater uma revolu\u00e7\u00e3o? Certamente, n\u00e3o \u00e9 por meio da pol\u00edtica de estrito senso.\n<\/p>\n<p>Uma revolu\u00e7\u00e3o s\u00f3 se combate com a ressurrei\u00e7\u00e3o \u2014 a ressurrei\u00e7\u00e3o de uma cultura, de um povo, de um pa\u00eds. Hoje, no Brasil, estamos assistindo a uma ressurrei\u00e7\u00e3o silenciosa da Igreja\n<\/p>\n<p>Os velhos bispos e padres da Teologia da Liberta\u00e7\u00e3o, pouco a pouco, est\u00e3o saindo de cena, vencidos pela morte e pelo cansa\u00e7o. Uma nova gera\u00e7\u00e3o de cat\u00f3licos \u2014 inclusive santos e m\u00e1rtires \u2014 est\u00e1 surgindo e cedo ou tarde ser\u00e1 majorit\u00e1ria. Padre Jos\u00e9 Eduardo, Frei Gilson, Padre Paulo Ricardo, Padre Overland, Dom Adair, Dom Falc\u00e3o, Irm\u00e3 Kelly Patr\u00edcia, e tantos outros, s\u00e3o os l\u00edderes dessa ressurrei\u00e7\u00e3o espiritual do Brasil. Estamos assistindo ao ressurgimento da Terra de Santa Cruz.\n<\/p>\n<p>Nem toda persegui\u00e7\u00e3o policial do mundo, nem todo aparato repressivo do Soviete Supremo ser\u00e3o capazes de conter uma na\u00e7\u00e3o inteira disposta a perder sua vida para ganh\u00e1-la eternamente.\n<\/p>\n<p>A ressurrei\u00e7\u00e3o do Brasil poder\u00e1 demorar v\u00e1rios anos, talvez v\u00e1rias d\u00e9cadas. Mas as sementes j\u00e1 foram lan\u00e7adas por her\u00f3is como o Padre Jos\u00e9 Eduardo \u2014 e elas v\u00e3o florescer. E quando vier essa flora\u00e7\u00e3o espiritual, descobriremos que aquele crucifixo, a imagem da maior injusti\u00e7a de todos os tempos, continuar\u00e1 agindo sobre nossos cora\u00e7\u00f5es, ainda que seja afastado dos gabinetes do poder.\n<\/p>\n<p>Se o pior dos males j\u00e1 cometidos \u2014 o assassinato de Cristo \u2014 foi transformado no maior dos bens \u2014 a ressurrei\u00e7\u00e3o para a vida eterna \u2014, o que esse mesmo Deus crucificado n\u00e3o far\u00e1 das nossas agruras, dores e injusti\u00e7as?\n<\/p>\n<p>Lembrem-se do lema da Ordem dos Cartuxos: \u201cStat crux dum volvitur orbis\u201d. A cruz permanece enquanto o mundo gira. N\u00e3o adianta julgar a cruz, senhores ministros \u2014 voc\u00eas ser\u00e3o julgados por ela.\n<\/p>\n<p>Fonte: Gazeta do Povo              <\/p>\n<\/div>\n<p><br \/>\n<br \/><a href=\"https:\/\/diariodobrasilnoticias.com.br\/noticia\/o-julgamento-da-cruz-padre-jose-eduardo-e-a-perseguicao-pelo-stf-6734f386ddf67\">Source link <\/a><\/p>","protected":false},"excerpt":{"rendered":"<p>Nos pr\u00f3ximos dias, os 11 membros do Supremo Soviete brasileiro come\u00e7ar\u00e3o a julgar se os crucifixos, s\u00edmbolos maiores da f\u00e9 crist\u00e3, devem ou n\u00e3o ser proibidos em tribunais, reparti\u00e7\u00f5es e&hellip;<\/p>","protected":false},"author":1,"featured_media":59063,"comment_status":"closed","ping_status":"open","sticky":false,"template":"","format":"standard","meta":{"content-type":"","footnotes":""},"categories":[16],"tags":[123,2448,5313,1267],"class_list":["post-59062","post","type-post","status-publish","format-standard","has-post-thumbnail","hentry","category-noticias","tag-brasil","tag-diario","tag-noticia","tag-noticias"],"_links":{"self":[{"href":"https:\/\/tvbrazilusa.com\/pt\/wp-json\/wp\/v2\/posts\/59062","targetHints":{"allow":["GET"]}}],"collection":[{"href":"https:\/\/tvbrazilusa.com\/pt\/wp-json\/wp\/v2\/posts"}],"about":[{"href":"https:\/\/tvbrazilusa.com\/pt\/wp-json\/wp\/v2\/types\/post"}],"author":[{"embeddable":true,"href":"https:\/\/tvbrazilusa.com\/pt\/wp-json\/wp\/v2\/users\/1"}],"replies":[{"embeddable":true,"href":"https:\/\/tvbrazilusa.com\/pt\/wp-json\/wp\/v2\/comments?post=59062"}],"version-history":[{"count":1,"href":"https:\/\/tvbrazilusa.com\/pt\/wp-json\/wp\/v2\/posts\/59062\/revisions"}],"predecessor-version":[{"id":59064,"href":"https:\/\/tvbrazilusa.com\/pt\/wp-json\/wp\/v2\/posts\/59062\/revisions\/59064"}],"wp:featuredmedia":[{"embeddable":true,"href":"https:\/\/tvbrazilusa.com\/pt\/wp-json\/wp\/v2\/media\/59063"}],"wp:attachment":[{"href":"https:\/\/tvbrazilusa.com\/pt\/wp-json\/wp\/v2\/media?parent=59062"}],"wp:term":[{"taxonomy":"category","embeddable":true,"href":"https:\/\/tvbrazilusa.com\/pt\/wp-json\/wp\/v2\/categories?post=59062"},{"taxonomy":"post_tag","embeddable":true,"href":"https:\/\/tvbrazilusa.com\/pt\/wp-json\/wp\/v2\/tags?post=59062"}],"curies":[{"name":"wp","href":"https:\/\/api.w.org\/{rel}","templated":true}]}}