{"id":59068,"date":"2024-11-13T21:07:59","date_gmt":"2024-11-13T21:07:59","guid":{"rendered":"https:\/\/tvbrazilusa.com\/2024\/11\/13\/corregedoria-decide-nao-indiciar-dois-policiais-penais-investigados-pela-fuga-de-presos-no-interior-do-nordeste\/"},"modified":"2024-11-13T21:08:00","modified_gmt":"2024-11-13T21:08:00","slug":"corregedoria-decide-nao-indiciar-dois-policiais-penais-investigados-pela-fuga-de-presos-no-interior-do-nordeste","status":"publish","type":"post","link":"https:\/\/tvbrazilusa.com\/pt\/2024\/11\/13\/corregedoria-decide-nao-indiciar-dois-policiais-penais-investigados-pela-fuga-de-presos-no-interior-do-nordeste\/","title":{"rendered":"Corregedoria decide n\u00e3o indiciar dois policiais penais investigados pela fuga de presos no interior do Nordeste"},"content":{"rendered":"<p> <script async src=\"https:\/\/pagead2.googlesyndication.com\/pagead\/js\/adsbygoogle.js?client=ca-pub-8864793242727901\"\r\n     crossorigin=\"anonymous\"><\/script><br \/>\n<\/p>\n<div id=\"taboola-read-more\" style=\"display:block; width:100%\">\n<p>A corregedoria do sistema penitenci\u00e1rio federal decidiu n\u00e3o indiciar dois policiais penais federais que trabalhavam nas torres de vigil\u00e2ncia da penitenci\u00e1ria de Mossor\u00f3, no Rio Grande do Norte, no momento em que dois presos fugiram da unidade, em fevereiro passado.\n<\/p>\n<p>De acordo com a decis\u00e3o publicada nesta ter\u00e7a-feira (12), a que a TV Globo teve acesso, a comiss\u00e3o processante concluiu que n\u00e3o houve inten\u00e7\u00e3o (dolo) na atua\u00e7\u00e3o dos dois servidores e que eles n\u00e3o tinham condi\u00e7\u00f5es de impedir a fuga devido a problemas estruturais e em equipamentos do pres\u00eddio.<\/p>\n<p>A decis\u00e3o, entretanto, n\u00e3o significa a absolvi\u00e7\u00e3o dos dois policiais. Eles firmaram um Termo de Ajustamento de Conduta (TAC) em que se comprometeram a exercer com zelo e dedica\u00e7\u00e3o as atribui\u00e7\u00f5es do cargo e a realizar cursos. Se descumprirem o acordo, voltam a responder ao processo disciplinar.\n<\/p>\n<p>Esse \u00e9 o primeiro Procedimento Administrativo Disciplinar (PAD) sobre a fuga em Mossor\u00f3 conclu\u00eddo pela corregedoria da Secretaria Nacional de Pol\u00edticas Penais (Senappen), ligada ao Minist\u00e9rio da Justi\u00e7a e Seguran\u00e7a P\u00fablica.\n<\/p>\n<p>Outros dois processos, que analisam a atua\u00e7\u00e3o de oito policiais penais federais, seguem em andamento. N\u00e3o h\u00e1 previs\u00e3o de conclus\u00e3o.\n<\/p>\n<p>\u201cA comiss\u00e3o processante concluiu por n\u00e3o indiciar os acusados, por considerar que n\u00e3o agiram dolosamente, tampouco teriam condi\u00e7\u00f5es de identificar a movimenta\u00e7\u00e3o dos presos e repelir a fuga \u2013 ante as instala\u00e7\u00f5es, materiais e equipamentos ausentes ou em m\u00e1s condi\u00e7\u00f5es de uso na \u00e9poca dos fatos\u201d, diz a decis\u00e3o do PAD.<br \/>Autoridades ligadas ao minist\u00e9rio j\u00e1 haviam admitido falhas na seguran\u00e7a do pres\u00eddio e que elas facilitaram a fuga.\n<\/p>\n<p>Por exemplo, o sistema de c\u00e2meras era considerado ultrapassado e detectores de movimento, importantes \u00e0 noite, n\u00e3o funcionaram.\n<\/p>\n<p>Al\u00e9m disso, as celas onde estavam os dois presos ficaram cerca de 40 dias sem passar por vistoria. E n\u00e3o contam com uma estrutura de concreto no teto, que teria impedido o acesso dos fugitivos ao telhado.\n<\/p>\n<p>A fuga\n<\/p>\n<p>Deibson Nascimento e Rog\u00e9rio Mendon\u00e7a fugiram da Penitenci\u00e1ria Federal de Mossor\u00f3 no dia 14 de fevereiro.\n<\/p>\n<p>Foram as duas primeiras fugas registradas no sistema penitenci\u00e1rio controlado pelo governo federal, que inclui ainda penitenci\u00e1rias em Bras\u00edlia (DF), Catanduvas (PR), Campo Grande (MS) e Porto Velho (RO).\n<\/p>\n<p>Os dois foram recapturados apenas 50 dias depois, em Marab\u00e1, no Par\u00e1, a cerca de 1,6 mil quil\u00f4metros de Mossor\u00f3.\n<\/p>\n<p>As buscas, intensas, envolveram a Pol\u00edcia Federal, a Pol\u00edcia Rodovi\u00e1ria Federal e a For\u00e7a Nacional, al\u00e9m das pol\u00edcias locais. A opera\u00e7\u00e3o custou R$ 2,1 milh\u00f5es aos cofres p\u00fablicos.\n<\/p>\n<p>Deibson e Rog\u00e9rio s\u00e3o integrantes do Comando Vermelho e estavam em Mossor\u00f3 desde setembro de 2023, vindos do Acre.\n<\/p>\n<p>Para fugir, eles abriram passagem por um buraco atr\u00e1s de uma lumin\u00e1ria do pres\u00eddio e cortaram duas cercas de arame usando ferramentas de uma obra que ocorria no local.\n<\/p>\n<p>Recentemente, eles foram transferidos de Mossor\u00f3 para outra penitenci\u00e1ria do sistema federal. A Senappen n\u00e3o confirmou quando exatamente a transfer\u00eancia aconteceu e nem para qual das quatro unidades eles foram levados.\n<\/p>\n<p>Fonte: Blog do BG              <\/p>\n<\/div>\n<p><br \/>\n<br \/><a href=\"https:\/\/diariodobrasilnoticias.com.br\/noticia\/corregedoria-decide-nao-indiciar-dois-policiais-penais-investigados-pela-fuga-de-presos-no-interior-do-nordeste-6734f46cd9e14\">Source link <\/a><\/p>","protected":false},"excerpt":{"rendered":"<p>A corregedoria do sistema penitenci\u00e1rio federal decidiu n\u00e3o indiciar dois policiais penais federais que trabalhavam nas torres de vigil\u00e2ncia da penitenci\u00e1ria de Mossor\u00f3, no Rio Grande do Norte, no momento&hellip;<\/p>","protected":false},"author":1,"featured_media":59069,"comment_status":"closed","ping_status":"open","sticky":false,"template":"","format":"standard","meta":{"content-type":"","footnotes":""},"categories":[16],"tags":[123,2448,5313,1267],"class_list":["post-59068","post","type-post","status-publish","format-standard","has-post-thumbnail","hentry","category-noticias","tag-brasil","tag-diario","tag-noticia","tag-noticias"],"_links":{"self":[{"href":"https:\/\/tvbrazilusa.com\/pt\/wp-json\/wp\/v2\/posts\/59068","targetHints":{"allow":["GET"]}}],"collection":[{"href":"https:\/\/tvbrazilusa.com\/pt\/wp-json\/wp\/v2\/posts"}],"about":[{"href":"https:\/\/tvbrazilusa.com\/pt\/wp-json\/wp\/v2\/types\/post"}],"author":[{"embeddable":true,"href":"https:\/\/tvbrazilusa.com\/pt\/wp-json\/wp\/v2\/users\/1"}],"replies":[{"embeddable":true,"href":"https:\/\/tvbrazilusa.com\/pt\/wp-json\/wp\/v2\/comments?post=59068"}],"version-history":[{"count":1,"href":"https:\/\/tvbrazilusa.com\/pt\/wp-json\/wp\/v2\/posts\/59068\/revisions"}],"predecessor-version":[{"id":59070,"href":"https:\/\/tvbrazilusa.com\/pt\/wp-json\/wp\/v2\/posts\/59068\/revisions\/59070"}],"wp:featuredmedia":[{"embeddable":true,"href":"https:\/\/tvbrazilusa.com\/pt\/wp-json\/wp\/v2\/media\/59069"}],"wp:attachment":[{"href":"https:\/\/tvbrazilusa.com\/pt\/wp-json\/wp\/v2\/media?parent=59068"}],"wp:term":[{"taxonomy":"category","embeddable":true,"href":"https:\/\/tvbrazilusa.com\/pt\/wp-json\/wp\/v2\/categories?post=59068"},{"taxonomy":"post_tag","embeddable":true,"href":"https:\/\/tvbrazilusa.com\/pt\/wp-json\/wp\/v2\/tags?post=59068"}],"curies":[{"name":"wp","href":"https:\/\/api.w.org\/{rel}","templated":true}]}}