{"id":59111,"date":"2024-11-13T22:27:27","date_gmt":"2024-11-13T22:27:27","guid":{"rendered":"https:\/\/tvbrazilusa.com\/2024\/11\/13\/stf-inicia-julgamento-de-acao-do-psb-que-restringiu-operacoes-policiais-nas-favelas-do-rio\/"},"modified":"2024-11-13T22:27:28","modified_gmt":"2024-11-13T22:27:28","slug":"stf-inicia-julgamento-de-acao-do-psb-que-restringiu-operacoes-policiais-nas-favelas-do-rio","status":"publish","type":"post","link":"https:\/\/tvbrazilusa.com\/pt\/2024\/11\/13\/stf-inicia-julgamento-de-acao-do-psb-que-restringiu-operacoes-policiais-nas-favelas-do-rio\/","title":{"rendered":"STF inicia julgamento de a\u00e7\u00e3o do PSB que restringiu opera\u00e7\u00f5es policiais nas favelas do Rio"},"content":{"rendered":"<p> <script async src=\"https:\/\/pagead2.googlesyndication.com\/pagead\/js\/adsbygoogle.js?client=ca-pub-8864793242727901\"\r\n     crossorigin=\"anonymous\"><\/script><br \/>\n<\/p>\n<div id=\"taboola-read-more\" style=\"display:block; width:100%\">\n<p>Nesta quarta-feira, 13, o Supremo Tribunal Federal (STF) come\u00e7a a julgar a Argui\u00e7\u00e3o de Descumprimento de Preceito Fundamental (ADPF) 635, conhecida como \u201cADPF das Favelas\u201d, levada \u00e0 Corte pelo Partido Socialista Brasileiro (PSB) em 2019.\n<\/p>\n<p>\u00c0s 14 horas, o relator, Edson Fachin, vai ler o parecer. Na sequ\u00eancia, os advogados far\u00e3o as sustenta\u00e7\u00f5es orais. Depois dessa etapa, ser\u00e1 marcada outra audi\u00eancia, a fim de que os demais ministros votem.<\/p>\n<p>O que est\u00e1 em jogo \u00e9 uma s\u00e9rie de liminares pol\u00eamicas no \u00e2mbito da seguran\u00e7a p\u00fablica do Estado do Rio de Janeiro (RJ) e que dizem respeito \u00e0 Pol\u00edcia Militar (PM). Isso porque, h\u00e1 quatro anos, Fachin acolheu a alguns pedidos do PSB no \u00e2mbito da ADPF, como, por exemplo, limitar as opera\u00e7\u00f5es da PM nas favelas durante a pandemia de covid-19 e, posteriormente, restringir a utiliza\u00e7\u00e3o de helic\u00f3pteros, por parte dos agentes, nas comunidades.\n<\/p>\n<p>Em fevereiro de 2022, com o coronav\u00edrus j\u00e1 controlado, Fachin estabeleceu ainda mais regras para os PMs, como a \u201cexcepcionalidade de for\u00e7a letal\u201d, c\u00e2meras nas fardas e em viaturas, o cumprimento de mandados de busca e apreens\u00e3o apenas durante o dia e a proibi\u00e7\u00e3o do uso de resid\u00eancias e im\u00f3veis particulares como base operacional da PM.\n<\/p>\n<p>Al\u00e9m disso, o juiz do STF determinou ao governador Cl\u00e1udio Castro a elabora\u00e7\u00e3o de um plano para, em 90 dias, reduzir a \u201cletalidade policial\u201d nos atos dos agentes.\n<\/p>\n<p>Apesar de a ADPF tratar unicamente do RJ, por ser uma a\u00e7\u00e3o de controle de constitucionalidade, h\u00e1 a possibilidade de o STF ampliar os seus efeitos para todo o territ\u00f3rio nacional.\n<\/p>\n<p><strong>\u201cADPF das Favelas\u201d<\/strong>\n<\/p>\n<p>O PSB citou a morte de \u00c1gatha F\u00e9lix, de 8 anos, ao apresentar a peti\u00e7\u00e3o inicial ao STF. A menina foi a \u00f3bito em meio a troca de tiros entre a PM e bandidos, no Complexo do Alem\u00e3o, em 2019.\n<\/p>\n<p>Conforme o PSB, a trag\u00e9dia que envolveu a crian\u00e7a \u201cn\u00e3o \u00e9 um caso isolado\u201d. \u201cIntegram quadro de s\u00e9rio agravamento da letalidade policial em todo o Estado do RJ e s\u00e3o resultado de pol\u00edtica de seguran\u00e7a p\u00fablica que estimula o confronto armado e exp\u00f5e moradores de \u00e1reas conflagradas a profundas viola\u00e7\u00f5es de seus direitos\u201d, argumentou a sigla.\n<\/p>\n<p>\u00c0 \u00e9poca da primeira decis\u00e3o de Fachin, Oeste ouviu dois especialistas sobre o assunto. De acordo com Daniel Vargas, doutor em Direito pela Harvard Law School e professor da FGV, a medida do Supremo n\u00e3o resolve as quest\u00f5es das favelas do Rio, tampouco as defici\u00eancias da seguran\u00e7a p\u00fablica. \u201c\u00c9 um problema que se arrasta h\u00e1 anos. O que se tentou fazer foi tapar o sol com a peneira\u201d, observou. \u201cO argumento que a Corte utilizou para apreciar esse problema, que \u00e9 estrutural, se baseia em princ\u00edpios abstratos da Constitui\u00e7\u00e3o\u201d, afirma, ao criticar a ambiguidade dos fundamentos usados e o ativismo do Judici\u00e1rio para tentar resolver quest\u00f5es que fogem de sua al\u00e7ada. \u201cOs governos, e n\u00e3o a Corte Suprema, t\u00eam de realizar a gest\u00e3o efetiva das pol\u00edticas p\u00fablicas\u201d, concluiu Vargas.\n<\/p>\n<p>O jurista Ives Gandra da Silva Martins, professor universit\u00e1rio e doutor em Direito pela Universidade Presbiteriana Mackenzie, constatou que compete ao Poder Executivo delinear a estrat\u00e9gia de combate ao crime organizado. E \u00e9 fun\u00e7\u00e3o da Justi\u00e7a punir eventuais abusos cometidos, por exemplo, pela pol\u00edcia. \u201cO artigo 102 \u00e9 claro ao determinar que o Supremo \u00e9 um mero guardi\u00e3o da Constitui\u00e7\u00e3o\u201d, disse. \u201cE a Corte n\u00e3o pode decidir sobre essa mat\u00e9ria. Os ministros podem julgar abusos, mas n\u00e3o determinar qual \u00e9 a conduta que os governos t\u00eam de adotar.\u201d\n<\/p>\n<p>Fonte: Revista Oeste              <\/p>\n<\/div>\n<p><br \/>\n<br \/><a href=\"https:\/\/diariodobrasilnoticias.com.br\/noticia\/stf-inicia-julgamento-de-acao-do-psb-que-restringiu-operacoes-policiais-nas-favelas-do-rio-6735031c2eb7a\">Source link <\/a><\/p>","protected":false},"excerpt":{"rendered":"<p>Nesta quarta-feira, 13, o Supremo Tribunal Federal (STF) come\u00e7a a julgar a Argui\u00e7\u00e3o de Descumprimento de Preceito Fundamental (ADPF) 635, conhecida como \u201cADPF das Favelas\u201d, levada \u00e0 Corte pelo Partido&hellip;<\/p>","protected":false},"author":1,"featured_media":59112,"comment_status":"closed","ping_status":"open","sticky":false,"template":"","format":"standard","meta":{"content-type":"","footnotes":""},"categories":[16],"tags":[123,2448,5313,1267],"class_list":["post-59111","post","type-post","status-publish","format-standard","has-post-thumbnail","hentry","category-noticias","tag-brasil","tag-diario","tag-noticia","tag-noticias"],"_links":{"self":[{"href":"https:\/\/tvbrazilusa.com\/pt\/wp-json\/wp\/v2\/posts\/59111","targetHints":{"allow":["GET"]}}],"collection":[{"href":"https:\/\/tvbrazilusa.com\/pt\/wp-json\/wp\/v2\/posts"}],"about":[{"href":"https:\/\/tvbrazilusa.com\/pt\/wp-json\/wp\/v2\/types\/post"}],"author":[{"embeddable":true,"href":"https:\/\/tvbrazilusa.com\/pt\/wp-json\/wp\/v2\/users\/1"}],"replies":[{"embeddable":true,"href":"https:\/\/tvbrazilusa.com\/pt\/wp-json\/wp\/v2\/comments?post=59111"}],"version-history":[{"count":1,"href":"https:\/\/tvbrazilusa.com\/pt\/wp-json\/wp\/v2\/posts\/59111\/revisions"}],"predecessor-version":[{"id":59113,"href":"https:\/\/tvbrazilusa.com\/pt\/wp-json\/wp\/v2\/posts\/59111\/revisions\/59113"}],"wp:featuredmedia":[{"embeddable":true,"href":"https:\/\/tvbrazilusa.com\/pt\/wp-json\/wp\/v2\/media\/59112"}],"wp:attachment":[{"href":"https:\/\/tvbrazilusa.com\/pt\/wp-json\/wp\/v2\/media?parent=59111"}],"wp:term":[{"taxonomy":"category","embeddable":true,"href":"https:\/\/tvbrazilusa.com\/pt\/wp-json\/wp\/v2\/categories?post=59111"},{"taxonomy":"post_tag","embeddable":true,"href":"https:\/\/tvbrazilusa.com\/pt\/wp-json\/wp\/v2\/tags?post=59111"}],"curies":[{"name":"wp","href":"https:\/\/api.w.org\/{rel}","templated":true}]}}