{"id":59132,"date":"2024-11-13T22:58:14","date_gmt":"2024-11-13T22:58:14","guid":{"rendered":"https:\/\/tvbrazilusa.com\/2024\/11\/13\/argentina-retira-delegacao-apos-decisao-de-javier-milei\/"},"modified":"2024-11-13T22:58:15","modified_gmt":"2024-11-13T22:58:15","slug":"argentina-retira-delegacao-apos-decisao-de-javier-milei","status":"publish","type":"post","link":"https:\/\/tvbrazilusa.com\/pt\/2024\/11\/13\/argentina-retira-delegacao-apos-decisao-de-javier-milei\/","title":{"rendered":"Argentina retira delega\u00e7\u00e3o ap\u00f3s decis\u00e3o de Javier Milei"},"content":{"rendered":"<p> <script async src=\"https:\/\/pagead2.googlesyndication.com\/pagead\/js\/adsbygoogle.js?client=ca-pub-8864793242727901\"\r\n     crossorigin=\"anonymous\"><\/script><br \/>\n<\/p>\n<div>\n<figure class=\"post-image\">\n<\/figure>\n<p>            <span style=\"font-size: 12px\">Divulga\u00e7\u00e3o<\/span><\/p>\n<p>            <!-- end metas --><br \/>\n            <!-- ADS --><\/p>\n<div id=\"taboola-read-more\" style=\"display:block; width:100%\">\n<p>O presidente da Argentina, Javier Milei, determinou nesta quarta-feira (13) a retirada da delega\u00e7\u00e3o argentina da COP29, a 29\u00aa Confer\u00eancia das Na\u00e7\u00f5es Unidas sobre Mudan\u00e7as Clim\u00e1ticas, que est\u00e1 sendo realizada em Baku, no Azerbaij\u00e3o. A decis\u00e3o ocorre ap\u00f3s os primeiros dias do evento, que come\u00e7ou na segunda-feira (11), nos quais representantes do governo argentino participaram das discuss\u00f5es.\n<\/p>\n<p>Durante a c\u00fapula, autoridades dos minist\u00e9rios de Rela\u00e7\u00f5es Exteriores, Meio Ambiente, Turismo e Esportes da Argentina integraram dois grupos de negocia\u00e7\u00f5es: um com o Grupo Sul, que inclui Brasil, Equador, Uruguai e Paraguai, e outro com o G77 mais China. Segundo informa\u00e7\u00f5es do jornal La Naci\u00f3n, a participa\u00e7\u00e3o da delega\u00e7\u00e3o argentina foi considerada \u201cmenos que simb\u00f3lica\u201d, com uma atua\u00e7\u00e3o discreta nos debates.<\/p>\n<p>Fonte: @bandnewstv              <\/p>\n<\/div>\n<p>                        <!-- Scripts para conteudo --><\/p>\n<p>            <!-- .\/Scripts para conteudo --><br \/>\n            <!-- .\/Mat\u00e9ria --><\/p>\n<div class=\"row mt-3\">\n<div class=\"col-sm-6\">\n                <!-- Whatsapp channel 3--><br \/>\n                <a href=\"https:\/\/chat.whatsapp.com\/J6hwSKYns5B0XFowx2wZ0P\" target=\"_blank\" rel=\"noopener\"><br \/>\n                  <img decoding=\"async\" src=\"https:\/\/diariodobrasilnoticias.com.br\/assets-site\/images\/bot_whatsapp.png\"\/><\/a>\n              <\/div>\n<div class=\"col-sm-6\">\n                <a href=\"https:\/\/t.me\/+_4gTmi5LKo03OTM5\" target=\"_blank\" rel=\"noopener\"><br \/>\n                  <img decoding=\"async\" src=\"https:\/\/diariodobrasilnoticias.com.br\/assets-site\/images\/bot_telegram.png\"\/><\/a>\n              <\/div>\n<\/p><\/div>\n<p>            <!-- end post-navigation --><\/p>\n<p>              <!-- end row --><\/p>\n<p>              <!-- end col-12-->\n                      <\/div>\n<p><br \/>\n<br \/><a href=\"https:\/\/diariodobrasilnoticias.com.br\/noticia\/argentina-retira-delegacao-apos-decisao-de-javier-milei-673511e555a63\">Source link <\/a><\/p>","protected":false},"excerpt":{"rendered":"<p>Divulga\u00e7\u00e3o O presidente da Argentina, Javier Milei, determinou nesta quarta-feira (13) a retirada da delega\u00e7\u00e3o argentina da COP29, a 29\u00aa Confer\u00eancia das Na\u00e7\u00f5es Unidas sobre Mudan\u00e7as Clim\u00e1ticas, que est\u00e1 sendo&hellip;<\/p>","protected":false},"author":1,"featured_media":59133,"comment_status":"closed","ping_status":"open","sticky":false,"template":"","format":"standard","meta":{"content-type":"","footnotes":""},"categories":[16],"tags":[123,2448,5313,1267],"class_list":["post-59132","post","type-post","status-publish","format-standard","has-post-thumbnail","hentry","category-noticias","tag-brasil","tag-diario","tag-noticia","tag-noticias"],"_links":{"self":[{"href":"https:\/\/tvbrazilusa.com\/pt\/wp-json\/wp\/v2\/posts\/59132","targetHints":{"allow":["GET"]}}],"collection":[{"href":"https:\/\/tvbrazilusa.com\/pt\/wp-json\/wp\/v2\/posts"}],"about":[{"href":"https:\/\/tvbrazilusa.com\/pt\/wp-json\/wp\/v2\/types\/post"}],"author":[{"embeddable":true,"href":"https:\/\/tvbrazilusa.com\/pt\/wp-json\/wp\/v2\/users\/1"}],"replies":[{"embeddable":true,"href":"https:\/\/tvbrazilusa.com\/pt\/wp-json\/wp\/v2\/comments?post=59132"}],"version-history":[{"count":1,"href":"https:\/\/tvbrazilusa.com\/pt\/wp-json\/wp\/v2\/posts\/59132\/revisions"}],"predecessor-version":[{"id":59134,"href":"https:\/\/tvbrazilusa.com\/pt\/wp-json\/wp\/v2\/posts\/59132\/revisions\/59134"}],"wp:featuredmedia":[{"embeddable":true,"href":"https:\/\/tvbrazilusa.com\/pt\/wp-json\/wp\/v2\/media\/59133"}],"wp:attachment":[{"href":"https:\/\/tvbrazilusa.com\/pt\/wp-json\/wp\/v2\/media?parent=59132"}],"wp:term":[{"taxonomy":"category","embeddable":true,"href":"https:\/\/tvbrazilusa.com\/pt\/wp-json\/wp\/v2\/categories?post=59132"},{"taxonomy":"post_tag","embeddable":true,"href":"https:\/\/tvbrazilusa.com\/pt\/wp-json\/wp\/v2\/tags?post=59132"}],"curies":[{"name":"wp","href":"https:\/\/api.w.org\/{rel}","templated":true}]}}