{"id":59166,"date":"2024-11-13T23:53:47","date_gmt":"2024-11-13T23:53:47","guid":{"rendered":"https:\/\/tvbrazilusa.com\/2024\/11\/13\/sou-candidato-ate-minha-morte-politica-ser-anunciada-para-valer\/"},"modified":"2024-11-13T23:53:48","modified_gmt":"2024-11-13T23:53:48","slug":"sou-candidato-ate-minha-morte-politica-ser-anunciada-para-valer","status":"publish","type":"post","link":"https:\/\/tvbrazilusa.com\/pt\/2024\/11\/13\/sou-candidato-ate-minha-morte-politica-ser-anunciada-para-valer\/","title":{"rendered":"&#8216;Sou candidato at\u00e9 minha morte pol\u00edtica ser anunciada para valer&#8217;"},"content":{"rendered":"<p> <script async src=\"https:\/\/pagead2.googlesyndication.com\/pagead\/js\/adsbygoogle.js?client=ca-pub-8864793242727901\"\r\n     crossorigin=\"anonymous\"><\/script><br \/>\n<\/p>\n<div id=\"taboola-read-more\" style=\"display:block; width:100%\">\n<p>Em meio a especula\u00e7\u00f5es sobre o nome que o substituiria nas elei\u00e7\u00f5es presidenciais de 2026 caso siga ineleg\u00edvel, o ex-presidente Jair Bolsonaro (PL) se pronunciou garantindo que seguir\u00e1 como candidato at\u00e9 que sua \u201cmorte pol\u00edtica seja anunciada para valer\u201d. O l\u00edder conservador afirma que a palavra \u201ctalvez\u201d n\u00e3o existe em seu vocabul\u00e1rio. As declara\u00e7\u00f5es ocorreram durante entrevista ao portal Metr\u00f3poles.\n<\/p>\n<p>\u2013 A resposta \u00e9 a mesma: essa part\u00edcula \u201cse, caso, talvez\u201d n\u00e3o existe. Eu sou candidato at\u00e9 que a minha morte pol\u00edtica seja anunciada para valer. Eles n\u00e3o t\u00eam argumento para me tirar da pol\u00edtica. A n\u00e3o ser o poder, a for\u00e7a de arbitrariedades contra a minha pessoa. Repito: qual a acusa\u00e7\u00e3o contra mim? Que eu fiz de errado para n\u00e3o disputar uma elei\u00e7\u00e3o? E, se eu sou t\u00e3o mau assim, deixa eu disputar para perder. \u00c9 muito simples. Ou est\u00e3o com medo da minha candidatura? \u2013 indagou.<\/p>\n<p>O l\u00edder conservador afirmou acreditar que reverter\u00e1 sua inelegibilidade na Justi\u00e7a. Entretanto, caso n\u00e3o consiga, recorrer\u00e1 ao Congresso Nacional, onde aliados trabalham em um projeto para isso.\n<\/p>\n<p>\u2013 Um dos pontos de decis\u00e3o \u00e9 o Supremo Tribunal Federal. Eu n\u00e3o quero nem comparar com os casos, porque s\u00e3o casos que n\u00e3o t\u00eam nada a ver com o meu. A Dilma foi cassada. A pena s\u00e3o 8 anos de inelegibilidade. Resolveu-se no pr\u00f3prio Senado, o ministro Lewandowski presidindo a sess\u00e3o, deix\u00e1-la eleg\u00edvel. Tanto \u00e9 que ela disputou em 2018 as elei\u00e7\u00f5es para o Senado \u2013 lembrou.\n<\/p>\n<p>Questionado se acredita que o presidente eleito nos Estados Unidos, Donald Trump, poderia influenciar em seu caso, contribuindo para deix\u00e1-lo eleg\u00edvel, al\u00e9m de intervir em rela\u00e7\u00e3o \u00e0 atua\u00e7\u00e3o do Supremo Tribunal Federal (STF), ele respondeu:\n<\/p>\n<p>\u2013 Eu n\u00e3o tenho essa liberdade toda para conversar com ele [Trump], apesar de conhecer alguns assessores, que est\u00e3o sendo pr\u00e9-anunciados para compor seu gabinete. Mas acredito que ele tenha um interesse enorme no Brasil pelo seu tamanho, pelas suas riquezas, pelo que representa o nosso povo. E como um pa\u00eds que realmente possa aqui, como exemplo, desequilibrar positivamente para a democracia, para a liberdade, toda a Am\u00e9rica do Sul. Ent\u00e3o, ele vai investir no Brasil sim, no meu entender, no tocante a fazer valer os valores do seu povo, que \u00e9 muito semelhante ao nosso. Que, atrav\u00e9s da liberdade de express\u00e3o, n\u00f3s possamos aqui sonhar e n\u00e3o mergulharmos mais ainda numa ditadura que se avizinha \u2013 acrescentou.\n<\/p>\n<p>Fonte: Pleno News              <\/p>\n<\/div>\n<p><br \/>\n<br \/><a href=\"https:\/\/diariodobrasilnoticias.com.br\/noticia\/-sou-candidato-ate-minha-morte-politica-ser-anunciada-para-valer-673514e1bc4a3\">Source link <\/a><\/p>","protected":false},"excerpt":{"rendered":"<p>Em meio a especula\u00e7\u00f5es sobre o nome que o substituiria nas elei\u00e7\u00f5es presidenciais de 2026 caso siga ineleg\u00edvel, o ex-presidente Jair Bolsonaro (PL) se pronunciou garantindo que seguir\u00e1 como candidato&hellip;<\/p>","protected":false},"author":1,"featured_media":59167,"comment_status":"closed","ping_status":"open","sticky":false,"template":"","format":"standard","meta":{"content-type":"","footnotes":""},"categories":[16],"tags":[123,2448,5313,1267],"class_list":["post-59166","post","type-post","status-publish","format-standard","has-post-thumbnail","hentry","category-noticias","tag-brasil","tag-diario","tag-noticia","tag-noticias"],"_links":{"self":[{"href":"https:\/\/tvbrazilusa.com\/pt\/wp-json\/wp\/v2\/posts\/59166","targetHints":{"allow":["GET"]}}],"collection":[{"href":"https:\/\/tvbrazilusa.com\/pt\/wp-json\/wp\/v2\/posts"}],"about":[{"href":"https:\/\/tvbrazilusa.com\/pt\/wp-json\/wp\/v2\/types\/post"}],"author":[{"embeddable":true,"href":"https:\/\/tvbrazilusa.com\/pt\/wp-json\/wp\/v2\/users\/1"}],"replies":[{"embeddable":true,"href":"https:\/\/tvbrazilusa.com\/pt\/wp-json\/wp\/v2\/comments?post=59166"}],"version-history":[{"count":1,"href":"https:\/\/tvbrazilusa.com\/pt\/wp-json\/wp\/v2\/posts\/59166\/revisions"}],"predecessor-version":[{"id":59168,"href":"https:\/\/tvbrazilusa.com\/pt\/wp-json\/wp\/v2\/posts\/59166\/revisions\/59168"}],"wp:featuredmedia":[{"embeddable":true,"href":"https:\/\/tvbrazilusa.com\/pt\/wp-json\/wp\/v2\/media\/59167"}],"wp:attachment":[{"href":"https:\/\/tvbrazilusa.com\/pt\/wp-json\/wp\/v2\/media?parent=59166"}],"wp:term":[{"taxonomy":"category","embeddable":true,"href":"https:\/\/tvbrazilusa.com\/pt\/wp-json\/wp\/v2\/categories?post=59166"},{"taxonomy":"post_tag","embeddable":true,"href":"https:\/\/tvbrazilusa.com\/pt\/wp-json\/wp\/v2\/tags?post=59166"}],"curies":[{"name":"wp","href":"https:\/\/api.w.org\/{rel}","templated":true}]}}