{"id":59169,"date":"2024-11-13T23:49:48","date_gmt":"2024-11-13T23:49:48","guid":{"rendered":"https:\/\/tvbrazilusa.com\/2024\/11\/13\/dr-lorenzo-johnson-um-dos-primeiros-alunos-negros-a-frequentar-a-earlington-heights-elementary-atua-como-diretor-do-dia-wsvn-7news-noticias-de-miami-clima-esportes-fort-lauderdale\/"},"modified":"2024-11-13T23:58:14","modified_gmt":"2024-11-13T23:58:14","slug":"dr-lorenzo-johnson-um-dos-primeiros-alunos-negros-a-frequentar-a-earlington-heights-elementary-atua-como-diretor-do-dia-wsvn-7news-noticias-de-miami-clima-esportes-fort-lauderdale","status":"publish","type":"post","link":"https:\/\/tvbrazilusa.com\/pt\/2024\/11\/13\/dr-lorenzo-johnson-um-dos-primeiros-alunos-negros-a-frequentar-a-earlington-heights-elementary-atua-como-diretor-do-dia-wsvn-7news-noticias-de-miami-clima-esportes-fort-lauderdale\/","title":{"rendered":"Dr. Lorenzo Johnson, um dos primeiros alunos negros a frequentar a Earlington Heights Elementary, atua como diretor do dia &#8211; WSVN 7News | Not\u00edcias de Miami, clima, esportes | Fort Lauderdale"},"content":{"rendered":"<p> <script async src=\"https:\/\/pagead2.googlesyndication.com\/pagead\/js\/adsbygoogle.js?client=ca-pub-8864793242727901\"\r\n     crossorigin=\"anonymous\"><\/script><br \/>\n<\/p>\n<div itemprop=\"articleBody\">\n<p>NOROESTE MIAMI-DADE, FLA. (WSVN) &#8211; Um homem que se tornou um dos primeiros estudantes negros a frequentar uma escola totalmente branca no condado de Miami-Dade foi homenageado de forma especial.<\/p>\n<p>Foi uma explos\u00e3o do passado na Earlington Heights Elementary School, no noroeste de Miami-Dade, na quarta-feira, quando o Dr. Lorenzo Johnson S\u00eanior serviu como diretor durante o dia.<\/p>\n<p>O pastor tem uma liga\u00e7\u00e3o especial com a escola. Em 1961, ele se tornou um dos primeiros estudantes afro-americanos, sinalizando o in\u00edcio do fim da segrega\u00e7\u00e3o ali.<\/p>\n<p>\u201cLembro-me de entrar na escola com muita timidez, mas minha m\u00e3e me incentivou a &#8216;devemos nos divertir&#8217;\u201d, disse ele.<\/p>\n<p>Johnson cumpriu suas fun\u00e7\u00f5es principais e compartilhou sua hist\u00f3ria com os alunos.<\/p>\n<p>Mesmo em tenra idade, Johnson sabia o que aquele momento significava e a tens\u00e3o que trazia.<\/p>\n<p>\u201cEntrando em uma escola s\u00f3 para brancos, e eu sabia que havia alguma resist\u00eancia, voc\u00ea sentiu a resist\u00eancia em um ponto, porque como nos disseram e como vimos as coisas, pudemos vivenciar algumas das coisas que realmente eram. acontecendo em nossa comunidade\u201d, disse ele.<\/p>\n<p>A hist\u00f3ria de Johnson resistiu ao teste do tempo, inspirando o atual diretor da escola, Jackson Nicolas.<\/p>\n<p>\u201cTenho a obriga\u00e7\u00e3o de garantir que sou o melhor exemplo que posso ser para esses alunos, bem como de inspir\u00e1-los a se tornarem cada vez maiores e a continuarem com o legado do pastor Lorenzo Johnson\u201d, disse Nicolas. \u201cEntrar nesta escola em 1961 com imensa e muita press\u00e3o sobre ele.\u201d<\/p>\n<p>Um mural na escola imortaliza uma foto hist\u00f3rica que capturou o momento em que Johnson pisou pela primeira vez na escola prim\u00e1ria Earlington Heights. \u00c9 uma homenagem agora agridoce \u00e0quele dia fat\u00eddico.<\/p>\n<p>\u201cEsse mural traz um pouco de l\u00e1grimas aos meus olhos, mas tamb\u00e9m traz alegria, pelo principal fato de que essa \u00e9 minha m\u00e3e, meu irm\u00e3o e minha irm\u00e3, e todos eles faleceram, e eu sou o \u00fanico naquele mural que est\u00e1 vivo\u201d, disse ele.<\/p>\n<p>N\u00e3o importa o que aconte\u00e7a, disse Johnson, a pe\u00e7a d\u00e1 aos alunos a oportunidade de ver um peda\u00e7o da hist\u00f3ria ganhar vida.<\/p>\n<p>\u201cAgora eles ter\u00e3o a chance de ver que a foto tem algu\u00e9m por tr\u00e1s disso, que \u00e9 ele, e v\u00e3o poder fazer a conex\u00e3o com as grandes coisas que ele fez quando era estudante aqui, com ele sendo um adulto \u201d, disse Nicolas.<\/p>\n<p>\u201c\u00c9 uma oportunidade que viver, enquanto estou vivendo, ter essa oportunidade, porque na maioria das vezes, quando as pessoas colocam murais na parede, \u00e9 depois do fato\u201d, disse Johnson, \u201cmas estou aqui vivendo hoje e sabendo que \u00e9 uma coisa \u00f3tima e uma \u00f3tima sensa\u00e7\u00e3o estar aqui.\u201d<\/p>\n<p>Johnson tamb\u00e9m \u00e9 o fundador da organiza\u00e7\u00e3o Community Youth Against Violence do sul da Fl\u00f3rida. O grupo cria oportunidades positivas e produtivas para os jovens tentarem afast\u00e1-los do crime.<\/p>\n<p><em>Copyright 2024 Sunbeam Television Corp. Todos os direitos reservados. Este material n\u00e3o pode ser publicado, transmitido, reescrito ou redistribu\u00eddo.<\/em><\/p>\n<div class=\"wp-block-newsletter\">\n\t<strong class=\"wp-block-newsletter__title\">Cadastre-se em nosso boletim informativo para receber as \u00faltimas not\u00edcias diretamente em sua caixa de entrada<\/strong><\/p>\n<\/div><\/div>\n<p><br \/>\n<br \/><a href=\"https:\/\/wsvn.com\/news\/local\/miami-dade\/dr-lorenzo-johnson-1-of-first-black-students-to-attend-earlington-heights-elementary-serves-as-principal-for-the-day\/\">Source link <\/a><\/p>","protected":false},"excerpt":{"rendered":"<p>NOROESTE MIAMI-DADE, FLA. (WSVN) &#8211; Um homem que se tornou um dos primeiros estudantes negros a frequentar uma escola totalmente branca no condado de Miami-Dade foi homenageado de forma especial.&hellip;<\/p>","protected":false},"author":1,"featured_media":59170,"comment_status":"closed","ping_status":"open","sticky":false,"template":"","format":"standard","meta":{"content-type":"","footnotes":""},"categories":[1],"tags":[],"class_list":["post-59169","post","type-post","status-publish","format-standard","has-post-thumbnail","hentry","category-uncategorized"],"_links":{"self":[{"href":"https:\/\/tvbrazilusa.com\/pt\/wp-json\/wp\/v2\/posts\/59169","targetHints":{"allow":["GET"]}}],"collection":[{"href":"https:\/\/tvbrazilusa.com\/pt\/wp-json\/wp\/v2\/posts"}],"about":[{"href":"https:\/\/tvbrazilusa.com\/pt\/wp-json\/wp\/v2\/types\/post"}],"author":[{"embeddable":true,"href":"https:\/\/tvbrazilusa.com\/pt\/wp-json\/wp\/v2\/users\/1"}],"replies":[{"embeddable":true,"href":"https:\/\/tvbrazilusa.com\/pt\/wp-json\/wp\/v2\/comments?post=59169"}],"version-history":[{"count":1,"href":"https:\/\/tvbrazilusa.com\/pt\/wp-json\/wp\/v2\/posts\/59169\/revisions"}],"predecessor-version":[{"id":59171,"href":"https:\/\/tvbrazilusa.com\/pt\/wp-json\/wp\/v2\/posts\/59169\/revisions\/59171"}],"wp:featuredmedia":[{"embeddable":true,"href":"https:\/\/tvbrazilusa.com\/pt\/wp-json\/wp\/v2\/media\/59170"}],"wp:attachment":[{"href":"https:\/\/tvbrazilusa.com\/pt\/wp-json\/wp\/v2\/media?parent=59169"}],"wp:term":[{"taxonomy":"category","embeddable":true,"href":"https:\/\/tvbrazilusa.com\/pt\/wp-json\/wp\/v2\/categories?post=59169"},{"taxonomy":"post_tag","embeddable":true,"href":"https:\/\/tvbrazilusa.com\/pt\/wp-json\/wp\/v2\/tags?post=59169"}],"curies":[{"name":"wp","href":"https:\/\/api.w.org\/{rel}","templated":true}]}}