{"id":59172,"date":"2024-11-14T00:05:54","date_gmt":"2024-11-14T00:05:54","guid":{"rendered":"https:\/\/tvbrazilusa.com\/2024\/11\/14\/dolar-volta-a-subir-apos-declaracao-de-haddad-sobre-pacote-fiscal\/"},"modified":"2024-11-14T00:05:55","modified_gmt":"2024-11-14T00:05:55","slug":"dolar-volta-a-subir-apos-declaracao-de-haddad-sobre-pacote-fiscal","status":"publish","type":"post","link":"https:\/\/tvbrazilusa.com\/pt\/2024\/11\/14\/dolar-volta-a-subir-apos-declaracao-de-haddad-sobre-pacote-fiscal\/","title":{"rendered":"D\u00f3lar volta a subir ap\u00f3s declara\u00e7\u00e3o de Haddad sobre pacote fiscal"},"content":{"rendered":"<p> <script async src=\"https:\/\/pagead2.googlesyndication.com\/pagead\/js\/adsbygoogle.js?client=ca-pub-8864793242727901\"\r\n     crossorigin=\"anonymous\"><\/script><br \/>\n<\/p>\n<div id=\"taboola-read-more\" style=\"display:block; width:100%\">\n<p>O d\u00f3lar fechou esta quarta-feira (13\/11) em alta de 0,36%, cotado a R$ 5,79. Na m\u00e1xima do dia, chegou a R$ 5,81. Na semana, a moeda americana acumula alta de 0,57% e, no ano, o ganho chega a 18,90%. A alta segue sendo reflexo da demora do ministro da Fazenda, Fernando Haddad (PT) em apresentar um pacote de cortes de gastos p\u00fablicos, o que dar\u00e1 aos investidores uma vis\u00e3o de que o governo ser\u00e1 capaz de cumprir o arcabou\u00e7o fiscal.\n<\/p>\n<p>Haddad disse a jornalistas que o pacote est\u00e1 pronto, mas que talvez n\u00e3o haja tempo h\u00e1bil para apresenta\u00e7\u00e3o das medidas de revis\u00e3o de gastos p\u00fablicos ainda nesta semana. \u201cHoje ainda n\u00f3s temos uma reuni\u00e3o com o presidente, mas eu n\u00e3o sei se h\u00e1 tempo h\u00e1bil\u201d, afirmou.<\/p>\n<p>\u201cSe o presidente autorizar, anunciamos. Mas o mais importante \u00e9: assim que ele der a autoriza\u00e7\u00e3o, n\u00f3s estamos prontos para dar publicidade aos detalhes\u201d, completou ele.\n<\/p>\n<p>Segundo o ministro, o pacote a ser anunciado j\u00e1 foi apresentado ao presidente da C\u00e2mara, Arthur Lira, e ter\u00e1 como foco a \u201cdin\u00e2mica dos gastos\u201d. Lira, segundo ele, sinalizou que far\u00e1 o esfor\u00e7o necess\u00e1rio para apreciar as medidas.\n<\/p>\n<p>\u201cDei uma vis\u00e3o geral das contas que estar\u00e3o dentro deste conceito. O presidente Lira conhece muito bem o arcabou\u00e7o fiscal, foi negociado com ele, foi praticamente um correlator, e ele sabe que, pela din\u00e2mica das despesas, se n\u00e3o conseguirmos colocar cada rubrica na mesma l\u00f3gica, fica dif\u00edcil sustentar o arcabou\u00e7o no tempo\u201d, disse Haddad.\n<\/p>\n<p>Analistas do mercado tamb\u00e9m voltaram as aten\u00e7\u00f5es para os leil\u00f5es de linha, como s\u00e3o conhecidas as opera\u00e7\u00f5es de venda com compromisso de recompra, feitos pelo Banco Central do Brasil (BC). Foram aceitas 10 propostas em leil\u00f5es de linha, totalizando o valor ofertado de US$ 4 bilh\u00f5es.\n<\/p>\n<p>L\u00e1 fora, nos Estados Unidos, os novos dados de infla\u00e7\u00e3o vieram em linha com o esperado. O \u00cdndice de Pre\u00e7os ao Consumidor teve alta de 0,2% em outubro, mantendo a mesma magnitude de avan\u00e7o do m\u00eas anterior.\n<\/p>\n<p>O Ibovespa, principal \u00edndice acion\u00e1rio da bolsa de valores brasileira, a B3, subia 0,07%, aos 127.793,95 pontos, \u00e0s 17h.\n<\/p>\n<p>Fonte: Metr\u00f3poles              <\/p>\n<\/div>\n<p><br \/>\n<br \/><a href=\"https:\/\/diariodobrasilnoticias.com.br\/noticia\/dolar-sobe-para-r-5-79-apos-declaracao-de-haddad-sobre-pacote-fiscal-673515e982c72\">Source link <\/a><\/p>","protected":false},"excerpt":{"rendered":"<p>O d\u00f3lar fechou esta quarta-feira (13\/11) em alta de 0,36%, cotado a R$ 5,79. Na m\u00e1xima do dia, chegou a R$ 5,81. Na semana, a moeda americana acumula alta de&hellip;<\/p>","protected":false},"author":1,"featured_media":59173,"comment_status":"closed","ping_status":"open","sticky":false,"template":"","format":"standard","meta":{"content-type":"","footnotes":""},"categories":[16],"tags":[123,2448,5313,1267],"class_list":["post-59172","post","type-post","status-publish","format-standard","has-post-thumbnail","hentry","category-noticias","tag-brasil","tag-diario","tag-noticia","tag-noticias"],"_links":{"self":[{"href":"https:\/\/tvbrazilusa.com\/pt\/wp-json\/wp\/v2\/posts\/59172","targetHints":{"allow":["GET"]}}],"collection":[{"href":"https:\/\/tvbrazilusa.com\/pt\/wp-json\/wp\/v2\/posts"}],"about":[{"href":"https:\/\/tvbrazilusa.com\/pt\/wp-json\/wp\/v2\/types\/post"}],"author":[{"embeddable":true,"href":"https:\/\/tvbrazilusa.com\/pt\/wp-json\/wp\/v2\/users\/1"}],"replies":[{"embeddable":true,"href":"https:\/\/tvbrazilusa.com\/pt\/wp-json\/wp\/v2\/comments?post=59172"}],"version-history":[{"count":1,"href":"https:\/\/tvbrazilusa.com\/pt\/wp-json\/wp\/v2\/posts\/59172\/revisions"}],"predecessor-version":[{"id":59174,"href":"https:\/\/tvbrazilusa.com\/pt\/wp-json\/wp\/v2\/posts\/59172\/revisions\/59174"}],"wp:featuredmedia":[{"embeddable":true,"href":"https:\/\/tvbrazilusa.com\/pt\/wp-json\/wp\/v2\/media\/59173"}],"wp:attachment":[{"href":"https:\/\/tvbrazilusa.com\/pt\/wp-json\/wp\/v2\/media?parent=59172"}],"wp:term":[{"taxonomy":"category","embeddable":true,"href":"https:\/\/tvbrazilusa.com\/pt\/wp-json\/wp\/v2\/categories?post=59172"},{"taxonomy":"post_tag","embeddable":true,"href":"https:\/\/tvbrazilusa.com\/pt\/wp-json\/wp\/v2\/tags?post=59172"}],"curies":[{"name":"wp","href":"https:\/\/api.w.org\/{rel}","templated":true}]}}