{"id":59193,"date":"2024-11-14T00:46:03","date_gmt":"2024-11-14T00:46:03","guid":{"rendered":"https:\/\/tvbrazilusa.com\/2024\/11\/14\/senado-adia-a-votacao-do-projeto-que-protege-criancas-no-ambiente-digital\/"},"modified":"2024-11-14T00:46:04","modified_gmt":"2024-11-14T00:46:04","slug":"senado-adia-a-votacao-do-projeto-que-protege-criancas-no-ambiente-digital","status":"publish","type":"post","link":"https:\/\/tvbrazilusa.com\/pt\/2024\/11\/14\/senado-adia-a-votacao-do-projeto-que-protege-criancas-no-ambiente-digital\/","title":{"rendered":"Senado adia a vota\u00e7\u00e3o do projeto que protege crian\u00e7as no ambiente digital"},"content":{"rendered":"<p> <script async src=\"https:\/\/pagead2.googlesyndication.com\/pagead\/js\/adsbygoogle.js?client=ca-pub-8864793242727901\"\r\n     crossorigin=\"anonymous\"><\/script><br \/>\n<\/p>\n<div id=\"taboola-read-more\" style=\"display:block; width:100%\">\n<p>A Comiss\u00e3o de Comunica\u00e7\u00e3o e Direito Digital do Senado Federal (CCDD) adiou nesta quarta-feira (13) a vota\u00e7\u00e3o de projeto de lei que visa proteger crian\u00e7as e adolescentes em ambientes digitais. A medida foi tomada ap\u00f3s pedido de vista concedido ao senador Esperidi\u00e3o Amin (PP-SC).\n<\/p>\n<p>A expectativa \u00e9 de que a mat\u00e9ria volte a ser apreciada em car\u00e1ter terminativo na pr\u00f3xima sess\u00e3o da comiss\u00e3o, dia 27, uma vez que n\u00e3o haver\u00e1 reuni\u00e3o no dia 20, feriado do Dia da Consci\u00eancia Negra.<\/p>\n<p>Diante da demora, foi sugerida por senadores a possibilidade de ser marcada uma sess\u00e3o extraordin\u00e1ria na ter\u00e7a-feira (19), caso seja da vontade do presidente da CCDD, senador Eduardo Gomes (PL-TO).\n<\/p>\n<p>O PL 2.628\/2022 tem como autor o senador Alessandro Vieira (MDB-SE), mas o texto a ser votado ser\u00e1 o substitutivo apresentado e lido hoje relator, senador Fl\u00e1vio Arns (PSB-PR).\n<\/p>\n<p>Durante a sess\u00e3o desta quarta-feira, Vieira cobrou celeridade na aprecia\u00e7\u00e3o do texto, uma vez que a falta de regras mais claras representa riscos para a sociedade, uma vez que coloca em perigo o futuro da popula\u00e7\u00e3o mais jovem do pa\u00eds.\n<\/p>\n<p>\u201cAs empresas n\u00e3o t\u00eam nenhum interesse na prote\u00e7\u00e3o de crian\u00e7as e de adolescentes. O interesse das empresas \u00e9 exclusivamente massificar o lucro. N\u00e3o h\u00e1 nenhuma d\u00favida quanto a isso. Esse projeto coloca o foco necess\u00e1rio para a prote\u00e7\u00e3o das nossas crian\u00e7as\u201d, disse.\n<\/p>\n<p>\u201cNossa sociedade hoje est\u00e1 sendo formada pelas redes sociais e pela tecnologia. Se n\u00e3o tivermos um m\u00ednimo de cautela n\u00e3o teremos um futuro saud\u00e1vel para essas crian\u00e7as\u201d, acrescentou.\n<\/p>\n<p>Prote\u00e7\u00e3o<br \/>Ao defender o seu relat\u00f3rio, Fl\u00e1vio Arns explicou que a ideia do projeto \u00e9 definir obriga\u00e7\u00f5es a provedores e plataformas na internet, de forma a proteger as crian\u00e7as e adolescentes dos riscos da internet e, em especial, das redes sociais.\n<\/p>\n<p>\u201cMas n\u00e3o falamos apenas do TikTok, WhatsApp, YouTube ou streaming. Falamos da prote\u00e7\u00e3o de crian\u00e7as e adolescentes nos ambientes digitais porque, em fun\u00e7\u00e3o da din\u00e2mica [dos aplicativos], h\u00e1, a todo instante, uma novidade\u201d, opinou o senador.\n<\/p>\n<p>O texto do relator prev\u00ea regras e mecanismos de verifica\u00e7\u00e3o de idade dos usu\u00e1rios a serem seguidos pelos provedores de internet que servem de canal para o acesso a aplicativos, redes sociais e sites de entretenimento, vendas e presta\u00e7\u00e3o de servi\u00e7os.\n<\/p>\n<p>Est\u00e3o previstos tamb\u00e9m sistemas de notifica\u00e7\u00e3o e alertas, bem como configura\u00e7\u00f5es mais eficientes para garantir privacidade e prote\u00e7\u00e3o de dados pessoais.\n<\/p>\n<p>Fonte: Blog do BG              <\/p>\n<\/div>\n<p><br \/>\n<br \/><a href=\"https:\/\/diariodobrasilnoticias.com.br\/noticia\/senado-adia-a-votacao-do-projeto-que-protege-criancas-no-ambiente-digital-673517126720f\">Source link <\/a><\/p>","protected":false},"excerpt":{"rendered":"<p>A Comiss\u00e3o de Comunica\u00e7\u00e3o e Direito Digital do Senado Federal (CCDD) adiou nesta quarta-feira (13) a vota\u00e7\u00e3o de projeto de lei que visa proteger crian\u00e7as e adolescentes em ambientes digitais.&hellip;<\/p>","protected":false},"author":1,"featured_media":59194,"comment_status":"closed","ping_status":"open","sticky":false,"template":"","format":"standard","meta":{"content-type":"","footnotes":""},"categories":[16],"tags":[123,2448,5313,1267],"class_list":["post-59193","post","type-post","status-publish","format-standard","has-post-thumbnail","hentry","category-noticias","tag-brasil","tag-diario","tag-noticia","tag-noticias"],"_links":{"self":[{"href":"https:\/\/tvbrazilusa.com\/pt\/wp-json\/wp\/v2\/posts\/59193","targetHints":{"allow":["GET"]}}],"collection":[{"href":"https:\/\/tvbrazilusa.com\/pt\/wp-json\/wp\/v2\/posts"}],"about":[{"href":"https:\/\/tvbrazilusa.com\/pt\/wp-json\/wp\/v2\/types\/post"}],"author":[{"embeddable":true,"href":"https:\/\/tvbrazilusa.com\/pt\/wp-json\/wp\/v2\/users\/1"}],"replies":[{"embeddable":true,"href":"https:\/\/tvbrazilusa.com\/pt\/wp-json\/wp\/v2\/comments?post=59193"}],"version-history":[{"count":1,"href":"https:\/\/tvbrazilusa.com\/pt\/wp-json\/wp\/v2\/posts\/59193\/revisions"}],"predecessor-version":[{"id":59195,"href":"https:\/\/tvbrazilusa.com\/pt\/wp-json\/wp\/v2\/posts\/59193\/revisions\/59195"}],"wp:featuredmedia":[{"embeddable":true,"href":"https:\/\/tvbrazilusa.com\/pt\/wp-json\/wp\/v2\/media\/59194"}],"wp:attachment":[{"href":"https:\/\/tvbrazilusa.com\/pt\/wp-json\/wp\/v2\/media?parent=59193"}],"wp:term":[{"taxonomy":"category","embeddable":true,"href":"https:\/\/tvbrazilusa.com\/pt\/wp-json\/wp\/v2\/categories?post=59193"},{"taxonomy":"post_tag","embeddable":true,"href":"https:\/\/tvbrazilusa.com\/pt\/wp-json\/wp\/v2\/tags?post=59193"}],"curies":[{"name":"wp","href":"https:\/\/api.w.org\/{rel}","templated":true}]}}