{"id":59196,"date":"2024-11-14T00:40:22","date_gmt":"2024-11-14T00:40:22","guid":{"rendered":"https:\/\/tvbrazilusa.com\/2024\/11\/14\/pelo-menos-uma-explosao-fora-do-supremo-tribunal-federal-deixa-um-morto-e-forca-a-evacuacao-wsvn-7news-noticias-de-miami-clima-esportes-fort-lauderdale\/"},"modified":"2024-11-14T00:50:32","modified_gmt":"2024-11-14T00:50:32","slug":"pelo-menos-uma-explosao-fora-do-supremo-tribunal-federal-deixa-um-morto-e-forca-a-evacuacao-wsvn-7news-noticias-de-miami-clima-esportes-fort-lauderdale","status":"publish","type":"post","link":"https:\/\/tvbrazilusa.com\/pt\/2024\/11\/14\/pelo-menos-uma-explosao-fora-do-supremo-tribunal-federal-deixa-um-morto-e-forca-a-evacuacao-wsvn-7news-noticias-de-miami-clima-esportes-fort-lauderdale\/","title":{"rendered":"Pelo menos uma explos\u00e3o fora do Supremo Tribunal Federal deixa um morto e for\u00e7a a evacua\u00e7\u00e3o &#8211; WSVN 7News | Not\u00edcias de Miami, clima, esportes | Fort Lauderdale"},"content":{"rendered":"<p> <script async src=\"https:\/\/pagead2.googlesyndication.com\/pagead\/js\/adsbygoogle.js?client=ca-pub-8864793242727901\"\r\n     crossorigin=\"anonymous\"><\/script><br \/>\n<\/p>\n<div itemprop=\"articleBody\">\n<p>S\u00c3O PAULO (AP) \u2013 Pelo menos uma explos\u00e3o na quarta-feira fora do Supremo Tribunal Federal do Brasil matou um homem e for\u00e7ou os ju\u00edzes e funcion\u00e1rios a evacuar o pr\u00e9dio na capital Bras\u00edlia, disseram a pol\u00edcia e os bombeiros.<\/p>\n<p>Um comunicado da pol\u00edcia disse que um artefato explodiu fora do tribunal, sem fornecer mais detalhes. Os bombeiros locais confirmaram posteriormente que um homem morreu no local, mas n\u00e3o o identificaram.<\/p>\n<p>Os ju\u00edzes e funcion\u00e1rios do tribunal deixaram o pr\u00e9dio em seguran\u00e7a ap\u00f3s o incidente, que ocorreu por volta das 19h30, hor\u00e1rio local, logo ap\u00f3s o t\u00e9rmino da sess\u00e3o de quarta-feira. Jorge Macedo, funcion\u00e1rio do tribunal superior do Brasil, confirmou a evacua\u00e7\u00e3o \u00e0 Associated Press.<\/p>\n<p>A m\u00eddia local mostrou imagens sugerindo duas explos\u00f5es fora da quadra, com 20 segundos entre a primeira e a segunda explos\u00f5es.<\/p>\n<p>O incidente ocorreu na Pra\u00e7a dos Tr\u00eas Poderes, em Bras\u00edlia, \u00e1rea onde est\u00e3o localizados os principais pr\u00e9dios do governo do Brasil.<\/p>\n<p>O presidente Luiz In\u00e1cio Lula da Silva n\u00e3o estava no pal\u00e1cio presidencial vizinho no momento da explos\u00e3o, disse o porta-voz Jos\u00e9 Chrispiniano.<\/p>\n<p>A pol\u00edcia bloqueou todo o acesso \u00e0 \u00e1rea onde est\u00e3o localizados o Supremo Tribunal Federal, o Congresso e o pal\u00e1cio presidencial. O departamento de seguran\u00e7a presidencial estava realizando uma varredura nos arredores do pal\u00e1cio presidencial.<\/p>\n<p>A Pol\u00edcia Federal do Brasil disse que est\u00e1 investigando e n\u00e3o forneceu o motivo.<\/p>\n<p>O Supremo Tribunal Federal tornou-se nos \u00faltimos anos alvo de amea\u00e7as de grupos de extrema direita e apoiadores do ex-presidente Jair Bolsonaro devido \u00e0 sua repress\u00e3o \u00e0 dissemina\u00e7\u00e3o de informa\u00e7\u00f5es falsas.<\/p>\n<p>O ministro Alexandre de Moraes tornou-se alvo de centenas de amea\u00e7as desde que come\u00e7ou a investigar tumultos em pr\u00e9dios do governo em 8 de janeiro de 2023, liderados por apoiadores de Bolsonaro.<\/p>\n<p>Anteriormente, outra explos\u00e3o foi ouvida fora do Congresso brasileiro, mas aparentemente n\u00e3o causou danos.<\/p>\n<p><em>Direitos autorais 2024 da Associated Press. Todos os direitos reservados. Este material n\u00e3o pode ser publicado, transmitido, reescrito ou redistribu\u00eddo.<\/em><\/p>\n<div class=\"wp-block-newsletter\">\n\t<strong class=\"wp-block-newsletter__title\">Cadastre-se em nosso boletim informativo para receber as \u00faltimas not\u00edcias diretamente em sua caixa de entrada<\/strong><\/p>\n<\/div><\/div>\n<p><br \/>\n<br \/><a href=\"https:\/\/wsvn.com\/news\/us-world\/at-least-1-explosion-outside-brazils-supreme-court-leaves-1-dead-forces-evacuation\/\">Source link <\/a><\/p>","protected":false},"excerpt":{"rendered":"<p>S\u00c3O PAULO (AP) \u2013 Pelo menos uma explos\u00e3o na quarta-feira fora do Supremo Tribunal Federal do Brasil matou um homem e for\u00e7ou os ju\u00edzes e funcion\u00e1rios a evacuar o pr\u00e9dio&hellip;<\/p>","protected":false},"author":1,"featured_media":59197,"comment_status":"closed","ping_status":"open","sticky":false,"template":"","format":"standard","meta":{"content-type":"","footnotes":""},"categories":[1],"tags":[],"class_list":["post-59196","post","type-post","status-publish","format-standard","has-post-thumbnail","hentry","category-uncategorized"],"_links":{"self":[{"href":"https:\/\/tvbrazilusa.com\/pt\/wp-json\/wp\/v2\/posts\/59196","targetHints":{"allow":["GET"]}}],"collection":[{"href":"https:\/\/tvbrazilusa.com\/pt\/wp-json\/wp\/v2\/posts"}],"about":[{"href":"https:\/\/tvbrazilusa.com\/pt\/wp-json\/wp\/v2\/types\/post"}],"author":[{"embeddable":true,"href":"https:\/\/tvbrazilusa.com\/pt\/wp-json\/wp\/v2\/users\/1"}],"replies":[{"embeddable":true,"href":"https:\/\/tvbrazilusa.com\/pt\/wp-json\/wp\/v2\/comments?post=59196"}],"version-history":[{"count":1,"href":"https:\/\/tvbrazilusa.com\/pt\/wp-json\/wp\/v2\/posts\/59196\/revisions"}],"predecessor-version":[{"id":59198,"href":"https:\/\/tvbrazilusa.com\/pt\/wp-json\/wp\/v2\/posts\/59196\/revisions\/59198"}],"wp:featuredmedia":[{"embeddable":true,"href":"https:\/\/tvbrazilusa.com\/pt\/wp-json\/wp\/v2\/media\/59197"}],"wp:attachment":[{"href":"https:\/\/tvbrazilusa.com\/pt\/wp-json\/wp\/v2\/media?parent=59196"}],"wp:term":[{"taxonomy":"category","embeddable":true,"href":"https:\/\/tvbrazilusa.com\/pt\/wp-json\/wp\/v2\/categories?post=59196"},{"taxonomy":"post_tag","embeddable":true,"href":"https:\/\/tvbrazilusa.com\/pt\/wp-json\/wp\/v2\/tags?post=59196"}],"curies":[{"name":"wp","href":"https:\/\/api.w.org\/{rel}","templated":true}]}}