{"id":59208,"date":"2024-11-14T00:40:14","date_gmt":"2024-11-14T00:40:14","guid":{"rendered":"https:\/\/tvbrazilusa.com\/2024\/11\/14\/acampamentos-de-sem-teto-agora-ilegais-em-brockton-e-lowell-depois-que-as-cidades-proibiram-acampamentos-ao-ar-livre\/"},"modified":"2024-11-14T01:07:16","modified_gmt":"2024-11-14T01:07:16","slug":"acampamentos-de-sem-teto-agora-ilegais-em-brockton-e-lowell-depois-que-as-cidades-proibiram-acampamentos-ao-ar-livre","status":"publish","type":"post","link":"https:\/\/tvbrazilusa.com\/pt\/2024\/11\/14\/acampamentos-de-sem-teto-agora-ilegais-em-brockton-e-lowell-depois-que-as-cidades-proibiram-acampamentos-ao-ar-livre\/","title":{"rendered":"Acampamentos de sem-teto agora ilegais em Brockton e Lowell depois que as cidades proibiram acampamentos ao ar livre"},"content":{"rendered":"<p> <script async src=\"https:\/\/pagead2.googlesyndication.com\/pagead\/js\/adsbygoogle.js?client=ca-pub-8864793242727901\"\r\n     crossorigin=\"anonymous\"><\/script><br \/>\n<\/p>\n<div id=\"\">\n<header class=\"m-article-header m-article-header--standard\">\n\t\t\t\t\t\t\t\t\t\t\t\t<span id=\"article-header-primary-term\"><br \/>\n\t\t\t\t\t\t\t\t<a class=\"a-term a-term--primary\" href=\"https:\/\/www.boston.com\/tag\/local-news\/\"><\/p>\n<p>\t\t\t\t\t\t\t\tNot\u00edcias locais\t\t\t\t\t\t\t\t<\/a><br \/>\n\t\t\t\t\t\t\t<\/span><\/p>\n<h2 class=\"m-article-header__sub-headline\">As tendas em espa\u00e7os p\u00fablicos ser\u00e3o removidas e, em Brockton, as pessoas sem abrigo poder\u00e3o pagar multas de 200 d\u00f3lares por dia.<\/h2>\n<figure class=\"a-photo m-article-header__photo\"><figcaption class=\"a-photo__caption\">\n<p>\tO parque municipal de Greenfield, que foi parcialmente ocupado pelas tendas de moradores de rua, \u00e9 exibido em 20 de agosto de 2018 em Greenfield, MA. <em> (Matthew Cavanaugh para The Boston Globe)<\/em>\t<\/figcaption><\/figure>\n<\/header>\n<p>As pessoas que vivem em situa\u00e7\u00e3o de sem-abrigo j\u00e1 n\u00e3o poder\u00e3o armar as suas tendas em espa\u00e7os verdes p\u00fablicos em Brockton e Lowell depois da vota\u00e7\u00e3o do conselho municipal na noite de ter\u00e7a-feira.<\/p>\n<p>A C\u00e2mara Municipal de Brockton aprovou a proibi\u00e7\u00e3o de acampar em propriedades p\u00fablicas de 7 a 4 na noite de ter\u00e7a-feira. Lowell aprovou a proibi\u00e7\u00e3o de acampar por 10-1, permitindo que as autoridades removessem as tendas se houvesse outro abrigo dispon\u00edvel.<\/p>\n<p>No in\u00edcio deste ano, a Suprema Corte concedeu \u00e0s cidades o direito de <a href=\"https:\/\/www.bostonglobe.com\/2024\/06\/28\/nation\/supreme-court-homeless-camping\/\">impor proibi\u00e7\u00f5es aos sem-abrigo<\/a> dormir ao ar livre em locais p\u00fablicos. A decis\u00e3o 6-3 de junho concluiu que tais proibi\u00e7\u00f5es n\u00e3o se qualificam como puni\u00e7\u00e3o cruel e incomum para moradores de rua que n\u00e3o t\u00eam outro lugar para ir. A proibi\u00e7\u00e3o de tendas em espa\u00e7os p\u00fablicos j\u00e1 foi aprovada em <a href=\"https:\/\/www.heraldnews.com\/story\/news\/2024\/09\/26\/fall-river-bans-homeless-encampments-how-the-ordinance-works\/75380673007\/\">Rio de queda<\/a>. <\/p>\n<p>Os munic\u00edpios ao redor de Boston t\u00eam lutado com um aumento na popula\u00e7\u00e3o desabrigada e nos acampamentos. <em>O sol de Lowell<\/em> relatado em um <a href=\"https:\/\/www.lowellsun.com\/2023\/12\/08\/23-jump-in-lowells-homeless-population\/\">Aumento de 23 por cento<\/a> no n\u00famero de pessoas desabrigadas no final do ano passado, enquanto um funcion\u00e1rio de Brockton <a href=\"https:\/\/www.youtube.com\/watch?v=cJu3D0zV4WA\">disse aos vereadores<\/a> no m\u00eas passado que havia at\u00e9 300 pessoas desabrigadas na cidade. <\/p>\n<h2 class=\"wp-block-heading\" id=\"h-brockton-will-fine-200-for-camping\">Brockton multar\u00e1 US$ 200 por acampar<\/h2>\n<p>Em Brockton, as pessoas que est\u00e3o acampando em propriedade p\u00fablica podem ser imediatamente removidas se estiverem em uma cal\u00e7ada, estrada, lote ou beco p\u00fablico, em propriedade privada ou se tiverem \u201ccometido um crime sob qualquer autoridade local, estadual ou federal\u201d. lei\u201d, segundo o <a href=\"https:\/\/brockton.ma.us\/wp-content\/uploads\/2024\/08\/Council_Agenda_082624.pdf\">portaria<\/a>. Todos os demais acampamentos receber\u00e3o um aviso com 24 horas de anteced\u00eancia, que inclui informa\u00e7\u00f5es para encontrar abrigo ou servi\u00e7os, para deixar o local.<\/p>\n<p>\u201cNeste momento, nossos moradores ficam com medo quando passam por um acampamento a caminho do trabalho ou a caminho da escola. Os propriet\u00e1rios de empresas t\u00eam-me dito muitas vezes que a quest\u00e3o dos acampamentos no centro da cidade est\u00e1 a afectar os seus neg\u00f3cios\u201d, disse o vereador do distrito 5 de Brockton, Jeffrey Thompson. \u201cEsta portaria n\u00e3o visa uma classe de pessoas. Tem como alvo comportamento ilegal. E ser\u00e1 aplicado de forma humana e respeitosa.\u201d<\/p>\n<p>As pessoas desabrigadas que n\u00e3o cumprirem o aviso de 24 horas ser\u00e3o primeiro removidas e \u201cpodem ser multadas\u201d em US$ 200 pela segunda infra\u00e7\u00e3o e por qualquer infra\u00e7\u00e3o subsequente, de acordo com o decreto de Brockton.<\/p>\n<p>  Jean Bradley Derenoncourt, vereador foragido da cidade de Brockton, foi um dos quatro votos contra o decreto.<\/p>\n<p>\u201cNingu\u00e9m est\u00e1 imune de ficar sem teto. Nenhum de n\u00f3s, e h\u00e1 v\u00e1rios motivos pelos quais algu\u00e9m pode ficar sem teto\u201d, disse Derenoncourt. \u201cN\u00e3o use os sem-abrigo como raz\u00e3o pela qual as pessoas se sentem inseguras. Isso \u00e9 inaceit\u00e1vel, pessoal.\u201d<\/p>\n<p>A C\u00e2mara Municipal tamb\u00e9m aprovou <a href=\"https:\/\/brockton.ma.us\/wp-content\/uploads\/2024\/11\/Council_Agenda_111224.pdf\">portaria<\/a> 9-2 que pro\u00edbe a \u201cvadiagem em locais p\u00fablicos\u201d, o que acarreta uma multa de US$ 50.<\/p>\n<h2 class=\"wp-block-heading\" id=\"h-lowell-s-ban-applies-only-when-there-is-available-shelter-space\">A proibi\u00e7\u00e3o de Lowell se aplica apenas quando h\u00e1 espa\u00e7o dispon\u00edvel para abrigo<\/h2>\n<p>Lowell votou pela proibi\u00e7\u00e3o do acampamento em propriedade p\u00fablica ou em faixa de dom\u00ednio p\u00fablico \u201ca menos que especificamente autorizado ou durante um per\u00edodo em que o abrigo n\u00e3o esteja dispon\u00edvel\u201d, o que \u00e9 definido no <a href=\"https:\/\/www.lowellma.gov\/AgendaCenter\/ViewFile\/Item\/29477?fileID=59581\">portaria<\/a> como uma \u00e9poca em que n\u00e3o h\u00e1 espa\u00e7o de abrigo de emerg\u00eancia dispon\u00edvel para pessoas desabrigadas.<\/p>\n<p>A cidade tamb\u00e9m \u00e9 obrigada a oferecer abrigo e transporte para um abrigo \u00e0s pessoas desabrigadas que s\u00e3o removidas como resultado da proibi\u00e7\u00e3o. A portaria Lowell entra em vigor na pr\u00f3xima semana.<\/p>\n<p>\u201cOuvi pessoas vindo aqui e mencionando algo vergonhoso, cruel, desumano, sem compaix\u00e3o. O que considero pouco compassivo \u00e9 pensar que n\u00e3o h\u00e1 problema em as pessoas dormirem ao ar livre, numa tenda, em meados de fevereiro ou mar\u00e7o, na Nova Inglaterra.\u201d disse a vereadora da cidade de Lowell, Kimberly Scott.  <\/p>\n<p>De acordo com o decreto de Lowell, qualquer pessoa que se recuse a remover o seu acampamento \u201cestar\u00e1 sujeita a penalidades\u201d, mas nenhum valor em d\u00f3lares foi especificado. <\/p>\n<p>A Coliga\u00e7\u00e3o para os Sem-Abrigo de Massachusetts chamou a proibi\u00e7\u00e3o de Brockton de \u201ca criminaliza\u00e7\u00e3o dos sem-abrigo\u201d. Eles incentivaram os residentes a prestar aten\u00e7\u00e3o \u00e0s reuni\u00f5es locais e a falar em audi\u00eancias p\u00fablicas.<\/p>\n<p>\u201cExistem dados fortes e consistentes que mostram que esta abordagem N\u00c3O acaba com os sem-abrigo nem conduz a oportunidades de habita\u00e7\u00e3o para os nossos amigos sem-abrigo\u201d, escreveu a coliga\u00e7\u00e3o no Twitter. <a href=\"https:\/\/www.instagram.com\/p\/DCUQgzFJ6ja\/?locale=dehttps%3A555ten.com%2F%3Fgclid%3DCjwKCAiA85efBhBbEiwAD7oLQD0Yv4VqRr-r7JZQO0urJZYdRtRM6QkTusDKWfLnFFK5MAIkhLUd3BoCBiYQAvD_BwE%3Flocale%3Ddehttps%3A%2F%2F555ten.com%2F%3Fgclid%3DCjwKCAiA85efBhBbEiwAD7oLQD0Yv4VqRr-r7JZQO0urJZYdRtRM6QkTusDKWfLnFFK5MAIkhLUd3BoCBiYQAvD_BwE%3Flocale%3Ddehttps%3A%2F555ten.com%2F%3Fgclid%3DCjwKCAiA85efBhBbEiwAD7oLQD0Yv4VqRr-r7JZQO0urJZYdRtRM6QkTusDKWfLnFFK5MAIkhLUd3BoCBiYQAvD_BwE%3Flocale%3Ddehttps%3A%2F%2F555ten.com%2F%3Fgclid%3DCjwKCAiA85efBhBbEiwAD7oLQD0Yv4VqRr-r7JZQO0urJZYdRtRM6QkTusDKWfLnFFK5MAIkhLUd3BoCBiYQAvD_BwEhttps%3A%2F%2F555ten.com%2F&#038;hl=am-et&#038;img_index=1\">Instagram<\/a>. \u201cInvestir em servi\u00e7os, habita\u00e7\u00e3o acess\u00edvel e nas PESSOAS \u00e9 o que ir\u00e1 prevenir e acabar com os sem-abrigo. Isso est\u00e1 punindo as pessoas que vivem em situa\u00e7\u00e3o de rua por simplesmente existirem em espa\u00e7os p\u00fablicos\u201d.<\/p>\n<div class=\"o-author-single has-avatar\">\n<header class=\"m-author-card\">\n<div class=\"a-image a-image--square m-author-card__image\">\n\t\t<img decoding=\"async\" class=\"\" src=\"https:\/\/www.boston.com\/wp-content\/uploads\/2024\/10\/cropped-molly-farrar-6707200226887-6707200bea6c0-242x242.jpg\" alt=\"Imagem do perfil de Molly Farrar\"\/>\t<\/div>\n<\/header>\n<section class=\"author-info\">\n<hr class=\"m-author__section--hr\"\/>\n<div class=\"m-author__section\">\n<p>Molly Farrar \u00e9 rep\u00f3rter geral do Boston.com, com foco em educa\u00e7\u00e3o, pol\u00edtica, crime e muito mais.<\/p>\n<\/div>\n<hr class=\"m-author__section--hr\"\/>\t<\/section>\n<\/div>\n<div class=\"m-block m-generic-cta\t m-generic-cta--post-content\t m-generic-cta--dark\t m-generic-cta--homepage\t m-generic-cta--email-signup\t\t m-generic-cta-block-style--default \tt-amp__generic-cta\"><\/p>\n<div class=\"m-generic-cta__wrap\">\n<div class=\"m-generic-cta__content\">\n<h3 class=\"m-generic-cta__title\">Boston.com hoje<\/h3>\n<p class=\"m-generic-cta__subtitle\">Inscreva-se para receber as \u00faltimas manchetes em sua caixa de entrada todas as manh\u00e3s.<\/p>\n<\/p><\/div>\n<\/p><\/div>\n<\/div><\/div>\n<p><script>\n\t\tvar consent=\"grant\";\n\t\t\/* The above code is parsing the JSON data from the local storage and storing it in a variable. *\/\n\t\t\t\t\tconst onetrustStorageConsent = JSON.parse(localStorage.getItem( 'consent_one_trust_bdc' ) );\n\t\t\tif ( ( onetrustStorageConsent !== null ) ) {\n\t\t\t\t\/* Checking to see if the user has consented to the use of cookies.\n\t\t\t\t* If they have not, it is deleting the cookie.\n\t\t\t\t* This will comment for now, until further notice.\n\t\t\t\t*\/\n\t\t\t\t\/\/if ( onetrustStorageConsent.C0002 === false ) {\n\t\t\t\t\/\/\tdocument.cookie=\"_fbp=;expires=Thu, 01 Jan 2010 00:00:00 UTC; path=\/; domain=.boston.com\";\n\t\t\t\t\/\/}\n\t\t\t\t\/* Checking if the user has given consent for the cookie C0002.\n\t\t\t\t* If the user has given consent, the variable consent will be set to 'grant'.\n\t\t\t\t* If the user has not given consent,the variable consent will be set to 'revoke'.\n\t\t\t\t* Documentation https:\/\/developers.facebook.com\/docs\/meta-pixel\/implementation\/gdpr\n\t\t\t\t*\/\n\t\t\t\tif ( onetrustStorageConsent.C0002 !== true ) {\n\t\t\t\t\tconsent=\"revoke\";\n\t\t\t\t}\n\t\t\t}\n\t\t\t\t!function(f,b,e,v,n,t,s)\n\t\t{if(f.fbq)return;n=f.fbq=function(){n.callMethod?\n\t\tn.callMethod.apply(n,arguments):n.queue.push(arguments)};\n\t\tif(!f._fbq)f._fbq=n;n.push=n;n.loaded=!0;n.version='2.0';\n\t\tn.queue=[];t=b.createElement(e);t.async=!0;\n\t\tt.src=v;s=b.getElementsByTagName(e)[0];\n\t\ts.parentNode.insertBefore(t,s)}(window, document,'script',\n\t\t'https:\/\/connect.facebook.net\/en_US\/fbevents.js');\n\t\tfbq('consent', consent);\n\t\tfbq('init', '989222871864976');\n\t\tfbq('track', 'PageView');\n\t<\/script><script type=\"module\">\n\t\tvar consent=\"grant\";\n\t\t\/* The above code is parsing the JSON data from the local storage and storing it in a variable. *\/\n\t\t\tconst onetrustStorageConsent = JSON.parse(localStorage.getItem( 'consent_one_trust_bdc' ) );\n\t\t\t\/* Checking to see if the user has consented to the use of cookies.\n\t\t\t* If they have not, it is deleting the cookie.\n\t\t\t* This will comment for now, until further notice.\n\t\t\t*\/\n\t\t\t\/\/if ( onetrustStorageConsent.C0002 === false ) {\n\t\t\t\/\/\tdocument.cookie=\"_fbp=;expires=Thu, 01 Jan 2010 00:00:00 UTC; path=\/; domain=.boston.com\";\n\t\t\t\/\/}\n\t\t\t\/* Checking if the user has given consent for the cookie C0002.\n\t\t\t* If the user has given consent, the variable consent will be set to 'grant'.\n\t\t\t* If the user has not given consent,the variable consent will be set to 'revoke'.\n\t\t\t* Documentation https:\/\/developers.facebook.com\/docs\/meta-pixel\/implementation\/gdpr\n\t\t\t*\/\n\t\t\tif ( ( onetrustStorageConsent !== null ) && (onetrustStorageConsent.C0002 !== true ) ) {\n\t\t\t\tconsent=\"revoke\";\n\t\t\t}\n\t\t\t\t!function(f,b,e,v,n,t,s){if(f.fbq)return;n=f.fbq=function()\n\t\t{n.callMethod? n.callMethod.apply(n,arguments):n.queue.push(arguments)}\n\t\t;if(!f._fbq)f._fbq=n;\n\t\tn.push=n;n.loaded=!0;n.version='2.0';n.queue=[];t=b.createElement(e);t.async=!0;\n\t\tt.src=v;s=b.getElementsByTagName(e)[0];s.parentNode.insertBefore(t,s)}(window,\n\t\tdocument,'script','https:\/\/connect.facebook.net\/en_US\/fbevents.js');\n\t\tfbq('consent', consent);\n\t\tfbq('init', '813236348753005');\n\t\tfbq('track', \"PageView\");\n\t<\/script><script async src=\"\/\/www.instagram.com\/embed.js\"><\/script><br \/>\n<br \/><br \/>\n<br \/><a href=\"https:\/\/www.boston.com\/news\/local-news\/2024\/11\/13\/homeless-encampments-now-illegal-in-brockton-and-lowell-after-cities-ban-outdoor-camping\/\">Source link <\/a><\/p>","protected":false},"excerpt":{"rendered":"<p>Not\u00edcias locais As tendas em espa\u00e7os p\u00fablicos ser\u00e3o removidas e, em Brockton, as pessoas sem abrigo poder\u00e3o pagar multas de 200 d\u00f3lares por dia. O parque municipal de Greenfield, que&hellip;<\/p>","protected":false},"author":1,"featured_media":59209,"comment_status":"closed","ping_status":"open","sticky":false,"template":"","format":"standard","meta":{"content-type":"","footnotes":""},"categories":[1],"tags":[],"class_list":["post-59208","post","type-post","status-publish","format-standard","has-post-thumbnail","hentry","category-uncategorized"],"_links":{"self":[{"href":"https:\/\/tvbrazilusa.com\/pt\/wp-json\/wp\/v2\/posts\/59208","targetHints":{"allow":["GET"]}}],"collection":[{"href":"https:\/\/tvbrazilusa.com\/pt\/wp-json\/wp\/v2\/posts"}],"about":[{"href":"https:\/\/tvbrazilusa.com\/pt\/wp-json\/wp\/v2\/types\/post"}],"author":[{"embeddable":true,"href":"https:\/\/tvbrazilusa.com\/pt\/wp-json\/wp\/v2\/users\/1"}],"replies":[{"embeddable":true,"href":"https:\/\/tvbrazilusa.com\/pt\/wp-json\/wp\/v2\/comments?post=59208"}],"version-history":[{"count":1,"href":"https:\/\/tvbrazilusa.com\/pt\/wp-json\/wp\/v2\/posts\/59208\/revisions"}],"predecessor-version":[{"id":59210,"href":"https:\/\/tvbrazilusa.com\/pt\/wp-json\/wp\/v2\/posts\/59208\/revisions\/59210"}],"wp:featuredmedia":[{"embeddable":true,"href":"https:\/\/tvbrazilusa.com\/pt\/wp-json\/wp\/v2\/media\/59209"}],"wp:attachment":[{"href":"https:\/\/tvbrazilusa.com\/pt\/wp-json\/wp\/v2\/media?parent=59208"}],"wp:term":[{"taxonomy":"category","embeddable":true,"href":"https:\/\/tvbrazilusa.com\/pt\/wp-json\/wp\/v2\/categories?post=59208"},{"taxonomy":"post_tag","embeddable":true,"href":"https:\/\/tvbrazilusa.com\/pt\/wp-json\/wp\/v2\/tags?post=59208"}],"curies":[{"name":"wp","href":"https:\/\/api.w.org\/{rel}","templated":true}]}}