{"id":59211,"date":"2024-11-14T01:13:37","date_gmt":"2024-11-14T01:13:37","guid":{"rendered":"https:\/\/tvbrazilusa.com\/2024\/11\/14\/deputada-erika-hilton-diz-que-vandalismo-as-vezes-resolve\/"},"modified":"2024-11-14T01:13:40","modified_gmt":"2024-11-14T01:13:40","slug":"deputada-erika-hilton-diz-que-vandalismo-as-vezes-resolve","status":"publish","type":"post","link":"https:\/\/tvbrazilusa.com\/pt\/2024\/11\/14\/deputada-erika-hilton-diz-que-vandalismo-as-vezes-resolve\/","title":{"rendered":"Deputada Erika Hilton diz que vandalismo &#8216;\u00e0s vezes resolve&#8217;"},"content":{"rendered":"<p> <script async src=\"https:\/\/pagead2.googlesyndication.com\/pagead\/js\/adsbygoogle.js?client=ca-pub-8864793242727901\"\r\n     crossorigin=\"anonymous\"><\/script><br \/>\n<\/p>\n<div id=\"taboola-read-more\" style=\"display:block; width:100%\">\n<p>A deputada federal Erika Hilton (PSOL-SP) participou nesta ter\u00e7a-feira (12) do evento pelo Dia Nacional de Zumbi e da Consci\u00eancia Negra, que aconteceu no Teatro Rival Petrobras, em Bras\u00edlia. A palestra faz parte da programa\u00e7\u00e3o\u00a0<em>Novembro Negro<\/em>, e a parlamentar foi convidada para palestrar.\n<\/p>\n<p>Durante sua fala, Erika Hilton contou que foi na universidade que teve seu despertar para o ativismo pol\u00edtico e ent\u00e3o defendeu o vandalismo como uma arma de reivindica\u00e7\u00e3o de direitos para grupos como o que ela pertence, j\u00e1 que \u00e9 uma pessoa trans e negra.<\/p>\n<p>Eu me atentei para pol\u00edtica de fato, com este nome, foi na Universidade, no movimento estudantil e, sagitariana que sou, de Ians\u00e3, eu queria o qu\u00ea? Tacar fogo em pneu na rodovia, queria tacar fogo em pr\u00e9dio p\u00fablico, porque eu achava que era assim que as coisas se resolveriam. \u00c0s vezes, resolve \u2013 disse ela.\n<\/p>\n<p>Ao perceber que a fala poderia ser problem\u00e1tica, ela mencionou o STF.\n<\/p>\n<p>\u2013 N\u00e3o estou aqui fazendo nenhum tipo de apologia a nada, sou uma deputada federal eleita. N\u00e3o me convoque, Supremo Tribunal Federal, para dar nenhum tipo de esclarecimento.\n<\/p>\n<p>Hilton acredita que grupos marginalizados desenvolvem uma rela\u00e7\u00e3o de revolta com o \u201csistema\u201d. Ela tamb\u00e9m declarou que entende como leg\u00edtima as manifesta\u00e7\u00f5es com atos de vandalismo, citando novamente o uso do fogo.\n<\/p>\n<p>Fonte: PLeno News              <\/p>\n<\/div>\n<p><br \/>\n<br \/><a href=\"https:\/\/diariodobrasilnoticias.com.br\/noticia\/deputada-erika-hilton-diz-que-vandalismo-as-vezes-resolve-67352811c6d81\">Source link <\/a><\/p>","protected":false},"excerpt":{"rendered":"<p>A deputada federal Erika Hilton (PSOL-SP) participou nesta ter\u00e7a-feira (12) do evento pelo Dia Nacional de Zumbi e da Consci\u00eancia Negra, que aconteceu no Teatro Rival Petrobras, em Bras\u00edlia. A&hellip;<\/p>","protected":false},"author":1,"featured_media":59212,"comment_status":"closed","ping_status":"open","sticky":false,"template":"","format":"standard","meta":{"content-type":"","footnotes":""},"categories":[16],"tags":[123,2448,5313,1267],"class_list":["post-59211","post","type-post","status-publish","format-standard","has-post-thumbnail","hentry","category-noticias","tag-brasil","tag-diario","tag-noticia","tag-noticias"],"_links":{"self":[{"href":"https:\/\/tvbrazilusa.com\/pt\/wp-json\/wp\/v2\/posts\/59211","targetHints":{"allow":["GET"]}}],"collection":[{"href":"https:\/\/tvbrazilusa.com\/pt\/wp-json\/wp\/v2\/posts"}],"about":[{"href":"https:\/\/tvbrazilusa.com\/pt\/wp-json\/wp\/v2\/types\/post"}],"author":[{"embeddable":true,"href":"https:\/\/tvbrazilusa.com\/pt\/wp-json\/wp\/v2\/users\/1"}],"replies":[{"embeddable":true,"href":"https:\/\/tvbrazilusa.com\/pt\/wp-json\/wp\/v2\/comments?post=59211"}],"version-history":[{"count":1,"href":"https:\/\/tvbrazilusa.com\/pt\/wp-json\/wp\/v2\/posts\/59211\/revisions"}],"predecessor-version":[{"id":59213,"href":"https:\/\/tvbrazilusa.com\/pt\/wp-json\/wp\/v2\/posts\/59211\/revisions\/59213"}],"wp:featuredmedia":[{"embeddable":true,"href":"https:\/\/tvbrazilusa.com\/pt\/wp-json\/wp\/v2\/media\/59212"}],"wp:attachment":[{"href":"https:\/\/tvbrazilusa.com\/pt\/wp-json\/wp\/v2\/media?parent=59211"}],"wp:term":[{"taxonomy":"category","embeddable":true,"href":"https:\/\/tvbrazilusa.com\/pt\/wp-json\/wp\/v2\/categories?post=59211"},{"taxonomy":"post_tag","embeddable":true,"href":"https:\/\/tvbrazilusa.com\/pt\/wp-json\/wp\/v2\/tags?post=59211"}],"curies":[{"name":"wp","href":"https:\/\/api.w.org\/{rel}","templated":true}]}}