{"id":59214,"date":"2024-11-14T01:26:13","date_gmt":"2024-11-14T01:26:13","guid":{"rendered":"https:\/\/tvbrazilusa.com\/2024\/11\/14\/volume-de-servicos-fica-164-acima-do-patamar-pre-pandemia-em-setembro\/"},"modified":"2024-11-14T01:26:14","modified_gmt":"2024-11-14T01:26:14","slug":"volume-de-servicos-fica-164-acima-do-patamar-pre-pandemia-em-setembro","status":"publish","type":"post","link":"https:\/\/tvbrazilusa.com\/pt\/2024\/11\/14\/volume-de-servicos-fica-164-acima-do-patamar-pre-pandemia-em-setembro\/","title":{"rendered":"Volume de servi\u00e7os fica 16,4% acima do patamar pr\u00e9-pandemia em setembro"},"content":{"rendered":"<p> <script async src=\"https:\/\/pagead2.googlesyndication.com\/pagead\/js\/adsbygoogle.js?client=ca-pub-8864793242727901\"\r\n     crossorigin=\"anonymous\"><\/script><br \/>\n<\/p>\n<div id=\"taboola-read-more\" style=\"display:block; width:100%\">\n<p>O setor de servi\u00e7os no Brasil registrou crescimento de 1% em setembro comparado a agosto. O volume registrado supera em 16,4% o patamar pr\u00e9-pandemia, de fevereiro de 2020, de acordo com dados do Instituto Brasileiro de Geografia e Estat\u00edstica (IBGE) divulgados nesta quarta-feira, 13.\n<\/p>\n<p>O avan\u00e7o \u00e9 fruto do aumento em quatro dos cinco segmentos analisados, com destaque para os servi\u00e7os profissionais, administrativos e complementares (1,4%) e os de informa\u00e7\u00e3o e comunica\u00e7\u00e3o (1%). Apenas o recorte de \u201coutros servi\u00e7os\u201d recuou, com queda de 0,3%.<\/p>\n<p>A compara\u00e7\u00e3o anual, sem ajuste sazonal, mostrou crescimento de 4% em setembro, e consolida o sexto m\u00eas consecutivo de alta. No acumulado de 2024, o volume de servi\u00e7os teve um incremento de 2,9%, enquanto. J\u00e1 nos \u00faltimos doze meses, a alta acumulada foi de 2,3%, o que representa o maior \u00edndice desde abril de 2024.\n<\/p>\n<p>Setores de destaque<br \/>Ainda na compara\u00e7\u00e3o com setembro de 2023, o setor de informa\u00e7\u00e3o e comunica\u00e7\u00e3o lidera o crescimento, com avan\u00e7o de 9,2% frente a setembro de 2023. Outros setores que se destacaram foram os servi\u00e7os profissionais, administrativos e complementares (6,1%), os servi\u00e7os prestados \u00e0s fam\u00edlias (5,0%) e \u201coutros servi\u00e7os\u201d (4,3%).\n<\/p>\n<p>Em contrapartida, o segmento de transportes, que inclui servi\u00e7os auxiliares e correios, apresentou queda de 1%, pressionado pela retra\u00e7\u00e3o no transporte rodovi\u00e1rio de cargas e no transporte a\u00e9reo de passageiros.\n<\/p>\n<p>Desempenho dos servi\u00e7os por regi\u00e3o<br \/>O volume de servi\u00e7os subiu em 16 dos 27 Estados brasileiros. S\u00e3o Paulo (1%) e Rio de Janeiro (2,6%) foram os destaques no crescimento em setembro no comparativo mensal. Houve avan\u00e7os tamb\u00e9m expressivos no Amazonas (8,2%) e no Distrito Federal (2,5%).\n<\/p>\n<p>J\u00e1 entre os Estados com maior retra\u00e7\u00e3o, est\u00e3o a Bahia (-2,7%), Mato Grosso (-1,8%) e Cear\u00e1 (-2%).\n<\/p>\n<p>J\u00e1 na compara\u00e7\u00e3o ante setembro de 2023, foram 19 os Estados que apresentaram crescimento. A contribui\u00e7\u00e3o positiva mais importante veio de S\u00e3o Paulo (6,9%), seguido por Rio de Janeiro (3,0%), Santa Catarina (8,0%) e Minas Gerais (3,3%).\n<\/p>\n<p>Turismo e transportes<br \/>O \u00edndice de atividades tur\u00edsticas avan\u00e7ou 0,5% em setembro em rela\u00e7\u00e3o a agosto, liderado pelo Rio de Janeiro, com alta de 14,9%, impulsionada pelo Rock in Rio. Em rela\u00e7\u00e3o ao mesmo m\u00eas do ano anterior, o turismo no pa\u00eds cresceu 2,2%, refletindo a maior receita de restaurantes, eventos culturais e transporte a\u00e9reo de passageiros.\n<\/p>\n<p>O segmento de transporte de passageiros cresceu 2,1% em setembro, ficando 0,7% acima do n\u00edvel pr\u00e9-pandemia. J\u00e1 o transporte de cargas apresentou crescimento de 0,4%, mantendo-se 33,2% acima do patamar de fevereiro de 2020, mas ainda 7,2% abaixo do pico da s\u00e9rie, registrado em julho de 2023.\n<\/p>\n<p>Comparado a setembro de 2023, o transporte de passageiros aumentou 3,7%, enquanto o transporte de cargas recuou 4,2%, o que representa o quinto m\u00eas consecutivo de queda.\n<\/p>\n<p>Fonte: Revista Oeste              <\/p>\n<\/div>\n<p><br \/>\n<br \/><a href=\"https:\/\/diariodobrasilnoticias.com.br\/noticia\/volume-de-servicos-fica-16-4-acima-do-patamar-pre-pandemia-em-setembro-67352e7ceae85\">Source link <\/a><\/p>","protected":false},"excerpt":{"rendered":"<p>O setor de servi\u00e7os no Brasil registrou crescimento de 1% em setembro comparado a agosto. O volume registrado supera em 16,4% o patamar pr\u00e9-pandemia, de fevereiro de 2020, de acordo&hellip;<\/p>","protected":false},"author":1,"featured_media":59215,"comment_status":"closed","ping_status":"open","sticky":false,"template":"","format":"standard","meta":{"content-type":"","footnotes":""},"categories":[16],"tags":[123,2448,5313,1267],"class_list":["post-59214","post","type-post","status-publish","format-standard","has-post-thumbnail","hentry","category-noticias","tag-brasil","tag-diario","tag-noticia","tag-noticias"],"_links":{"self":[{"href":"https:\/\/tvbrazilusa.com\/pt\/wp-json\/wp\/v2\/posts\/59214","targetHints":{"allow":["GET"]}}],"collection":[{"href":"https:\/\/tvbrazilusa.com\/pt\/wp-json\/wp\/v2\/posts"}],"about":[{"href":"https:\/\/tvbrazilusa.com\/pt\/wp-json\/wp\/v2\/types\/post"}],"author":[{"embeddable":true,"href":"https:\/\/tvbrazilusa.com\/pt\/wp-json\/wp\/v2\/users\/1"}],"replies":[{"embeddable":true,"href":"https:\/\/tvbrazilusa.com\/pt\/wp-json\/wp\/v2\/comments?post=59214"}],"version-history":[{"count":1,"href":"https:\/\/tvbrazilusa.com\/pt\/wp-json\/wp\/v2\/posts\/59214\/revisions"}],"predecessor-version":[{"id":59216,"href":"https:\/\/tvbrazilusa.com\/pt\/wp-json\/wp\/v2\/posts\/59214\/revisions\/59216"}],"wp:featuredmedia":[{"embeddable":true,"href":"https:\/\/tvbrazilusa.com\/pt\/wp-json\/wp\/v2\/media\/59215"}],"wp:attachment":[{"href":"https:\/\/tvbrazilusa.com\/pt\/wp-json\/wp\/v2\/media?parent=59214"}],"wp:term":[{"taxonomy":"category","embeddable":true,"href":"https:\/\/tvbrazilusa.com\/pt\/wp-json\/wp\/v2\/categories?post=59214"},{"taxonomy":"post_tag","embeddable":true,"href":"https:\/\/tvbrazilusa.com\/pt\/wp-json\/wp\/v2\/tags?post=59214"}],"curies":[{"name":"wp","href":"https:\/\/api.w.org\/{rel}","templated":true}]}}