{"id":59226,"date":"2024-11-14T01:45:12","date_gmt":"2024-11-14T01:45:12","guid":{"rendered":"https:\/\/tvbrazilusa.com\/2024\/11\/14\/prisao-feita-em-missa-ocidental-de-1978-duplo-homicidio\/"},"modified":"2024-11-14T01:58:42","modified_gmt":"2024-11-14T01:58:42","slug":"prisao-feita-em-missa-ocidental-de-1978-duplo-homicidio","status":"publish","type":"post","link":"https:\/\/tvbrazilusa.com\/pt\/2024\/11\/14\/prisao-feita-em-missa-ocidental-de-1978-duplo-homicidio\/","title":{"rendered":"Pris\u00e3o feita em Missa Ocidental de 1978. duplo homic\u00eddio"},"content":{"rendered":"<p> <script async src=\"https:\/\/pagead2.googlesyndication.com\/pagead\/js\/adsbygoogle.js?client=ca-pub-8864793242727901\"\r\n     crossorigin=\"anonymous\"><\/script><br \/>\n<\/p>\n<div id=\"\">\n<header class=\"m-article-header m-article-header--standard\">\n\t\t\t\t\t\t\t\t\t\t\t\t<span id=\"article-header-primary-term\"><br \/>\n\t\t\t\t\t\t\t\t<a class=\"a-term a-term--primary\" href=\"https:\/\/www.boston.com\/tag\/crime\/\"><\/p>\n<p>\t\t\t\t\t\t\t\tCrime\t\t\t\t\t\t\t\t<\/a><br \/>\n\t\t\t\t\t\t\t<\/span><\/p>\n<h2 class=\"m-article-header__sub-headline\">As autoridades prenderam Timothy Scott Joley em rela\u00e7\u00e3o ao assassinato de Theresa Marcoux e Mark Harnish, de 46 anos, em West Springfield.<\/h2>\n<figure class=\"a-photo m-article-header__photo\"><figcaption class=\"a-photo__caption\">\n<p>\tMark Harnish, 20, e Theresa Marcoux, 18, foram encontrados mortos a tiros em West Springfield em 19 de novembro de 1978.<em> Gabinete do Procurador Distrital de Hampden<\/em>\t<\/figcaption><\/figure>\n<\/header>\n<p>As autoridades prenderam um homem por seu suposto envolvimento em um caso arquivado de duplo homic\u00eddio de 46 anos, disseram os promotores. <\/p>\n<p>Em uma entrevista coletiva na quarta-feira, o promotor distrital do condado de Hampden, Anthony Gulluni, nomeou um novo suspeito, Timothy Scott Joley, no assassinato de Theresa Marcoux e Mark Harnish em 1978 em West Springfield.<\/p>\n<p>\u201cEssa busca pela justi\u00e7a nunca \u00e9 f\u00e1cil e \u00e0s vezes percorre um caminho longo e tortuoso\u201d, disse Gullini.<\/p>\n<h2 class=\"wp-block-heading\" id=\"h-71-year-old-allegedly-responsible-for-1978-double-homicide\"><strong>Homem de 71 anos supostamente respons\u00e1vel por duplo homic\u00eddio em 1978<\/strong><\/h2>\n<p>Durante a confer\u00eancia, Gullini descreveu as circunst\u00e2ncias que envolveram o assassinato de d\u00e9cadas.<\/p>\n<p>Na madrugada de 17 de novembro de 1978, um policial em patrulha encontrou uma caminhonete estacionada em uma estrada na Rota 5, disse Gullini. O vidro do motorista do caminh\u00e3o ficou danificado e sangue espalhou-se por todo o ve\u00edculo. O policial encontrou os corpos de Marcoux, de 18 anos, e de Harnish, de 20, fora do caminh\u00e3o. Gullini disse que ambos os corpos tinham v\u00e1rios ferimentos \u00e0 bala.<\/p>\n<p>\u201cQuando os investigadores examinaram a caminhonete, localizaram uma impress\u00e3o digital latente, no que parecia ser sangue, na janela do passageiro da caminhonete\u201d, disse Gullini. <\/p>\n<p>Ele disse que as autoridades inseriram a impress\u00e3o digital em um sistema de processamento forense e a compararam manualmente com mais de 70 mil outras impress\u00f5es digitais conhecidas ao longo das quatro d\u00e9cadas. Em outubro de 2024, disse Gullini, a impress\u00e3o n\u00e3o retornou nenhuma correspond\u00eancia.<\/p>\n<p>\u201cApenas no \u00faltimo m\u00eas, meu escrit\u00f3rio recebeu informa\u00e7\u00f5es de um indiv\u00edduo que forneceu um nome aos investigadores\u201d, disse Gullini. \u201cO nome de Timothy Scott Joley.\u201d<\/p>\n<p>Gullini disse que os investigadores logo descobriram que Joley morava em West Springfield na \u00e9poca do assassinato. Joley tamb\u00e9m teria comprado uma arma Colt cerca de um m\u00eas antes dos assassinatos, disse Gullini. Al\u00e9m disso, Gullini disse que a impress\u00e3o digital que eles tinham em arquivo correspondia \u00e0 que Joley deu quando solicitou uma licen\u00e7a de t\u00e1xi em 2000. <\/p>\n<p>Os promotores acusaram o suspeito de duas acusa\u00e7\u00f5es de homic\u00eddio em 29 de outubro e as autoridades o prenderam no dia seguinte em sua casa em Clearwater, Fl\u00f3rida, disse Gullini. De acordo com Gullini, a aplica\u00e7\u00e3o da lei devolver\u00e1 Joley a Massachusetts nas pr\u00f3ximas semanas para enfrentar acusa\u00e7\u00f5es. <\/p>\n<h2 class=\"wp-block-heading\" id=\"h-victims-remembered-as-a-girl-who-loved-to-laugh-and-a-polite-young-man\"><strong>V\u00edtimas<\/strong> lembrada como uma garota que &#8216;adorava rir&#8217; e um &#8216;jovem educado&#8217;<\/h2>\n<p>Marcoux e Harnish estudaram na East Longmeadow High School, disse Gullini. No momento do assassinato, disse Gullini, Marcoux trabalhava em uma loja de ferragens e Harnish trabalhava em uma oficina mec\u00e2nica.<\/p>\n<p>\u201cTragicamente, suas vidas foram interrompidas por um ato horrendo de viol\u00eancia\u201d, disse Gullini. <\/p>\n<p>Durante a confer\u00eancia, Gullini disse que n\u00e3o h\u00e1 evid\u00eancias que comprovem o motivo ou a rela\u00e7\u00e3o entre Joley e as v\u00edtimas. Agradeceu aos familiares da v\u00edtima, alguns dos quais estavam presentes na confer\u00eancia de imprensa, pela sua \u201cpaci\u00eancia e determina\u00e7\u00e3o\u201d.<\/p>\n<p>\u201cA todas as fam\u00edlias que perderam um ente querido por homic\u00eddio: n\u00e3o esquecemos\u201d, disse. \u201c\u00c9 nossa miss\u00e3o buscar justi\u00e7a para voc\u00ea e seu ente querido perdido. Estamos em sua dor, compartilhamos sua perda e permanecemos incans\u00e1veis \u200b\u200bem nossos esfor\u00e7os para levar os infratores \u00e0 justi\u00e7a.\u201d<\/p>\n<div class=\"o-author-single has-avatar\">\n<header class=\"m-author-card\">\n<div class=\"a-image a-image--square m-author-card__image\">\n\t\t<img decoding=\"async\" class=\"\" src=\"https:\/\/www.boston.com\/wp-content\/uploads\/2024\/10\/cropped-IMG_3991-67074863afa93-670748777d549-242x242.jpg\" alt=\"Imagem do perfil de Eva Levin\"\/>\t<\/div>\n<\/header>\n<section class=\"author-info\">\n<hr class=\"m-author__section--hr\"\/>\n<div class=\"m-author__section\">\n<p>Eva Levin \u00e9 uma cooperativa de tarefas gerais do Boston.com. Ela cobre not\u00edcias locais e de \u00faltima hora em Boston e al\u00e9m.<\/p>\n<\/div>\n<hr class=\"m-author__section--hr\"\/>\t<\/section>\n<\/div>\n<div class=\"m-block m-generic-cta\t m-generic-cta--post-content\t m-generic-cta--dark\t m-generic-cta--homepage\t m-generic-cta--email-signup\t\t m-generic-cta-block-style--default \tt-amp__generic-cta\"><\/p>\n<div class=\"m-generic-cta__wrap\">\n<div class=\"m-generic-cta__content\">\n<h3 class=\"m-generic-cta__title\">Boston.com hoje<\/h3>\n<p class=\"m-generic-cta__subtitle\">Inscreva-se para receber as \u00faltimas manchetes em sua caixa de entrada todas as manh\u00e3s.<\/p>\n<\/p><\/div>\n<\/p><\/div>\n<\/div><\/div>\n<p><script>\n\t\tvar consent=\"grant\";\n\t\t\/* The above code is parsing the JSON data from the local storage and storing it in a variable. *\/\n\t\t\t\t\tconst onetrustStorageConsent = JSON.parse(localStorage.getItem( 'consent_one_trust_bdc' ) );\n\t\t\tif ( ( onetrustStorageConsent !== null ) ) {\n\t\t\t\t\/* Checking to see if the user has consented to the use of cookies.\n\t\t\t\t* If they have not, it is deleting the cookie.\n\t\t\t\t* This will comment for now, until further notice.\n\t\t\t\t*\/\n\t\t\t\t\/\/if ( onetrustStorageConsent.C0002 === false ) {\n\t\t\t\t\/\/\tdocument.cookie=\"_fbp=;expires=Thu, 01 Jan 2010 00:00:00 UTC; path=\/; domain=.boston.com\";\n\t\t\t\t\/\/}\n\t\t\t\t\/* Checking if the user has given consent for the cookie C0002.\n\t\t\t\t* If the user has given consent, the variable consent will be set to 'grant'.\n\t\t\t\t* If the user has not given consent,the variable consent will be set to 'revoke'.\n\t\t\t\t* Documentation https:\/\/developers.facebook.com\/docs\/meta-pixel\/implementation\/gdpr\n\t\t\t\t*\/\n\t\t\t\tif ( onetrustStorageConsent.C0002 !== true ) {\n\t\t\t\t\tconsent=\"revoke\";\n\t\t\t\t}\n\t\t\t}\n\t\t\t\t!function(f,b,e,v,n,t,s)\n\t\t{if(f.fbq)return;n=f.fbq=function(){n.callMethod?\n\t\tn.callMethod.apply(n,arguments):n.queue.push(arguments)};\n\t\tif(!f._fbq)f._fbq=n;n.push=n;n.loaded=!0;n.version='2.0';\n\t\tn.queue=[];t=b.createElement(e);t.async=!0;\n\t\tt.src=v;s=b.getElementsByTagName(e)[0];\n\t\ts.parentNode.insertBefore(t,s)}(window, document,'script',\n\t\t'https:\/\/connect.facebook.net\/en_US\/fbevents.js');\n\t\tfbq('consent', consent);\n\t\tfbq('init', '989222871864976');\n\t\tfbq('track', 'PageView');\n\t<\/script><script type=\"module\">\n\t\tvar consent=\"grant\";\n\t\t\/* The above code is parsing the JSON data from the local storage and storing it in a variable. *\/\n\t\t\tconst onetrustStorageConsent = JSON.parse(localStorage.getItem( 'consent_one_trust_bdc' ) );\n\t\t\t\/* Checking to see if the user has consented to the use of cookies.\n\t\t\t* If they have not, it is deleting the cookie.\n\t\t\t* This will comment for now, until further notice.\n\t\t\t*\/\n\t\t\t\/\/if ( onetrustStorageConsent.C0002 === false ) {\n\t\t\t\/\/\tdocument.cookie=\"_fbp=;expires=Thu, 01 Jan 2010 00:00:00 UTC; path=\/; domain=.boston.com\";\n\t\t\t\/\/}\n\t\t\t\/* Checking if the user has given consent for the cookie C0002.\n\t\t\t* If the user has given consent, the variable consent will be set to 'grant'.\n\t\t\t* If the user has not given consent,the variable consent will be set to 'revoke'.\n\t\t\t* Documentation https:\/\/developers.facebook.com\/docs\/meta-pixel\/implementation\/gdpr\n\t\t\t*\/\n\t\t\tif ( ( onetrustStorageConsent !== null ) && (onetrustStorageConsent.C0002 !== true ) ) {\n\t\t\t\tconsent=\"revoke\";\n\t\t\t}\n\t\t\t\t!function(f,b,e,v,n,t,s){if(f.fbq)return;n=f.fbq=function()\n\t\t{n.callMethod? n.callMethod.apply(n,arguments):n.queue.push(arguments)}\n\t\t;if(!f._fbq)f._fbq=n;\n\t\tn.push=n;n.loaded=!0;n.version='2.0';n.queue=[];t=b.createElement(e);t.async=!0;\n\t\tt.src=v;s=b.getElementsByTagName(e)[0];s.parentNode.insertBefore(t,s)}(window,\n\t\tdocument,'script','https:\/\/connect.facebook.net\/en_US\/fbevents.js');\n\t\tfbq('consent', consent);\n\t\tfbq('init', '813236348753005');\n\t\tfbq('track', \"PageView\");\n\t<\/script><br \/>\n<br \/><br \/>\n<br \/><a href=\"https:\/\/www.boston.com\/news\/crime\/2024\/11\/13\/arrest-made-in-1978-western-mass-murder\/\">Source link <\/a><\/p>","protected":false},"excerpt":{"rendered":"<p>Crime As autoridades prenderam Timothy Scott Joley em rela\u00e7\u00e3o ao assassinato de Theresa Marcoux e Mark Harnish, de 46 anos, em West Springfield. Mark Harnish, 20, e Theresa Marcoux, 18,&hellip;<\/p>","protected":false},"author":1,"featured_media":59227,"comment_status":"closed","ping_status":"open","sticky":false,"template":"","format":"standard","meta":{"content-type":"","footnotes":""},"categories":[1],"tags":[],"class_list":["post-59226","post","type-post","status-publish","format-standard","has-post-thumbnail","hentry","category-uncategorized"],"_links":{"self":[{"href":"https:\/\/tvbrazilusa.com\/pt\/wp-json\/wp\/v2\/posts\/59226","targetHints":{"allow":["GET"]}}],"collection":[{"href":"https:\/\/tvbrazilusa.com\/pt\/wp-json\/wp\/v2\/posts"}],"about":[{"href":"https:\/\/tvbrazilusa.com\/pt\/wp-json\/wp\/v2\/types\/post"}],"author":[{"embeddable":true,"href":"https:\/\/tvbrazilusa.com\/pt\/wp-json\/wp\/v2\/users\/1"}],"replies":[{"embeddable":true,"href":"https:\/\/tvbrazilusa.com\/pt\/wp-json\/wp\/v2\/comments?post=59226"}],"version-history":[{"count":1,"href":"https:\/\/tvbrazilusa.com\/pt\/wp-json\/wp\/v2\/posts\/59226\/revisions"}],"predecessor-version":[{"id":59228,"href":"https:\/\/tvbrazilusa.com\/pt\/wp-json\/wp\/v2\/posts\/59226\/revisions\/59228"}],"wp:featuredmedia":[{"embeddable":true,"href":"https:\/\/tvbrazilusa.com\/pt\/wp-json\/wp\/v2\/media\/59227"}],"wp:attachment":[{"href":"https:\/\/tvbrazilusa.com\/pt\/wp-json\/wp\/v2\/media?parent=59226"}],"wp:term":[{"taxonomy":"category","embeddable":true,"href":"https:\/\/tvbrazilusa.com\/pt\/wp-json\/wp\/v2\/categories?post=59226"},{"taxonomy":"post_tag","embeddable":true,"href":"https:\/\/tvbrazilusa.com\/pt\/wp-json\/wp\/v2\/tags?post=59226"}],"curies":[{"name":"wp","href":"https:\/\/api.w.org\/{rel}","templated":true}]}}