{"id":59294,"date":"2024-11-14T03:55:05","date_gmt":"2024-11-14T03:55:05","guid":{"rendered":"https:\/\/tvbrazilusa.com\/2024\/11\/14\/ator-de-tres-e-demais-revela-diagnostico-de-cancer-agressivo\/"},"modified":"2024-11-14T03:55:07","modified_gmt":"2024-11-14T03:55:07","slug":"ator-de-tres-e-demais-revela-diagnostico-de-cancer-agressivo","status":"publish","type":"post","link":"https:\/\/tvbrazilusa.com\/pt\/2024\/11\/14\/ator-de-tres-e-demais-revela-diagnostico-de-cancer-agressivo\/","title":{"rendered":"Ator de Tr\u00eas \u00e9 Demais revela diagn\u00f3stico de c\u00e2ncer agressivo"},"content":{"rendered":"<p> <script async src=\"https:\/\/pagead2.googlesyndication.com\/pagead\/js\/adsbygoogle.js?client=ca-pub-8864793242727901\"\r\n     crossorigin=\"anonymous\"><\/script><br \/>\n<\/p>\n<div id=\"taboola-read-more\" style=\"display:block; width:100%\">\n<p>Dave Coulier, conhecido por seu papel na s\u00e9rie\u00a0<em>Tr\u00eas \u00c9 Demais<\/em><em>,<\/em>\u00a0anunciou que foi diagnosticado com linfoma n\u00e3o Hodgkin em est\u00e1gio 3. O ator compartilhou detalhes sobre sua condi\u00e7\u00e3o em uma entrevista \u00e0 revista People.\n<\/p>\n<p>Coulier relatou que o diagn\u00f3stico veio em outubro, ap\u00f3s enfrentar uma infec\u00e7\u00e3o respirat\u00f3ria que causou incha\u00e7o em seus g\u00e2nglios linf\u00e1ticos. O r\u00e1pido crescimento do incha\u00e7o, que atingiu o tamanho de uma bola de golfe, levou seu m\u00e9dico a recomendar exames adicionais e uma bi\u00f3psia.<\/p>\n<p>Tr\u00eas dias depois, meus m\u00e9dicos ligaram e disseram: \u201cGostar\u00edamos de ter not\u00edcias melhores, mas voc\u00ea tem linfoma n\u00e3o Hodgkin de c\u00e9lulas B, e ele \u00e9 bastante agressivo\u201d \u2013 compartilhou.\n<\/p>\n<p>Coulier descreveu o choque de passar de um aparente resfriado para um diagn\u00f3stico de c\u00e2ncer. Ap\u00f3s receber a not\u00edcia, o ator e sua equipe m\u00e9dica agiram rapidamente. Duas semanas ap\u00f3s o diagn\u00f3stico, ele iniciou o tratamento de quimioterapia.\n<\/p>\n<p>O LINFOMA N\u00c3O HODGKIN<br \/>O linfoma n\u00e3o Hodgkin (LNH) \u00e9 um tipo de c\u00e2ncer que se origina no sistema linf\u00e1tico, parte importante do sistema imunol\u00f3gico do corpo. Essa doen\u00e7a ocorre quando os linf\u00f3citos, c\u00e9lulas de defesa do organismo, sofrem muta\u00e7\u00f5es gen\u00e9ticas e come\u00e7am a se multiplicar de forma descontrolada.\n<\/p>\n<p>Os sintomas mais comuns s\u00e3o o aumento indolor de g\u00e2nglios superficiais do pesco\u00e7o, axilas e virilha, acompanhado de febre, cansa\u00e7o, suor noturno e perda de peso sem motivo aparente.\n<\/p>\n<p>O diagn\u00f3stico \u00e9 feito por meio de uma bi\u00f3psia de alguma les\u00e3o suspeita. Exames de sangue e de imagem podem ajudar no fechamento do diagn\u00f3stico.\n<\/p>\n<p>O tratamento \u00e9 individualizado para cada paciente, mas, em geral, \u00e9 baseado em quimioterapia, podendo ser associada \u00e0 imunoterapia, radioterapia e transplante de medula \u00f3ssea.\n<\/p>\n<p>Fonte: Pleno News              <\/p>\n<\/div>\n<p><br \/>\n<br \/><a href=\"https:\/\/diariodobrasilnoticias.com.br\/noticia\/ator-de-tres-e-demais-revela-diagnostico-de-cancer-agressivo-6735303c70ee7\">Source link <\/a><\/p>","protected":false},"excerpt":{"rendered":"<p>Dave Coulier, conhecido por seu papel na s\u00e9rie\u00a0Tr\u00eas \u00c9 Demais,\u00a0anunciou que foi diagnosticado com linfoma n\u00e3o Hodgkin em est\u00e1gio 3. O ator compartilhou detalhes sobre sua condi\u00e7\u00e3o em uma entrevista&hellip;<\/p>","protected":false},"author":1,"featured_media":59295,"comment_status":"closed","ping_status":"open","sticky":false,"template":"","format":"standard","meta":{"content-type":"","footnotes":""},"categories":[16],"tags":[123,2448,5313,1267],"class_list":["post-59294","post","type-post","status-publish","format-standard","has-post-thumbnail","hentry","category-noticias","tag-brasil","tag-diario","tag-noticia","tag-noticias"],"_links":{"self":[{"href":"https:\/\/tvbrazilusa.com\/pt\/wp-json\/wp\/v2\/posts\/59294","targetHints":{"allow":["GET"]}}],"collection":[{"href":"https:\/\/tvbrazilusa.com\/pt\/wp-json\/wp\/v2\/posts"}],"about":[{"href":"https:\/\/tvbrazilusa.com\/pt\/wp-json\/wp\/v2\/types\/post"}],"author":[{"embeddable":true,"href":"https:\/\/tvbrazilusa.com\/pt\/wp-json\/wp\/v2\/users\/1"}],"replies":[{"embeddable":true,"href":"https:\/\/tvbrazilusa.com\/pt\/wp-json\/wp\/v2\/comments?post=59294"}],"version-history":[{"count":1,"href":"https:\/\/tvbrazilusa.com\/pt\/wp-json\/wp\/v2\/posts\/59294\/revisions"}],"predecessor-version":[{"id":59296,"href":"https:\/\/tvbrazilusa.com\/pt\/wp-json\/wp\/v2\/posts\/59294\/revisions\/59296"}],"wp:featuredmedia":[{"embeddable":true,"href":"https:\/\/tvbrazilusa.com\/pt\/wp-json\/wp\/v2\/media\/59295"}],"wp:attachment":[{"href":"https:\/\/tvbrazilusa.com\/pt\/wp-json\/wp\/v2\/media?parent=59294"}],"wp:term":[{"taxonomy":"category","embeddable":true,"href":"https:\/\/tvbrazilusa.com\/pt\/wp-json\/wp\/v2\/categories?post=59294"},{"taxonomy":"post_tag","embeddable":true,"href":"https:\/\/tvbrazilusa.com\/pt\/wp-json\/wp\/v2\/tags?post=59294"}],"curies":[{"name":"wp","href":"https:\/\/api.w.org\/{rel}","templated":true}]}}