{"id":59316,"date":"2024-11-14T04:24:52","date_gmt":"2024-11-14T04:24:52","guid":{"rendered":"https:\/\/tvbrazilusa.com\/2024\/11\/14\/terno-verde-com-simbolos-do-baralho-homem-morto-em-brasilia-vestia-referencias-do-coringa\/"},"modified":"2024-11-14T04:24:53","modified_gmt":"2024-11-14T04:24:53","slug":"terno-verde-com-simbolos-do-baralho-homem-morto-em-brasilia-vestia-referencias-do-coringa","status":"publish","type":"post","link":"https:\/\/tvbrazilusa.com\/pt\/2024\/11\/14\/terno-verde-com-simbolos-do-baralho-homem-morto-em-brasilia-vestia-referencias-do-coringa\/","title":{"rendered":"Terno verde com s\u00edmbolos do baralho: homem morto em Bras\u00edlia vestia refer\u00eancias do Coringa"},"content":{"rendered":"<p> <script async src=\"https:\/\/pagead2.googlesyndication.com\/pagead\/js\/adsbygoogle.js?client=ca-pub-8864793242727901\"\r\n     crossorigin=\"anonymous\"><\/script><br \/>\n<br \/>Terno verde com s\u00edmbolos do baralho: homem morto em Bras\u00edlia vestia refer\u00eancias do Coringa<br \/>\n<br \/><br \/>\n<br \/><a href=\"https:\/\/diariodobrasilnoticias.com.br\/noticia\/terno-verde-com-simbolos-do-baralho-homem-morto-em-brasilia-vestia-referencias-do-coringa-67354dc0cd0df\">Source link <\/a><\/p>","protected":false},"excerpt":{"rendered":"<p>Terno verde com s\u00edmbolos do baralho: homem morto em Bras\u00edlia vestia refer\u00eancias do Coringa Source link<\/p>","protected":false},"author":1,"featured_media":59317,"comment_status":"closed","ping_status":"open","sticky":false,"template":"","format":"standard","meta":{"content-type":"","footnotes":""},"categories":[16],"tags":[123,2448,5313,1267],"class_list":["post-59316","post","type-post","status-publish","format-standard","has-post-thumbnail","hentry","category-noticias","tag-brasil","tag-diario","tag-noticia","tag-noticias"],"_links":{"self":[{"href":"https:\/\/tvbrazilusa.com\/pt\/wp-json\/wp\/v2\/posts\/59316","targetHints":{"allow":["GET"]}}],"collection":[{"href":"https:\/\/tvbrazilusa.com\/pt\/wp-json\/wp\/v2\/posts"}],"about":[{"href":"https:\/\/tvbrazilusa.com\/pt\/wp-json\/wp\/v2\/types\/post"}],"author":[{"embeddable":true,"href":"https:\/\/tvbrazilusa.com\/pt\/wp-json\/wp\/v2\/users\/1"}],"replies":[{"embeddable":true,"href":"https:\/\/tvbrazilusa.com\/pt\/wp-json\/wp\/v2\/comments?post=59316"}],"version-history":[{"count":1,"href":"https:\/\/tvbrazilusa.com\/pt\/wp-json\/wp\/v2\/posts\/59316\/revisions"}],"predecessor-version":[{"id":59318,"href":"https:\/\/tvbrazilusa.com\/pt\/wp-json\/wp\/v2\/posts\/59316\/revisions\/59318"}],"wp:featuredmedia":[{"embeddable":true,"href":"https:\/\/tvbrazilusa.com\/pt\/wp-json\/wp\/v2\/media\/59317"}],"wp:attachment":[{"href":"https:\/\/tvbrazilusa.com\/pt\/wp-json\/wp\/v2\/media?parent=59316"}],"wp:term":[{"taxonomy":"category","embeddable":true,"href":"https:\/\/tvbrazilusa.com\/pt\/wp-json\/wp\/v2\/categories?post=59316"},{"taxonomy":"post_tag","embeddable":true,"href":"https:\/\/tvbrazilusa.com\/pt\/wp-json\/wp\/v2\/tags?post=59316"}],"curies":[{"name":"wp","href":"https:\/\/api.w.org\/{rel}","templated":true}]}}