{"id":59358,"date":"2024-11-14T10:37:53","date_gmt":"2024-11-14T10:37:53","guid":{"rendered":"https:\/\/tvbrazilusa.com\/2024\/11\/14\/caiado-afirma-que-as-explosoes-sao-resultado-de-um-governo-fraco-e-apatico\/"},"modified":"2024-11-14T10:37:55","modified_gmt":"2024-11-14T10:37:55","slug":"caiado-afirma-que-as-explosoes-sao-resultado-de-um-governo-fraco-e-apatico","status":"publish","type":"post","link":"https:\/\/tvbrazilusa.com\/pt\/2024\/11\/14\/caiado-afirma-que-as-explosoes-sao-resultado-de-um-governo-fraco-e-apatico\/","title":{"rendered":"Caiado afirma que as explos\u00f5es s\u00e3o resultado de um governo &#8216;fraco e ap\u00e1tico&#8217;"},"content":{"rendered":"<p> <script async src=\"https:\/\/pagead2.googlesyndication.com\/pagead\/js\/adsbygoogle.js?client=ca-pub-8864793242727901\"\r\n     crossorigin=\"anonymous\"><\/script><br \/>\n<\/p>\n<div id=\"taboola-read-more\" style=\"display:block; width:100%\">\n<p>O governador Ronaldo Caiado (Uni\u00e3o-GO), de Goi\u00e1s, afirmou na noite desta quarta (13) que as tr\u00eas explos\u00f5es registradas nas proximidades do Supremo Tribunal Federal (STF) e do Congresso Nacional s\u00e3o o reflexo de um pa\u00eds \u201cque est\u00e1 \u00e0 deriva\u201d e de um governo \u201cfraco e ap\u00e1tico\u201d.\n<\/p>\n<p>Autodeclarado candidato \u00e0 presid\u00eancia em 2026 contra a reelei\u00e7\u00e3o do presidente Luiz In\u00e1cio Lula da Silva (PT), Caiado ainda fez um paralelo entre as explos\u00f5es desta noite e a execu\u00e7\u00e3o de um homem pelo PCC na semana passada no Aeroporto Internacional de S\u00e3o Paulo\/Guarulhos.<\/p>\n<p>\u201cNum dia, faccionados se acham no direito de assassinar \u00e0 luz do dia em pleno Aeroporto Internacional de Guarulhos. Tr\u00eas dias depois, assistimos, incr\u00e9dulos, atentados contra a vida e a ordem, em atos terroristas na Suprema Corte e no Congresso Nacional\u201d, disse nas redes sociais.\n<\/p>\n<p>De acordo com ele, o governo de Lula \u201cse omite\u201d de problemas da sociedade brasileira e \u201cse ajoelha diante do avan\u00e7o do crime organizado e do extremismo\u201d.\n<\/p>\n<p>\u201c\u00c9 preciso agir de forma dura e en\u00e9rgica, sob pena de nos transformarmos num pa\u00eds comandado pelo crime organizado e pela desordem\u201d, pontuou.\n<\/p>\n<p>Ele emendou afirmando que \u201c\u00e9 o que tenho dito h\u00e1 alguns meses: com a falta de comando no pa\u00eds, na aus\u00eancia de um l\u00edder forte, o extremismo e o crime organizado avan\u00e7am\u201d.\n<\/p>\n<p>As explos\u00f5es da noite desta quarta (13) foram vistas por ministros de Lula e aliados da esquerda com ind\u00edcios de motiva\u00e7\u00e3o pol\u00edtica. O presidente n\u00e3o se pronunciou, mas Paulo Pimenta, da Secretaria de Comunica\u00e7\u00e3o (Secom), afirmou que \u201cos ataques \u00e0s institui\u00e7\u00f5es s\u00e3o ataques \u00e0 democracia e ao povo brasileiro\u201d.\n<\/p>\n<p>\u201cCada vez mais, a defesa da democracia, o combate \u00e0 intoler\u00e2ncia e \u00e0 politica de \u00f3dio que contaminou setores da sociedade se tornam fundamentais. N\u00e3o podemos, em hip\u00f3tese nenhuma, naturalizar atos antidemocr\u00e1ticos\u201d, disse.\n<\/p>\n<p>Ele emendou afirmando que \u201cvamos seguir trabalhando pela reconstru\u00e7\u00e3o do nosso pa\u00eds e pela uni\u00e3o do povo brasileiro, todos aqueles que forem contra isso, ser\u00e3o derrotados mais uma vez\u201d.\n<\/p>\n<p>A Pol\u00edcia Federal abriu um inqu\u00e9rito para apurar as explos\u00f5es que vitimaram uma pessoa. Toda a \u00e1rea da Esplanada dos Minist\u00e9rios e dos pr\u00e9dios da Pra\u00e7a dos Tr\u00eas Poderes foi isolada pelas autoridades, que procederam uma varredura em busca de mais artefatos.\n<\/p>\n<p>As explos\u00f5es ocorreram no come\u00e7o da noite quando um homem caminhava com os artefatos pela pra\u00e7a em frente \u00e0 sede do STF. Ele morreu com o estouro de um deles. Um carro no estacionamento da C\u00e2mara tamb\u00e9m teve uma explos\u00e3o.\n<\/p>\n<p>\u201cAo final da sess\u00e3o do STF desta quarta-feira (13), dois fortes estrondos foram ouvidos e os ministros foram retirados do pr\u00e9dio em seguran\u00e7a. Os servidores e colaboradores do edif\u00edcio-sede foram retirados por medida de cautela. Mais informa\u00e7\u00f5es sobre as investiga\u00e7\u00f5es devem aguardar o desenrolar dos fatos. A Seguran\u00e7a do STF colabora com as autoridades policiais do DF\u201d, disse o STF em nota.<\/p>\n<p>Fonte: Gazeta do Povo              <\/p>\n<\/div>\n<p><br \/>\n<br \/><a href=\"https:\/\/diariodobrasilnoticias.com.br\/noticia\/caiado-afirma-que-as-explosoes-sao-resultado-de-um-governo-fraco-e-apatico-6735d0f8adea5\">Source link <\/a><\/p>","protected":false},"excerpt":{"rendered":"<p>O governador Ronaldo Caiado (Uni\u00e3o-GO), de Goi\u00e1s, afirmou na noite desta quarta (13) que as tr\u00eas explos\u00f5es registradas nas proximidades do Supremo Tribunal Federal (STF) e do Congresso Nacional s\u00e3o&hellip;<\/p>","protected":false},"author":1,"featured_media":59359,"comment_status":"closed","ping_status":"open","sticky":false,"template":"","format":"standard","meta":{"content-type":"","footnotes":""},"categories":[16],"tags":[123,2448,5313,1267],"class_list":["post-59358","post","type-post","status-publish","format-standard","has-post-thumbnail","hentry","category-noticias","tag-brasil","tag-diario","tag-noticia","tag-noticias"],"_links":{"self":[{"href":"https:\/\/tvbrazilusa.com\/pt\/wp-json\/wp\/v2\/posts\/59358","targetHints":{"allow":["GET"]}}],"collection":[{"href":"https:\/\/tvbrazilusa.com\/pt\/wp-json\/wp\/v2\/posts"}],"about":[{"href":"https:\/\/tvbrazilusa.com\/pt\/wp-json\/wp\/v2\/types\/post"}],"author":[{"embeddable":true,"href":"https:\/\/tvbrazilusa.com\/pt\/wp-json\/wp\/v2\/users\/1"}],"replies":[{"embeddable":true,"href":"https:\/\/tvbrazilusa.com\/pt\/wp-json\/wp\/v2\/comments?post=59358"}],"version-history":[{"count":1,"href":"https:\/\/tvbrazilusa.com\/pt\/wp-json\/wp\/v2\/posts\/59358\/revisions"}],"predecessor-version":[{"id":59360,"href":"https:\/\/tvbrazilusa.com\/pt\/wp-json\/wp\/v2\/posts\/59358\/revisions\/59360"}],"wp:featuredmedia":[{"embeddable":true,"href":"https:\/\/tvbrazilusa.com\/pt\/wp-json\/wp\/v2\/media\/59359"}],"wp:attachment":[{"href":"https:\/\/tvbrazilusa.com\/pt\/wp-json\/wp\/v2\/media?parent=59358"}],"wp:term":[{"taxonomy":"category","embeddable":true,"href":"https:\/\/tvbrazilusa.com\/pt\/wp-json\/wp\/v2\/categories?post=59358"},{"taxonomy":"post_tag","embeddable":true,"href":"https:\/\/tvbrazilusa.com\/pt\/wp-json\/wp\/v2\/tags?post=59358"}],"curies":[{"name":"wp","href":"https:\/\/api.w.org\/{rel}","templated":true}]}}