{"id":59361,"date":"2024-11-14T10:49:13","date_gmt":"2024-11-14T10:49:13","guid":{"rendered":"https:\/\/tvbrazilusa.com\/2024\/11\/14\/ministro-da-agu-afirmou-que-as-explosoes-foram-ataques-direcionados-ao-stf-e-a-camara\/"},"modified":"2024-11-14T10:49:15","modified_gmt":"2024-11-14T10:49:15","slug":"ministro-da-agu-afirmou-que-as-explosoes-foram-ataques-direcionados-ao-stf-e-a-camara","status":"publish","type":"post","link":"https:\/\/tvbrazilusa.com\/pt\/2024\/11\/14\/ministro-da-agu-afirmou-que-as-explosoes-foram-ataques-direcionados-ao-stf-e-a-camara\/","title":{"rendered":"Ministro da AGU afirmou que as explos\u00f5es foram &#8216;ataques&#8217; direcionados ao STF e \u00e0 C\u00e2mara"},"content":{"rendered":"<p> <script async src=\"https:\/\/pagead2.googlesyndication.com\/pagead\/js\/adsbygoogle.js?client=ca-pub-8864793242727901\"\r\n     crossorigin=\"anonymous\"><\/script><br \/>\n<\/p>\n<div id=\"taboola-read-more\" style=\"display:block; width:100%\">\n<p>O ministro Jorge Messias, da Advocacia-Geral da Uni\u00e3o (AGU), considerou as explos\u00f5es da noite desta quinta (13) como \u201cataques contra o STF e a C\u00e2mara\u201d. Ele se referiu \u00e0s tr\u00eas ocorr\u00eancias registradas em frente \u00e0 sede do Supremo Tribunal Federal (STF), na Pra\u00e7a dos Tr\u00eas Poderes, e em um dos estacionamentos do Congresso Nacional, que vitimaram uma pessoa.\n<\/p>\n<p>\u201cA Pol\u00edcia Federal investigar\u00e1 com rigor e celeridade as explos\u00f5es no per\u00edmetro da pra\u00e7a dos tr\u00eas Poderes. Precisamos saber a motiva\u00e7\u00e3o dos ataques, bem como reestabelecer a paz e a seguran\u00e7a o mais rapidamente poss\u00edvel\u201d, disse nas redes sociais.<\/p>\n<p>Messias foi indicado pelo presidente Luiz In\u00e1cio Lula da Silva (PT) ao cargo. Outros ministros da Esplanada afirmam verem ind\u00edcios de motiva\u00e7\u00e3o pol\u00edtica nas explos\u00f5es, embora a pol\u00edcia ainda n\u00e3o tenha divulgado nenhuma informa\u00e7\u00e3o sobre a motiva\u00e7\u00e3o das explos\u00f5es.\n<\/p>\n<p>O principal deles mais ligado ao presidente, Paulo Pimenta, da Secretaria de Comunica\u00e7\u00e3o Social (Secom), afirmou que \u201cos ataques \u00e0s institui\u00e7\u00f5es s\u00e3o ataques \u00e0 democracia e ao povo brasileiro\u201d.\n<\/p>\n<p>\u201cCada vez mais, a defesa da democracia, o combate \u00e0 intoler\u00e2ncia e \u00e0 politica de \u00f3dio que contaminou setores da sociedade se tornam fundamentais. N\u00e3o podemos, em hip\u00f3tese nenhuma, naturalizar atos antidemocr\u00e1ticos\u201d, disse.\n<\/p>\n<p>Ele emendou afirmando que \u201cvamos seguir trabalhando pela reconstru\u00e7\u00e3o do nosso pa\u00eds e pela uni\u00e3o do povo brasileiro, todos aqueles que forem contra isso, ser\u00e3o derrotados mais uma vez\u201d.\n<\/p>\n<p>Juscelino Filho, das Comunica\u00e7\u00f5es, disse repudiar as explos\u00f5es e que \u00e9 preciso \u201crefor\u00e7ar que n\u00e3o haver\u00e1 toler\u00e2ncia com desrespeito e ataques contra a democracia e nossas institui\u00e7\u00f5es\u201d. \u201cN\u00e3o podemos nos esquecer do pol\u00edtico que promoveu a campanha de \u00f3dio contra o STF\u201d, emendou Paulo Teixeira, do Desenvolvimento Agr\u00e1rio.\n<\/p>\n<p>Um pouco mais cedo, a Pol\u00edcia Federal informou que abriu um inqu\u00e9rito para apurar as tr\u00eas explos\u00f5es que vitimaram uma pessoa.\n<\/p>\n<p>\u201cA Pol\u00edcia Federal investiga as explos\u00f5es ocorridas na noite desta quarta-feira na Pra\u00e7a dos Tr\u00eas Poderes, em Bras\u00edlia. Um inqu\u00e9rito policial ser\u00e1 instaurado para apurar os ataques\u201d, disse a autoridade em nota.\n<\/p>\n<p>Ainda de acordo com a PF, foram acionados policiais do Comando de Opera\u00e7\u00f5es T\u00e1ticas (COT), do Grupo de Pronta-Interven\u00e7\u00e3o da Superintend\u00eancia Regional da PF no Distrito Federal, peritos e o Grupo Antibombas da institui\u00e7\u00e3o para conduzir as a\u00e7\u00f5es iniciais de seguran\u00e7a e an\u00e1lise do local.\n<\/p>\n<p>Toda a \u00e1rea da Esplanada dos Minist\u00e9rios e dos pr\u00e9dios da Pra\u00e7a dos Tr\u00eas Poderes foi isolada pelas autoridades, que procederam uma varredura em busca de mais artefatos.\n<\/p>\n<p>As explos\u00f5es ocorreram no come\u00e7o da noite quando um homem caminhava com os artefatos pela pra\u00e7a em frente \u00e0 sede do STF. Ele morreu com o estouro de um deles. Um carro no estacionamento da C\u00e2mara tamb\u00e9m teve uma explos\u00e3o.\n<\/p>\n<p>\u201cAo final da sess\u00e3o do STF desta quarta-feira (13), dois fortes estrondos foram ouvidos e os ministros foram retirados do pr\u00e9dio em seguran\u00e7a. Os servidores e colaboradores do edif\u00edcio-sede foram retirados por medida de cautela. Mais informa\u00e7\u00f5es sobre as investiga\u00e7\u00f5es devem aguardar o desenrolar dos fatos. A Seguran\u00e7a do STF colabora com as autoridades policiais do DF\u201d, disse o STF em nota.<\/p>\n<p>Fonte: gazeta do Povo              <\/p>\n<\/div>\n<p><br \/>\n<br \/><a href=\"https:\/\/diariodobrasilnoticias.com.br\/noticia\/ministro-da-agu-afirmou-que-as-explosoes-foram-ataques-direcionados-ao-stf-e-a-camara-6735d1a102068\">Source link <\/a><\/p>","protected":false},"excerpt":{"rendered":"<p>O ministro Jorge Messias, da Advocacia-Geral da Uni\u00e3o (AGU), considerou as explos\u00f5es da noite desta quinta (13) como \u201cataques contra o STF e a C\u00e2mara\u201d. Ele se referiu \u00e0s tr\u00eas&hellip;<\/p>","protected":false},"author":1,"featured_media":59362,"comment_status":"closed","ping_status":"open","sticky":false,"template":"","format":"standard","meta":{"content-type":"","footnotes":""},"categories":[16],"tags":[123,2448,5313,1267],"class_list":["post-59361","post","type-post","status-publish","format-standard","has-post-thumbnail","hentry","category-noticias","tag-brasil","tag-diario","tag-noticia","tag-noticias"],"_links":{"self":[{"href":"https:\/\/tvbrazilusa.com\/pt\/wp-json\/wp\/v2\/posts\/59361","targetHints":{"allow":["GET"]}}],"collection":[{"href":"https:\/\/tvbrazilusa.com\/pt\/wp-json\/wp\/v2\/posts"}],"about":[{"href":"https:\/\/tvbrazilusa.com\/pt\/wp-json\/wp\/v2\/types\/post"}],"author":[{"embeddable":true,"href":"https:\/\/tvbrazilusa.com\/pt\/wp-json\/wp\/v2\/users\/1"}],"replies":[{"embeddable":true,"href":"https:\/\/tvbrazilusa.com\/pt\/wp-json\/wp\/v2\/comments?post=59361"}],"version-history":[{"count":1,"href":"https:\/\/tvbrazilusa.com\/pt\/wp-json\/wp\/v2\/posts\/59361\/revisions"}],"predecessor-version":[{"id":59363,"href":"https:\/\/tvbrazilusa.com\/pt\/wp-json\/wp\/v2\/posts\/59361\/revisions\/59363"}],"wp:featuredmedia":[{"embeddable":true,"href":"https:\/\/tvbrazilusa.com\/pt\/wp-json\/wp\/v2\/media\/59362"}],"wp:attachment":[{"href":"https:\/\/tvbrazilusa.com\/pt\/wp-json\/wp\/v2\/media?parent=59361"}],"wp:term":[{"taxonomy":"category","embeddable":true,"href":"https:\/\/tvbrazilusa.com\/pt\/wp-json\/wp\/v2\/categories?post=59361"},{"taxonomy":"post_tag","embeddable":true,"href":"https:\/\/tvbrazilusa.com\/pt\/wp-json\/wp\/v2\/tags?post=59361"}],"curies":[{"name":"wp","href":"https:\/\/api.w.org\/{rel}","templated":true}]}}