{"id":59376,"date":"2024-11-14T11:33:36","date_gmt":"2024-11-14T11:33:36","guid":{"rendered":"https:\/\/tvbrazilusa.com\/2024\/11\/14\/veja-o-que-se-sabe-sobre-o-homem-que-explodiu-bombas-e-morreu-na-frente-do-stf\/"},"modified":"2024-11-14T11:33:37","modified_gmt":"2024-11-14T11:33:37","slug":"veja-o-que-se-sabe-sobre-o-homem-que-explodiu-bombas-e-morreu-na-frente-do-stf","status":"publish","type":"post","link":"https:\/\/tvbrazilusa.com\/pt\/2024\/11\/14\/veja-o-que-se-sabe-sobre-o-homem-que-explodiu-bombas-e-morreu-na-frente-do-stf\/","title":{"rendered":"Veja o que se sabe sobre o homem que explodiu bombas e morreu na frente do STF"},"content":{"rendered":"<p> <script async src=\"https:\/\/pagead2.googlesyndication.com\/pagead\/js\/adsbygoogle.js?client=ca-pub-8864793242727901\"\r\n     crossorigin=\"anonymous\"><\/script><br \/>\n<\/p>\n<div id=\"taboola-read-more\" style=\"display:block; width:100%\">\n<p>De acordo com informa\u00e7\u00f5es passadas \u00e0 imprensa pela Pol\u00edcia Civil do Distrito Federal (PCDF), o homem que explodiu bombas e morreu na Pra\u00e7a dos Tr\u00eas Poderes, em frente ao pr\u00e9dio do Supremo Tribunal Federal (STF), em Bras\u00edlia, tratava-se do chaveiro Francisco Wanderley Luiz, de 59 anos.\n<\/p>\n<p>Foram duas explos\u00f5es por volta das 19h30 da noite desta quarta-feira (13). Segundo o boletim da pol\u00edcia, uma das detona\u00e7\u00f5es veio de um explosivo que estava na mochila de Francisco e foi detonado junto ao seu corpo.<\/p>\n<p>&#8220;A segunda explos\u00e3o, segundo informa\u00e7\u00f5es do momento, ocorreu no local onde um ve\u00edculo estava estacionado, em uma via auxiliar, desconhecida&#8221;, diz o boletim.\n<\/p>\n<p>&#8220;Outros dados a respeito da v\u00edtima foram obtidos, tendo sido poss\u00edvel identificar uma poss\u00edvel motiva\u00e7\u00e3o, tendo em vista o conte\u00fado pol\u00edtico de postagens no perfil de Francisco em suas redes sociais\u201d, continua o documento.\n<\/p>\n<p>Francisco foi candidato a vereador em 2020 pelo PL em Santa Catarina. Ele disputou a elei\u00e7\u00e3o com o nome de urna Tiu Fran\u00e7a, em Rio do Sul (SC), mas n\u00e3o foi eleito. Na \u00e9poca, o presidente Jair Bolsonaro era filiado ao PSL.\n<\/p>\n<p>Roupa usada por Francisco durante as explos\u00f5es fazia poss\u00edvel alus\u00e3o ao personagem Coringa<br \/>De acordo com o andamento das investiga\u00e7\u00f5es, Francisco usava um chap\u00e9u branco e trajava roupas com estampas de baralho, o que seria uma refer\u00eancia \u00e0 fantasia do Coringa, vil\u00e3o de hist\u00f3rias de quadrinhos.\n<\/p>\n<p>Em seu perfil no Facebook, Francisco deixou a seguinte mensagem: &#8220;Vamos jogar??? Pol\u00edcia Federal, voc\u00eas t\u00eam 72 horas para desarmar a bomba que est\u00e1 na casa dos comunistas de merda&#8221;.\n<\/p>\n<p>Francisco visitou o STF e C\u00e2mara antes das explos\u00f5es<br \/>Cerca de dois meses atr\u00e1s, em 24 de agosto, Francisco visitou o pr\u00e9dio do Supremo Tribunal Federal (STF) e publicou uma selfie com a seguinte mensagem: \u201cDeixaram a raposa entrar no galinheiro (chiqueiro) ou n\u00e3o sabem o tamanho das presas ou \u00e9 burrice mesmo\u201d.\n<\/p>\n<p>Mais cedo, na quarta-feira (13), Francisco esteve na C\u00e2mara dos Deputados. Ao entrar, ele informou que pretendia visitar o gabinete do deputado federal catarinense Jorge Goetten (Republicanos).\n<\/p>\n<p>Fran\u00e7a deveria seguir para o anexo 3 para ter acesso ao gabinete, mas desviou para o anexo 4, onde entrou no banheiro e deixou o local em seguida.\n<\/p>\n<p>Ao conversar com o jornal SC em Pauta, Goetten confirmou que conhecia Francisco h\u00e1 muitos anos.\n<\/p>\n<p>\u201cEle esteve aqui neste ano, em agosto. Eu n\u00e3o estava presente, mas o pessoal do gabinete me informou que ele passou a tarde l\u00e1\u201d, relatou.\n<\/p>\n<p>Segundo o deputado, em encontros passados teria notado um comportamento diferente em Francisco, que passava por um processo de div\u00f3rcio.\n<\/p>\n<p>\u201cEle me disse que gostou de Bras\u00edlia, que alugou uma casa em Ceil\u00e2ndia e estava desenvolvendo um projeto social l\u00e1. Achei estranho, pois isso n\u00e3o combinava com ele\u201d, disse o deputado.\n<\/p>\n<p>Sobre a vida profissional de Francisco, Goetten disse que ele atuava com eventos noturnos, conhecido por organizar grandes \u201cbaladas\u201d.\n<\/p>\n<p>\u201cEle teve grandes casas de evento. Era um empres\u00e1rio vision\u00e1rio, bem conhecido e de uma fam\u00edlia muito boa\u201d, disse o deputado.\n<\/p>\n<p>Francisco pediu para que Lula e Bolsonaro deixassem da vida p\u00fablica<br \/>Tamb\u00e9m em seu perfil no Facebook, Francisco deixou uma mensagem pedindo para que o presidente Lula (PT) e o ex-presidente Jair Bolsonaro (PL) se afastassem da vida p\u00fablica. Com o pedido, Francisco queria o fim da polariza\u00e7\u00e3o no Brasil.\n<\/p>\n<p>\u201cEsse \u00e9 o momento de voc\u00eas provarem quem voc\u00eas s\u00e3o. O povo \u00e9 um s\u00f3\u201d, diz um trecho da mensagem publicada por Francisco.<\/p>\n<p>Fonte: Gazeta do Povo              <\/p>\n<\/div>\n<p><br \/>\n<br \/><a href=\"https:\/\/diariodobrasilnoticias.com.br\/noticia\/veja-o-que-se-sabe-sobre-o-homem-que-explodiu-bombas-e-morreu-na-frente-do-stf-6735dd97a1167\">Source link <\/a><\/p>","protected":false},"excerpt":{"rendered":"<p>De acordo com informa\u00e7\u00f5es passadas \u00e0 imprensa pela Pol\u00edcia Civil do Distrito Federal (PCDF), o homem que explodiu bombas e morreu na Pra\u00e7a dos Tr\u00eas Poderes, em frente ao pr\u00e9dio&hellip;<\/p>","protected":false},"author":1,"featured_media":59377,"comment_status":"closed","ping_status":"open","sticky":false,"template":"","format":"standard","meta":{"content-type":"","footnotes":""},"categories":[16],"tags":[123,2448,5313,1267],"class_list":["post-59376","post","type-post","status-publish","format-standard","has-post-thumbnail","hentry","category-noticias","tag-brasil","tag-diario","tag-noticia","tag-noticias"],"_links":{"self":[{"href":"https:\/\/tvbrazilusa.com\/pt\/wp-json\/wp\/v2\/posts\/59376","targetHints":{"allow":["GET"]}}],"collection":[{"href":"https:\/\/tvbrazilusa.com\/pt\/wp-json\/wp\/v2\/posts"}],"about":[{"href":"https:\/\/tvbrazilusa.com\/pt\/wp-json\/wp\/v2\/types\/post"}],"author":[{"embeddable":true,"href":"https:\/\/tvbrazilusa.com\/pt\/wp-json\/wp\/v2\/users\/1"}],"replies":[{"embeddable":true,"href":"https:\/\/tvbrazilusa.com\/pt\/wp-json\/wp\/v2\/comments?post=59376"}],"version-history":[{"count":1,"href":"https:\/\/tvbrazilusa.com\/pt\/wp-json\/wp\/v2\/posts\/59376\/revisions"}],"predecessor-version":[{"id":59378,"href":"https:\/\/tvbrazilusa.com\/pt\/wp-json\/wp\/v2\/posts\/59376\/revisions\/59378"}],"wp:featuredmedia":[{"embeddable":true,"href":"https:\/\/tvbrazilusa.com\/pt\/wp-json\/wp\/v2\/media\/59377"}],"wp:attachment":[{"href":"https:\/\/tvbrazilusa.com\/pt\/wp-json\/wp\/v2\/media?parent=59376"}],"wp:term":[{"taxonomy":"category","embeddable":true,"href":"https:\/\/tvbrazilusa.com\/pt\/wp-json\/wp\/v2\/categories?post=59376"},{"taxonomy":"post_tag","embeddable":true,"href":"https:\/\/tvbrazilusa.com\/pt\/wp-json\/wp\/v2\/tags?post=59376"}],"curies":[{"name":"wp","href":"https:\/\/api.w.org\/{rel}","templated":true}]}}